{"id":78602,"date":"2024-01-09T16:44:42","date_gmt":"2024-01-09T19:44:42","guid":{"rendered":"https:\/\/blogdoeloiltoncajuhy.com.br\/site\/?p=78602"},"modified":"2024-01-09T16:44:44","modified_gmt":"2024-01-09T19:44:44","slug":"2023-foi-o-ano-mais-quente-ja-registrado-no-brasil","status":"publish","type":"post","link":"https:\/\/blogdoeloiltoncajuhy.com.br\/site\/2023-foi-o-ano-mais-quente-ja-registrado-no-brasil\/","title":{"rendered":"2023 foi o ano mais quente j\u00e1 registrado no Brasil"},"content":{"rendered":"\n<p class=\"has-text-align-center has-medium-font-size\"><strong>M\u00e9dia verificada pelo Inmet chegou a 24,92\u00b0C, acima de 2015 e 2019.<\/strong><\/p>\n\n\n\n<p><strong>Folha de S.Paulo<\/strong><\/p>\n\n\n\n<figure class=\"wp-block-image aligncenter size-full is-resized\"><a href=\"https:\/\/i0.wp.com\/blogdoeloiltoncajuhy.com.br\/site\/wp-content\/uploads\/2024\/01\/terracolapso.jpg?ssl=1\"><img data-recalc-dims=\"1\" fetchpriority=\"high\" decoding=\"async\" width=\"800\" height=\"533\" src=\"https:\/\/i0.wp.com\/blogdoeloiltoncajuhy.com.br\/site\/wp-content\/uploads\/2024\/01\/terracolapso.jpg?resize=800%2C533&#038;ssl=1\" alt=\"\" class=\"wp-image-78603\" style=\"width:744px;height:auto\" srcset=\"https:\/\/i0.wp.com\/blogdoeloiltoncajuhy.com.br\/site\/wp-content\/uploads\/2024\/01\/terracolapso.jpg?w=900&amp;ssl=1 900w, https:\/\/i0.wp.com\/blogdoeloiltoncajuhy.com.br\/site\/wp-content\/uploads\/2024\/01\/terracolapso.jpg?resize=300%2C200&amp;ssl=1 300w, https:\/\/i0.wp.com\/blogdoeloiltoncajuhy.com.br\/site\/wp-content\/uploads\/2024\/01\/terracolapso.jpg?resize=768%2C512&amp;ssl=1 768w\" sizes=\"(max-width: 800px) 100vw, 800px\" \/><\/a><figcaption class=\"wp-element-caption\"><sub>Reprodu\u00e7\u00e3o<\/sub><\/figcaption><\/figure>\n\n\n\n<p>O ano de 2023 foi o mais quente j\u00e1 registrado no Brasil, segundo o Instituto Nacional de Meteorologia (Inmet). De acordo com o \u00f3rg\u00e3o oficial da previs\u00e3o do tempo no pa\u00eds, a m\u00e9dia do ano passado chegou a 24,92\u00b0C, superando 2015 e 2019.<\/p>\n\n\n\n<p>A m\u00e9dia de temperatura do Brasil \u00e9 24,23\u00b0C, segundo a s\u00e9rie hist\u00f3rica do instituto, iniciada em 1961. Tamb\u00e9m no ano passado foi registrada a m\u00e1xima hist\u00f3rica do pa\u00eds, de 44,8\u00b0C, em Ara\u00e7ua\u00ed, Minas Gerais. A marca foi atingida em novembro, no \u00faltimo dia da oitava onda de calor a atingir o Brasil em 2023.<\/p>\n\n\n\n<p>O ano passado foi marcado por extremos de chuva, como em S\u00e3o Sebasti\u00e3o, no litoral norte de S\u00e3o Paulo, secas hist\u00f3ricas na Amaz\u00f4nia e sucessivas ondas de calor, que podem dar o tom do ver\u00e3o em parte do pa\u00eds neste ano.<\/p>\n\n\n\n<p>A situa\u00e7\u00e3o, no entanto, n\u00e3o \u00e9 restrita ao Brasil. O observat\u00f3rio Copernicus, da Ag\u00eancia Espacial Europeia, afirmou nesta ter\u00e7a-feira (9) que 2023 foi o ano mais quente desde o come\u00e7o da s\u00e9rie hist\u00f3rica, em 1850.<\/p>\n\n\n\n<p>Com temperaturas excepcionalmente altas em diversos pontos do planeta, inclusive nos oceanos, o ano passado registrou m\u00e9dia global de 14,98\u00b0C, superando em 0,17\u00b0C o recordista anterior, 2016.<\/p>\n\n\n\n<p>O ano passado foi tamb\u00e9m o primeiro em que todos os dias superaram em 1\u00b0C os n\u00edveis pr\u00e9-industriais (1850-1900). Em novembro, pela primeira vez na s\u00e9ria hist\u00f3rica, houve dois dias em que os valores foram superiores em 2\u00baC.<\/p>\n\n\n\n<p>Com meses de temperaturas muito mais altas do que a m\u00e9dia, antes mesmo de dezembro chegar, pesquisadores j\u00e1 vinham apontando que 2023 seria o mais quente dos \u00faltimos 125 mil anos.<\/p>\n\n\n\n<p>Com registros nas tr\u00eas primeiras semanas daquele m\u00eas cerca de 1\u00b0C acima da m\u00e9dia hist\u00f3rica para o per\u00edodo, as previs\u00f5es ganharam mais for\u00e7a.<\/p>\n\n\n\n<p class=\"has-black-color has-text-color has-link-color wp-elements-3c6c6242a39e58881e3a72c49dde60ea\"><strong>Anos mais quentes desde 1961<\/strong><br>Em \u00baC<\/p>\n\n\n\n<figure class=\"wp-block-table\"><table><thead><tr><th>Anos<\/th><th>Temperatura Observada<\/th><th>M\u00e9dia Hist\u00f3rica<\/th><th>Diferen\u00e7a<\/th><\/tr><\/thead><tbody><tr><td>2023<\/td><td>24,92<\/td><td>24,23<\/td><td>0,69<\/td><\/tr><tr><td>2015<\/td><td>24,89<\/td><td>24,23<\/td><td>0,67<\/td><\/tr><tr><td>2019<\/td><td>24,83<\/td><td>24,23<\/td><td>0,61<\/td><\/tr><\/tbody><\/table><figcaption class=\"wp-element-caption\"><sub>Fonte: Instituto Nacional de Meteorologia (Inmet)<\/sub><\/figcaption><\/figure>\n\n\n\n<p>Al\u00e9m disso, uma an\u00e1lise publicada no final de novembro pela Organiza\u00e7\u00e3o Meteorol\u00f3gica Mundial (OMM) indicava que o ano atual deveria registrar uma m\u00e9dia de temperatura 1,4\u00b0C acima dos n\u00edveis pr\u00e9-industriais \u2013 somando-se a &#8220;uma cacofonia ensurdecedora&#8221; de recordes clim\u00e1ticos quebrados.<\/p>\n\n\n\n<p class=\"has-black-color has-text-color has-link-color has-medium-font-size wp-elements-fac943832da6f4351e42c7fe2cb50dfb\"><strong>2024 pode ser um dos anos mais quentes da hist\u00f3ria<\/strong><\/p>\n\n\n\n<p>A combina\u00e7\u00e3o de oceanos e planeta mais quentes com os efeitos do El Ni\u00f1o pode causar ondas de calor e poss\u00edveis recordes de temperatura neste ver\u00e3o. \u00c9 nessa toada que seguir\u00e1 o clima no primeiro de 2024 no Brasil, cada vez mais sujeito a efeitos da mudan\u00e7a clim\u00e1tica.<\/p>\n\n\n\n<p>Embora as an\u00e1lises meteorol\u00f3gicas n\u00e3o tenham alcance para al\u00e9m do primeiro semestre, a chance de um arrefecimento do El Ni\u00f1o, caracterizado pelo aquecimento acima da m\u00e9dia das \u00e1guas do oceano Pac\u00edfico equatorial, poderia ajudar numa tr\u00e9gua.<\/p>\n","protected":false},"excerpt":{"rendered":"<p>M\u00e9dia verificada pelo Inmet chegou a 24,92\u00b0C, acima de 2015 e 2019. Folha de S.Paulo O ano de 2023 foi o mais quente j\u00e1 registrado no Brasil, segundo o Instituto Nacional de Meteorologia (Inmet). De acordo com o \u00f3rg\u00e3o oficial da previs\u00e3o do tempo no pa\u00eds, a m\u00e9dia do ano passado chegou a 24,92\u00b0C, superando [&hellip;]<\/p>\n","protected":false},"author":2,"featured_media":78603,"comment_status":"open","ping_status":"open","sticky":false,"template":"","format":"standard","meta":{"_acf_changed":false,"_monsterinsights_skip_tracking":false,"_monsterinsights_sitenote_active":false,"_monsterinsights_sitenote_note":"","_monsterinsights_sitenote_category":0,"_jetpack_memberships_contains_paid_content":false,"footnotes":"","jetpack_publicize_message":"","jetpack_publicize_feature_enabled":true,"jetpack_social_post_already_shared":true,"jetpack_social_options":{"image_generator_settings":{"template":"highway","default_image_id":0,"font":"","enabled":false},"version":2}},"categories":[5],"tags":[],"class_list":["post-78602","post","type-post","status-publish","format-standard","has-post-thumbnail","hentry","category-cotidiano"],"acf":[],"jetpack_publicize_connections":[],"jetpack_featured_media_url":"https:\/\/i0.wp.com\/blogdoeloiltoncajuhy.com.br\/site\/wp-content\/uploads\/2024\/01\/terracolapso.jpg?fit=900%2C600&ssl=1","jetpack_sharing_enabled":true,"publishpress_future_workflow_manual_trigger":{"enabledWorkflows":[]},"_links":{"self":[{"href":"https:\/\/blogdoeloiltoncajuhy.com.br\/site\/wp-json\/wp\/v2\/posts\/78602","targetHints":{"allow":["GET"]}}],"collection":[{"href":"https:\/\/blogdoeloiltoncajuhy.com.br\/site\/wp-json\/wp\/v2\/posts"}],"about":[{"href":"https:\/\/blogdoeloiltoncajuhy.com.br\/site\/wp-json\/wp\/v2\/types\/post"}],"author":[{"embeddable":true,"href":"https:\/\/blogdoeloiltoncajuhy.com.br\/site\/wp-json\/wp\/v2\/users\/2"}],"replies":[{"embeddable":true,"href":"https:\/\/blogdoeloiltoncajuhy.com.br\/site\/wp-json\/wp\/v2\/comments?post=78602"}],"version-history":[{"count":1,"href":"https:\/\/blogdoeloiltoncajuhy.com.br\/site\/wp-json\/wp\/v2\/posts\/78602\/revisions"}],"predecessor-version":[{"id":78604,"href":"https:\/\/blogdoeloiltoncajuhy.com.br\/site\/wp-json\/wp\/v2\/posts\/78602\/revisions\/78604"}],"wp:featuredmedia":[{"embeddable":true,"href":"https:\/\/blogdoeloiltoncajuhy.com.br\/site\/wp-json\/wp\/v2\/media\/78603"}],"wp:attachment":[{"href":"https:\/\/blogdoeloiltoncajuhy.com.br\/site\/wp-json\/wp\/v2\/media?parent=78602"}],"wp:term":[{"taxonomy":"category","embeddable":true,"href":"https:\/\/blogdoeloiltoncajuhy.com.br\/site\/wp-json\/wp\/v2\/categories?post=78602"},{"taxonomy":"post_tag","embeddable":true,"href":"https:\/\/blogdoeloiltoncajuhy.com.br\/site\/wp-json\/wp\/v2\/tags?post=78602"}],"curies":[{"name":"wp","href":"https:\/\/api.w.org\/{rel}","templated":true}]}}