{"id":78595,"date":"2024-01-09T09:59:45","date_gmt":"2024-01-09T12:59:45","guid":{"rendered":"https:\/\/blogdoeloiltoncajuhy.com.br\/site\/?p=78595"},"modified":"2024-01-09T09:59:48","modified_gmt":"2024-01-09T12:59:48","slug":"salvador-pt-reforca-apoio-a-geraldo-junior","status":"publish","type":"post","link":"https:\/\/blogdoeloiltoncajuhy.com.br\/site\/salvador-pt-reforca-apoio-a-geraldo-junior\/","title":{"rendered":"Salvador: PT refor\u00e7a apoio a Geraldo J\u00fanior"},"content":{"rendered":"\n<p class=\"has-medium-font-size\"><strong>Membros das Executivas Municipal e Estadual e vereadores tamb\u00e9m discutiram propostas para elabora\u00e7\u00e3o do programa de governo do pr\u00e9-candidato<\/strong><\/p>\n\n\n\n<p><strong>Ascom PT Bahia<\/strong><\/p>\n\n\n\n<figure class=\"wp-block-image aligncenter size-full\"><a href=\"https:\/\/i0.wp.com\/blogdoeloiltoncajuhy.com.br\/site\/wp-content\/uploads\/2024\/01\/PT-BA_apoio-Geraldinho-Foto-Fernando-Goncalves.jpeg?ssl=1\"><img data-recalc-dims=\"1\" fetchpriority=\"high\" decoding=\"async\" width=\"800\" height=\"533\" src=\"https:\/\/i0.wp.com\/blogdoeloiltoncajuhy.com.br\/site\/wp-content\/uploads\/2024\/01\/PT-BA_apoio-Geraldinho-Foto-Fernando-Goncalves.jpeg?resize=800%2C533&#038;ssl=1\" alt=\"\" class=\"wp-image-78596\" srcset=\"https:\/\/i0.wp.com\/blogdoeloiltoncajuhy.com.br\/site\/wp-content\/uploads\/2024\/01\/PT-BA_apoio-Geraldinho-Foto-Fernando-Goncalves.jpeg?w=900&amp;ssl=1 900w, https:\/\/i0.wp.com\/blogdoeloiltoncajuhy.com.br\/site\/wp-content\/uploads\/2024\/01\/PT-BA_apoio-Geraldinho-Foto-Fernando-Goncalves.jpeg?resize=300%2C200&amp;ssl=1 300w, https:\/\/i0.wp.com\/blogdoeloiltoncajuhy.com.br\/site\/wp-content\/uploads\/2024\/01\/PT-BA_apoio-Geraldinho-Foto-Fernando-Goncalves.jpeg?resize=768%2C512&amp;ssl=1 768w\" sizes=\"(max-width: 800px) 100vw, 800px\" \/><\/a><figcaption class=\"wp-element-caption\"><sub>Foto: Fernando Gon\u00e7alves<\/sub><\/figcaption><\/figure>\n\n\n\n<p>Membros da Executiva Municipal do PT Salvador, da Executiva Estadual e todos os vereadores petistas da capital baiana se reuniram na tarde desta segunda-feira, 08, com o vice-governador e pr\u00e9-candidato da base aliada do governador Jer\u00f4nimo Rodrigues \u00e0 prefeitura de Salvador, Geraldo J\u00fanior, e refor\u00e7aram apoio \u00e0 sua pr\u00e9-candidatura na capital baiana. Os petistas tamb\u00e9m destacaram a import\u00e2ncia de contribuir com sugest\u00f5es para o programa de governo de Geraldo, para tornar Salvador uma cidade mais inclusiva, com a melhoria da mobilidade urbana, mais investimentos na educa\u00e7\u00e3o, na sa\u00fade e no desenvolvimento social e econ\u00f4mico, dentre outros.<\/p>\n\n\n\n<p>Presidente do PT de Salvador, Cema Moura falou sobre a uni\u00e3o do partido para ajudar Geraldo J\u00fanior a vencer Salvador nas elei\u00e7\u00f5es municipais de 2024 e da contribui\u00e7\u00e3o program\u00e1tica para melhorar as condi\u00e7\u00f5es de vida dos moradores da cidade. \u201cVamos dar nossas contribui\u00e7\u00f5es enquanto maior partido do Brasil, o partido do presidente do Brasil, o partido do governador. \u00c9 muito importante este momento porque a gente precisa construir uma nova hist\u00f3ria para Salvador, e a gente pode contribuir dessa forma, com muito di\u00e1logo, participa\u00e7\u00e3o, presen\u00e7a de dentro da cidade sobre a vida dos pessoas, sobre o que realmente pode mudar a vida da popula\u00e7\u00e3o\u201d.<\/p>\n\n\n\n<p>O presidente estadual do PT Bahia, \u00c9den Valadares, que n\u00e3o p\u00f4de estar presente presencialmente devido \u00e0 realiza\u00e7\u00e3o de um procedimento m\u00e9dico, gravou um v\u00eddeo em que garante o apoio da milit\u00e2ncia petista e presen\u00e7a de rua para ajuda na vit\u00f3ria do vice-governador. \u201cUma segunda-feira t\u00e3o importante para a democracia no Brasil e importante tamb\u00e9m para a luta pol\u00edtica em Salvador j\u00e1 que hoje a gente se re\u00fane com o nosso pr\u00e9-candidato e, com f\u00e9 em Deus e na nossa milit\u00e2ncia, o nosso futuro prefeito de Salvador, nosso vice-governador Geraldo J\u00fanior, meu amigo, meu irm\u00e3o Geraldinho. Dizer, Geraldinho, da alegria de a gente estar junto, tenha certeza que a milit\u00e2ncia do PT estar\u00e1 com for\u00e7a total na sua campanha, nas ruas, nas redes, te ajudando na coordena\u00e7\u00e3o na elabora\u00e7\u00e3o do programa de governo, te ajudando a construir uma alternativa alinhada com Jer\u00f4nimo, com Lula para Salvador\u201d.<\/p>\n\n\n\n<p>Geraldo J\u00fanior agradeceu ao apoio do partido e a oportunidade de representar o grupo pol\u00edtico liderado pelo governador da Bahia, Jer\u00f4nimo Rodrigues, se comprometeu em trabalhar lado a lado dos vereadores do PT e da esquerda para apoiar suas reelei\u00e7\u00f5es e aumentar as bancadas de parlamentares. O pr\u00e9-candidato destacou a ainda import\u00e2ncia da escuta e de construir um programa de governo com sugest\u00f5es das pol\u00edticas de esquerda para transformar a vida dos soteropolitanos e revelou estar confiante que ir\u00e1 vencer as elei\u00e7\u00f5es em Salvador com o apoio do PT na capital baiana. \u201cA primeira palavra que tenho para voc\u00eas aqui hoje \u00e9 gratid\u00e3o, \u00e9 agradecimento, porque falo com o cora\u00e7\u00e3o e at\u00e9 com emo\u00e7\u00e3o\u201d, disse Geraldo, que acrescentou estar preparado por conhecer Salvador e por ter grandes contribui\u00e7\u00f5es a dar para a transforma\u00e7\u00e3o da cidade.<\/p>\n\n\n\n<p>Para o vice-presidente do PT Bahia, Glauco Chalegre, o processo de constru\u00e7\u00e3o coletiva e de constante di\u00e1logo, sob a lideran\u00e7a de Jer\u00f4nimo Rodrigues, e com contribui\u00e7\u00e3o do senador Jaques Wagner, do ministro Rui Costa, e que se desenhou com a apresenta\u00e7\u00e3o do nome de Geraldo J\u00fanior demonstrou ser o de maior unidade do grupo pol\u00edtico. \u201cGeraldo J\u00fanior, conte n\u00e3o s\u00f3 com o nosso apoio, mas tamb\u00e9m o com a milit\u00e2ncia aguerrida de todos os militantes do partido dos trabalhadores para que a gente possa sair triunfante ao final dessa caminhada\u201d, disse.<\/p>\n","protected":false},"excerpt":{"rendered":"<p>Membros das Executivas Municipal e Estadual e vereadores tamb\u00e9m discutiram propostas para elabora\u00e7\u00e3o do programa de governo do pr\u00e9-candidato Ascom PT Bahia Membros da Executiva Municipal do PT Salvador, da Executiva Estadual e todos os vereadores petistas da capital baiana se reuniram na tarde desta segunda-feira, 08, com o vice-governador e pr\u00e9-candidato da base aliada [&hellip;]<\/p>\n","protected":false},"author":2,"featured_media":78596,"comment_status":"open","ping_status":"open","sticky":false,"template":"","format":"standard","meta":{"_acf_changed":false,"_monsterinsights_skip_tracking":false,"_monsterinsights_sitenote_active":false,"_monsterinsights_sitenote_note":"","_monsterinsights_sitenote_category":0,"_jetpack_memberships_contains_paid_content":false,"footnotes":"","jetpack_publicize_message":"","jetpack_publicize_feature_enabled":true,"jetpack_social_post_already_shared":true,"jetpack_social_options":{"image_generator_settings":{"template":"highway","default_image_id":0,"font":"","enabled":false},"version":2}},"categories":[3],"tags":[],"class_list":["post-78595","post","type-post","status-publish","format-standard","has-post-thumbnail","hentry","category-politica"],"acf":[],"jetpack_publicize_connections":[],"jetpack_featured_media_url":"https:\/\/i0.wp.com\/blogdoeloiltoncajuhy.com.br\/site\/wp-content\/uploads\/2024\/01\/PT-BA_apoio-Geraldinho-Foto-Fernando-Goncalves.jpeg?fit=900%2C600&ssl=1","jetpack_sharing_enabled":true,"publishpress_future_workflow_manual_trigger":{"enabledWorkflows":[]},"_links":{"self":[{"href":"https:\/\/blogdoeloiltoncajuhy.com.br\/site\/wp-json\/wp\/v2\/posts\/78595","targetHints":{"allow":["GET"]}}],"collection":[{"href":"https:\/\/blogdoeloiltoncajuhy.com.br\/site\/wp-json\/wp\/v2\/posts"}],"about":[{"href":"https:\/\/blogdoeloiltoncajuhy.com.br\/site\/wp-json\/wp\/v2\/types\/post"}],"author":[{"embeddable":true,"href":"https:\/\/blogdoeloiltoncajuhy.com.br\/site\/wp-json\/wp\/v2\/users\/2"}],"replies":[{"embeddable":true,"href":"https:\/\/blogdoeloiltoncajuhy.com.br\/site\/wp-json\/wp\/v2\/comments?post=78595"}],"version-history":[{"count":1,"href":"https:\/\/blogdoeloiltoncajuhy.com.br\/site\/wp-json\/wp\/v2\/posts\/78595\/revisions"}],"predecessor-version":[{"id":78597,"href":"https:\/\/blogdoeloiltoncajuhy.com.br\/site\/wp-json\/wp\/v2\/posts\/78595\/revisions\/78597"}],"wp:featuredmedia":[{"embeddable":true,"href":"https:\/\/blogdoeloiltoncajuhy.com.br\/site\/wp-json\/wp\/v2\/media\/78596"}],"wp:attachment":[{"href":"https:\/\/blogdoeloiltoncajuhy.com.br\/site\/wp-json\/wp\/v2\/media?parent=78595"}],"wp:term":[{"taxonomy":"category","embeddable":true,"href":"https:\/\/blogdoeloiltoncajuhy.com.br\/site\/wp-json\/wp\/v2\/categories?post=78595"},{"taxonomy":"post_tag","embeddable":true,"href":"https:\/\/blogdoeloiltoncajuhy.com.br\/site\/wp-json\/wp\/v2\/tags?post=78595"}],"curies":[{"name":"wp","href":"https:\/\/api.w.org\/{rel}","templated":true}]}}