{"id":78583,"date":"2024-01-09T08:45:52","date_gmt":"2024-01-09T11:45:52","guid":{"rendered":"https:\/\/blogdoeloiltoncajuhy.com.br\/site\/?p=78583"},"modified":"2024-01-09T08:45:54","modified_gmt":"2024-01-09T11:45:54","slug":"em-ato-do-8-de-janeiro-pt-bahia-reafirma-a-importancia-da-luta-pela-democracia","status":"publish","type":"post","link":"https:\/\/blogdoeloiltoncajuhy.com.br\/site\/em-ato-do-8-de-janeiro-pt-bahia-reafirma-a-importancia-da-luta-pela-democracia\/","title":{"rendered":"Em ato do 8 de Janeiro, PT Bahia reafirma a import\u00e2ncia da luta pela democracia"},"content":{"rendered":"\n<p><strong>Ascom PT Bahia<\/strong><\/p>\n\n\n\n<figure class=\"wp-block-image aligncenter size-full\"><a href=\"https:\/\/i0.wp.com\/blogdoeloiltoncajuhy.com.br\/site\/wp-content\/uploads\/2024\/01\/PT-BA_Ato-8-de-janeiro-24-Foto-Jonas-Souza.jpeg?ssl=1\"><img data-recalc-dims=\"1\" fetchpriority=\"high\" decoding=\"async\" width=\"800\" height=\"533\" src=\"https:\/\/i0.wp.com\/blogdoeloiltoncajuhy.com.br\/site\/wp-content\/uploads\/2024\/01\/PT-BA_Ato-8-de-janeiro-24-Foto-Jonas-Souza.jpeg?resize=800%2C533&#038;ssl=1\" alt=\"\" class=\"wp-image-78584\" srcset=\"https:\/\/i0.wp.com\/blogdoeloiltoncajuhy.com.br\/site\/wp-content\/uploads\/2024\/01\/PT-BA_Ato-8-de-janeiro-24-Foto-Jonas-Souza.jpeg?w=900&amp;ssl=1 900w, https:\/\/i0.wp.com\/blogdoeloiltoncajuhy.com.br\/site\/wp-content\/uploads\/2024\/01\/PT-BA_Ato-8-de-janeiro-24-Foto-Jonas-Souza.jpeg?resize=300%2C200&amp;ssl=1 300w, https:\/\/i0.wp.com\/blogdoeloiltoncajuhy.com.br\/site\/wp-content\/uploads\/2024\/01\/PT-BA_Ato-8-de-janeiro-24-Foto-Jonas-Souza.jpeg?resize=768%2C512&amp;ssl=1 768w\" sizes=\"(max-width: 800px) 100vw, 800px\" \/><\/a><figcaption class=\"wp-element-caption\"><sub>Foto: Jonas Souza<\/sub><\/figcaption><\/figure>\n\n\n\n<p>Presentes no ato do 8 de Janeiro, organizado por movimentos sociais, centrais sindicais e entidades do poder p\u00fablico em rep\u00fadio aos ataques golpistas em Bras\u00edlia, em 2023, parlamentares e membros da Executiva do Partido dos Trabalhadores da Bahia refor\u00e7aram a necessidade de uma luta constante pela democracia no Brasil. Os petistas destacaram ainda a import\u00e2ncia de unir esfor\u00e7os para combater o extremismo, o \u00f3dio, o fascismo no pa\u00eds e as amea\u00e7as \u00e0 estabilidade e soberania pol\u00edticas.<\/p>\n\n\n\n<p>Realizado na Assembleia Legislativa da Bahia (Alba), na manh\u00e3 desta segunda-feira, 08, o &#8220;Ato em defesa da democracia brasileira: A Bahia se une!&#8221; contou com a presen\u00e7a do governador do Estado, Jer\u00f4nimo Rodrigues, dos vereadores petistas Marta Rodrigues e Su\u00edca, dos deputados estaduais do PT, Robinson Almeida, Rosemberg Pinto, F\u00e1tima Nunes, Maria Del Carmen, Neusa Cadore, J\u00fanior Muniz, al\u00e9m de secret\u00e1rios de Estado, como Bruno Monteiro (Cultura) Felipe Freitas (Justi\u00e7a e Direitos Humanos), Fabya Reis (Assist\u00eancia e Desenvolvimento Social) e Luis Caetano (Rela\u00e7\u00f5es Institucionais), dentre outros.<\/p>\n\n\n\n<p>Vice-presidente do PT Bahia, J\u00e9ssica Sinai afirmou que o ato realizado na Bahia se soma e refor\u00e7a todos os outros que est\u00e3o sendo realizados hoje no pa\u00eds em defesa da democracia. &#8220;O pa\u00eds aprendeu muito com aquela situa\u00e7\u00e3o, e n\u00e3o \u00e9 \u00e0 toa que aqui no estado estamos reunindo nesse ato diversos movimentos sociais, dirigentes partid\u00e1rios, agentes governamentais e pol\u00edticos exatamente para reafirmar que a democracia \u00e9 fundamental para a constru\u00e7\u00e3o de uma na\u00e7\u00e3o. Ent\u00e3o a Bahia est\u00e1 unida junto a outros diversos segmentos no Brasil para defender a democracia&#8221; ressaltou a dirigente.<\/p>\n\n\n\n<p>A membra da Executiva Estadual do PT Bahia e presidente da CUT, Maria Firmino, a Leninha, destacou a unidade dos movimentos sociais, sindicais e de setores do governo um ano ap\u00f3s os ataques em Bras\u00edlia e disse que a democracia precisa ser defendida por todos. &#8220;A democracia n\u00e3o somos s\u00f3 n\u00f3s do movimento social que tem que defender um governo que \u00e9 democr\u00e1tico, que \u00e9 popular. Um governo que preza pela democracia tem que vir mesmo a p\u00fablico dizer que vamos lutar at\u00e9 o \u00faltimo momento para salvaguardar a nossa democracia, que \u00e9 t\u00e3o jovem, que foi t\u00e3o duramente atacada. Ent\u00e3o esse dia de hoje tem um simbolismo: ap\u00f3s um ano dizer que nunca mais ningu\u00e9m se ouse a atacar nossa democracia, os poderes constitu\u00eddos&#8221;, afirma Leninha.<\/p>\n\n\n\n<p>Vereadora de Salvador pelo PT, Marta Rodrigues defendeu a realiza\u00e7\u00e3o do ato para que &#8220;nunca mais volte a acontecer no pa\u00eds essa tentativa de golpe como a que aconteceu&#8221;. &#8220;Se as institui\u00e7\u00f5es, o presidente Lula, o Minist\u00e9rio P\u00fablico, o STF n\u00e3o tivessem sido c\u00e9leres a gente poderia ter vivido momentos ainda mais dram\u00e1ticos no pa\u00eds, mas ainda bem que houve esse celeridade e a gente conseguiu ver um ano depois como n\u00f3s avan\u00e7amos, mas a gente precisa avan\u00e7ar ainda mais contra o discurso do \u00f3dio, da viol\u00eancia, das fake news, porque tudo isso antes vinha com muita intensidade, ainda continua, mas n\u00e3o tanto&#8221;, disse Marta, ao acrescentar: &#8220;Uma outra pauta que quero colocar para o nosso partido e \u00e9 o que a gente tamb\u00e9m faz no dia a dia \u00e9 a gente levar muito esse debate da democracia na educa\u00e7\u00e3o. \u00c9 atrav\u00e9s da educa\u00e7\u00e3o tamb\u00e9m que a gente vai avan\u00e7ando e os nosso jovens v\u00e3o entendendo tamb\u00e9m como esse processo \u00e9 fundamental para a gente no pa\u00eds&#8221;.<\/p>\n","protected":false},"excerpt":{"rendered":"<p>Ascom PT Bahia Presentes no ato do 8 de Janeiro, organizado por movimentos sociais, centrais sindicais e entidades do poder p\u00fablico em rep\u00fadio aos ataques golpistas em Bras\u00edlia, em 2023, parlamentares e membros da Executiva do Partido dos Trabalhadores da Bahia refor\u00e7aram a necessidade de uma luta constante pela democracia no Brasil. Os petistas destacaram [&hellip;]<\/p>\n","protected":false},"author":2,"featured_media":78584,"comment_status":"open","ping_status":"open","sticky":false,"template":"","format":"standard","meta":{"_acf_changed":false,"_monsterinsights_skip_tracking":false,"_monsterinsights_sitenote_active":false,"_monsterinsights_sitenote_note":"","_monsterinsights_sitenote_category":0,"_jetpack_memberships_contains_paid_content":false,"footnotes":"","jetpack_publicize_message":"","jetpack_publicize_feature_enabled":true,"jetpack_social_post_already_shared":true,"jetpack_social_options":{"image_generator_settings":{"template":"highway","default_image_id":0,"font":"","enabled":false},"version":2}},"categories":[3],"tags":[],"class_list":["post-78583","post","type-post","status-publish","format-standard","has-post-thumbnail","hentry","category-politica"],"acf":[],"jetpack_publicize_connections":[],"jetpack_featured_media_url":"https:\/\/i0.wp.com\/blogdoeloiltoncajuhy.com.br\/site\/wp-content\/uploads\/2024\/01\/PT-BA_Ato-8-de-janeiro-24-Foto-Jonas-Souza.jpeg?fit=900%2C600&ssl=1","jetpack_sharing_enabled":true,"publishpress_future_workflow_manual_trigger":{"enabledWorkflows":[]},"_links":{"self":[{"href":"https:\/\/blogdoeloiltoncajuhy.com.br\/site\/wp-json\/wp\/v2\/posts\/78583","targetHints":{"allow":["GET"]}}],"collection":[{"href":"https:\/\/blogdoeloiltoncajuhy.com.br\/site\/wp-json\/wp\/v2\/posts"}],"about":[{"href":"https:\/\/blogdoeloiltoncajuhy.com.br\/site\/wp-json\/wp\/v2\/types\/post"}],"author":[{"embeddable":true,"href":"https:\/\/blogdoeloiltoncajuhy.com.br\/site\/wp-json\/wp\/v2\/users\/2"}],"replies":[{"embeddable":true,"href":"https:\/\/blogdoeloiltoncajuhy.com.br\/site\/wp-json\/wp\/v2\/comments?post=78583"}],"version-history":[{"count":1,"href":"https:\/\/blogdoeloiltoncajuhy.com.br\/site\/wp-json\/wp\/v2\/posts\/78583\/revisions"}],"predecessor-version":[{"id":78585,"href":"https:\/\/blogdoeloiltoncajuhy.com.br\/site\/wp-json\/wp\/v2\/posts\/78583\/revisions\/78585"}],"wp:featuredmedia":[{"embeddable":true,"href":"https:\/\/blogdoeloiltoncajuhy.com.br\/site\/wp-json\/wp\/v2\/media\/78584"}],"wp:attachment":[{"href":"https:\/\/blogdoeloiltoncajuhy.com.br\/site\/wp-json\/wp\/v2\/media?parent=78583"}],"wp:term":[{"taxonomy":"category","embeddable":true,"href":"https:\/\/blogdoeloiltoncajuhy.com.br\/site\/wp-json\/wp\/v2\/categories?post=78583"},{"taxonomy":"post_tag","embeddable":true,"href":"https:\/\/blogdoeloiltoncajuhy.com.br\/site\/wp-json\/wp\/v2\/tags?post=78583"}],"curies":[{"name":"wp","href":"https:\/\/api.w.org\/{rel}","templated":true}]}}