{"id":78538,"date":"2024-01-07T16:15:35","date_gmt":"2024-01-07T19:15:35","guid":{"rendered":"https:\/\/blogdoeloiltoncajuhy.com.br\/site\/?p=78538"},"modified":"2024-01-07T16:15:37","modified_gmt":"2024-01-07T19:15:37","slug":"advogado-de-padre-julio-diz-que-tomara-medidas-juridicas-se-limites-forem-ultrapassados","status":"publish","type":"post","link":"https:\/\/blogdoeloiltoncajuhy.com.br\/site\/advogado-de-padre-julio-diz-que-tomara-medidas-juridicas-se-limites-forem-ultrapassados\/","title":{"rendered":"Advogado de padre J\u00falio diz que tomar\u00e1 medidas jur\u00eddicas se limites forem ultrapassados"},"content":{"rendered":"\n<p class=\"has-medium-font-size\"><strong>Ex-deputado Luiz Greenhalgh afirma que vereador que prop\u00f4s CPI quer sair do anonimato \u00e0s custas do p\u00e1roco.<\/strong><\/p>\n\n\n\n<p><strong>Coluna Painel \/ Folha de S.Paulo<\/strong><\/p>\n\n\n\n<figure class=\"wp-block-image aligncenter size-full is-resized\"><a href=\"https:\/\/i0.wp.com\/blogdoeloiltoncajuhy.com.br\/site\/wp-content\/uploads\/2024\/01\/Advogado-Luiz-Eduardo-Greenhalgh-Foto_Fabio-Braga-Folhapress.jpg?ssl=1\"><img data-recalc-dims=\"1\" fetchpriority=\"high\" decoding=\"async\" width=\"800\" height=\"533\" src=\"https:\/\/i0.wp.com\/blogdoeloiltoncajuhy.com.br\/site\/wp-content\/uploads\/2024\/01\/Advogado-Luiz-Eduardo-Greenhalgh-Foto_Fabio-Braga-Folhapress.jpg?resize=800%2C533&#038;ssl=1\" alt=\"\" class=\"wp-image-78539\" style=\"width:663px;height:auto\" srcset=\"https:\/\/i0.wp.com\/blogdoeloiltoncajuhy.com.br\/site\/wp-content\/uploads\/2024\/01\/Advogado-Luiz-Eduardo-Greenhalgh-Foto_Fabio-Braga-Folhapress.jpg?w=900&amp;ssl=1 900w, https:\/\/i0.wp.com\/blogdoeloiltoncajuhy.com.br\/site\/wp-content\/uploads\/2024\/01\/Advogado-Luiz-Eduardo-Greenhalgh-Foto_Fabio-Braga-Folhapress.jpg?resize=300%2C200&amp;ssl=1 300w, https:\/\/i0.wp.com\/blogdoeloiltoncajuhy.com.br\/site\/wp-content\/uploads\/2024\/01\/Advogado-Luiz-Eduardo-Greenhalgh-Foto_Fabio-Braga-Folhapress.jpg?resize=768%2C512&amp;ssl=1 768w\" sizes=\"(max-width: 800px) 100vw, 800px\" \/><\/a><figcaption class=\"wp-element-caption\"><sub>O advogado Luiz Eduardo Greenhalgh durante ato na Faculdade de Direito &#8211; Foto: Fabio Braga\/Folhapress<\/sub><\/figcaption><\/figure>\n\n\n\n<p>Advogado do padre J\u00falio Lancellotti, o ex-deputado federal Luiz Eduardo Greenhalgh (PT-SP) afirma que tanto ele como o p\u00e1roco est\u00e3o tranquilos com a proposta de CPI (Comiss\u00e3o Parlamentar de Inqu\u00e9rito) apresentada pelo vereador Rubinho Nunes (Uni\u00e3o Brasil).<\/p>\n\n\n\n<p>Como revelou o Painel, ela pode ser instalada em fevereiro, ainda que tenha perdido for\u00e7a nos \u00faltimos dias, diante da forte repercuss\u00e3o negativa, que uniu parlamentares, partidos, e institui\u00e7\u00f5es como a pr\u00f3pria Arquidiocese de S\u00e3o Paulo.<\/p>\n\n\n\n<p>Greenhalgh afirma que estabeleceu um limite aos ataques que t\u00eam sido feitos pelo vereador ao padre. Caso ele os ultrapasse com cal\u00fania, difama\u00e7\u00e3o ou ofensa \u00e0 honra, ser\u00e3o tomadas medidas jur\u00eddicas.<\/p>\n\n\n\n<p>&#8220;\u00c9 um vereador que ningu\u00e9m sabe quais projetos fez. \u00c9 ano eleitoral, as nulidades precisam subir nas costas de pessoas reconhecidas, criar casos, estabelecer fatos pol\u00edticos para ver se saem do anonimato&#8221;, diz.<\/p>\n\n\n\n<p>Nunes protocolou o pedido de abertura de CPI em dezembro, com assinaturas de 24 vereadores, e recebeu sinaliza\u00e7\u00e3o positiva de parte da c\u00fapula da C\u00e2mara sobre sua instala\u00e7\u00e3o em fevereiro. Ela \u00e9 vista com bons olhos por Milton Leite (Uni\u00e3o Brasil), presidente da Casa, principal fiador da investiga\u00e7\u00e3o.<\/p>\n\n\n\n<p>A comiss\u00e3o ainda precisa ser apreciada no col\u00e9gio de l\u00edderes e em plen\u00e1rio para que seja instalada.<\/p>\n\n\n\n<p>O vereador pretende investigar o Centro Social Nossa Senhora do Bom Parto, conhecido como Bompar, e o coletivo Craco Resiste. Ambos atuam junto \u00e0 popula\u00e7\u00e3o em situa\u00e7\u00e3o de rua e a dependentes qu\u00edmicos da regi\u00e3o central da cidade e tornaram-se alvos da CPI pelo v\u00ednculo que supostamente teriam com o padre.<\/p>\n\n\n\n<p>O sacerdote afirmou \u00e0 coluna que n\u00e3o tem qualquer incid\u00eancia sobre as entidades e n\u00e3o atua em projetos conjuntos com elas. Afirmou que n\u00e3o \u00e9 do conselho da Bompar h\u00e1 17 anos e que ocupava uma posi\u00e7\u00e3o sem remunera\u00e7\u00e3o no conselho deliberativo da entidade.<\/p>\n\n\n\n<figure class=\"wp-block-image aligncenter size-full is-resized\"><a href=\"https:\/\/i0.wp.com\/blogdoeloiltoncajuhy.com.br\/site\/wp-content\/uploads\/2024\/01\/padre-julio-lancellotti-reproducao.png?ssl=1\"><img data-recalc-dims=\"1\" decoding=\"async\" width=\"753\" height=\"753\" src=\"https:\/\/i0.wp.com\/blogdoeloiltoncajuhy.com.br\/site\/wp-content\/uploads\/2024\/01\/padre-julio-lancellotti-reproducao.png?resize=753%2C753&#038;ssl=1\" alt=\"\" class=\"wp-image-78540\" style=\"width:617px;height:auto\" srcset=\"https:\/\/i0.wp.com\/blogdoeloiltoncajuhy.com.br\/site\/wp-content\/uploads\/2024\/01\/padre-julio-lancellotti-reproducao.png?w=753&amp;ssl=1 753w, https:\/\/i0.wp.com\/blogdoeloiltoncajuhy.com.br\/site\/wp-content\/uploads\/2024\/01\/padre-julio-lancellotti-reproducao.png?resize=300%2C300&amp;ssl=1 300w, https:\/\/i0.wp.com\/blogdoeloiltoncajuhy.com.br\/site\/wp-content\/uploads\/2024\/01\/padre-julio-lancellotti-reproducao.png?resize=150%2C150&amp;ssl=1 150w\" sizes=\"(max-width: 753px) 100vw, 753px\" \/><\/a><figcaption class=\"wp-element-caption\"><sub>Reprodu\u00e7\u00e3o<\/sub><\/figcaption><\/figure>\n","protected":false},"excerpt":{"rendered":"<p>Ex-deputado Luiz Greenhalgh afirma que vereador que prop\u00f4s CPI quer sair do anonimato \u00e0s custas do p\u00e1roco. Coluna Painel \/ Folha de S.Paulo Advogado do padre J\u00falio Lancellotti, o ex-deputado federal Luiz Eduardo Greenhalgh (PT-SP) afirma que tanto ele como o p\u00e1roco est\u00e3o tranquilos com a proposta de CPI (Comiss\u00e3o Parlamentar de Inqu\u00e9rito) apresentada pelo [&hellip;]<\/p>\n","protected":false},"author":2,"featured_media":78540,"comment_status":"open","ping_status":"open","sticky":false,"template":"","format":"standard","meta":{"_acf_changed":false,"_monsterinsights_skip_tracking":false,"_monsterinsights_sitenote_active":false,"_monsterinsights_sitenote_note":"","_monsterinsights_sitenote_category":0,"_jetpack_memberships_contains_paid_content":false,"footnotes":"","jetpack_publicize_message":"","jetpack_publicize_feature_enabled":true,"jetpack_social_post_already_shared":true,"jetpack_social_options":{"image_generator_settings":{"template":"highway","default_image_id":0,"font":"","enabled":false},"version":2}},"categories":[1],"tags":[],"class_list":["post-78538","post","type-post","status-publish","format-standard","has-post-thumbnail","hentry","category-noticias"],"acf":[],"jetpack_publicize_connections":[],"jetpack_featured_media_url":"https:\/\/i0.wp.com\/blogdoeloiltoncajuhy.com.br\/site\/wp-content\/uploads\/2024\/01\/padre-julio-lancellotti-reproducao.png?fit=753%2C753&ssl=1","jetpack_sharing_enabled":true,"publishpress_future_workflow_manual_trigger":{"enabledWorkflows":[]},"_links":{"self":[{"href":"https:\/\/blogdoeloiltoncajuhy.com.br\/site\/wp-json\/wp\/v2\/posts\/78538","targetHints":{"allow":["GET"]}}],"collection":[{"href":"https:\/\/blogdoeloiltoncajuhy.com.br\/site\/wp-json\/wp\/v2\/posts"}],"about":[{"href":"https:\/\/blogdoeloiltoncajuhy.com.br\/site\/wp-json\/wp\/v2\/types\/post"}],"author":[{"embeddable":true,"href":"https:\/\/blogdoeloiltoncajuhy.com.br\/site\/wp-json\/wp\/v2\/users\/2"}],"replies":[{"embeddable":true,"href":"https:\/\/blogdoeloiltoncajuhy.com.br\/site\/wp-json\/wp\/v2\/comments?post=78538"}],"version-history":[{"count":1,"href":"https:\/\/blogdoeloiltoncajuhy.com.br\/site\/wp-json\/wp\/v2\/posts\/78538\/revisions"}],"predecessor-version":[{"id":78541,"href":"https:\/\/blogdoeloiltoncajuhy.com.br\/site\/wp-json\/wp\/v2\/posts\/78538\/revisions\/78541"}],"wp:featuredmedia":[{"embeddable":true,"href":"https:\/\/blogdoeloiltoncajuhy.com.br\/site\/wp-json\/wp\/v2\/media\/78540"}],"wp:attachment":[{"href":"https:\/\/blogdoeloiltoncajuhy.com.br\/site\/wp-json\/wp\/v2\/media?parent=78538"}],"wp:term":[{"taxonomy":"category","embeddable":true,"href":"https:\/\/blogdoeloiltoncajuhy.com.br\/site\/wp-json\/wp\/v2\/categories?post=78538"},{"taxonomy":"post_tag","embeddable":true,"href":"https:\/\/blogdoeloiltoncajuhy.com.br\/site\/wp-json\/wp\/v2\/tags?post=78538"}],"curies":[{"name":"wp","href":"https:\/\/api.w.org\/{rel}","templated":true}]}}