{"id":78526,"date":"2024-01-06T12:32:26","date_gmt":"2024-01-06T15:32:26","guid":{"rendered":"https:\/\/blogdoeloiltoncajuhy.com.br\/site\/?p=78526"},"modified":"2024-01-06T12:32:29","modified_gmt":"2024-01-06T15:32:29","slug":"pt-bahia-se-une-a-movimentos-sociais-e-instituicoes-publicas-em-ato-em-defesa-da-democracia","status":"publish","type":"post","link":"https:\/\/blogdoeloiltoncajuhy.com.br\/site\/pt-bahia-se-une-a-movimentos-sociais-e-instituicoes-publicas-em-ato-em-defesa-da-democracia\/","title":{"rendered":"PT Bahia se une a movimentos sociais e institui\u00e7\u00f5es p\u00fablicas em ato em defesa da democracia"},"content":{"rendered":"\n<p class=\"has-medium-font-size\"><strong>Os ataques \u00e0 democracia e \u00e0s institui\u00e7\u00f5es democr\u00e1ticas brasileiras ocorreram em Bras\u00edlia no dia 8 de janeiro de 2023.<\/strong><\/p>\n\n\n\n<p><strong>Ascom PT Bahia<\/strong><\/p>\n\n\n\n<figure class=\"wp-block-image aligncenter size-full\"><a href=\"https:\/\/i0.wp.com\/blogdoeloiltoncajuhy.com.br\/site\/wp-content\/uploads\/2024\/01\/PT-BA_080124_Divulgacao.jpeg?ssl=1\"><img data-recalc-dims=\"1\" fetchpriority=\"high\" decoding=\"async\" width=\"800\" height=\"561\" src=\"https:\/\/i0.wp.com\/blogdoeloiltoncajuhy.com.br\/site\/wp-content\/uploads\/2024\/01\/PT-BA_080124_Divulgacao.jpeg?resize=800%2C561&#038;ssl=1\" alt=\"\" class=\"wp-image-78527\" srcset=\"https:\/\/i0.wp.com\/blogdoeloiltoncajuhy.com.br\/site\/wp-content\/uploads\/2024\/01\/PT-BA_080124_Divulgacao.jpeg?w=900&amp;ssl=1 900w, https:\/\/i0.wp.com\/blogdoeloiltoncajuhy.com.br\/site\/wp-content\/uploads\/2024\/01\/PT-BA_080124_Divulgacao.jpeg?resize=300%2C210&amp;ssl=1 300w, https:\/\/i0.wp.com\/blogdoeloiltoncajuhy.com.br\/site\/wp-content\/uploads\/2024\/01\/PT-BA_080124_Divulgacao.jpeg?resize=768%2C538&amp;ssl=1 768w\" sizes=\"(max-width: 800px) 100vw, 800px\" \/><\/a><figcaption class=\"wp-element-caption\"><sub>Foto: Divulga\u00e7\u00e3o<\/sub><\/figcaption><\/figure>\n\n\n\n<p>O Partido dos Trabalhadores da Bahia vai participar junto a organiza\u00e7\u00f5es sociais e institui\u00e7\u00f5es p\u00fablicas de um ato p\u00fablico em defesa da democracia nesta segunda, 8 de janeiro, a partir das 8 horas, no audit\u00f3rio da Assembleia Legislativa da Bahia (Alba), em rep\u00fadio aos ataques \u00e0 democracia e \u00e0s institui\u00e7\u00f5es democr\u00e1ticas brasileiras que ocorreram em Bras\u00edlia em 8 de janeiro de 2023.<\/p>\n\n\n\n<p>Intitulada de &#8220;Ato em defesa da democracia brasileira: A Bahia se une!&#8221;, a atividade ser\u00e1 uma demarca\u00e7\u00e3o da resist\u00eancia popular e democr\u00e1tica com participa\u00e7\u00e3o de representa\u00e7\u00f5es dos movimentos sociais, das centrais sindicais, universidades, Associa\u00e7\u00e3o Baiana de Imprensa (ABI), segmentos religiosos, juventude, governo do Estado, Ordem dos Advogados do Brasil (OAB), Tortura Nunca Mais e movimentos de bairros, dentre outros.<\/p>\n\n\n\n<p>O ato em Salvador, que segue um movimento nacional de defesa de resist\u00eancia e defesa da democracia e das institui\u00e7\u00f5es democr\u00e1ticas em todo o pa\u00eds, tamb\u00e9m vai refor\u00e7ar a legitimidade do sistema eleitoral brasileiro e da autonomia da popula\u00e7\u00e3o na democr\u00e1tica e livre escolha dos seus representantes.<\/p>\n\n\n\n<p>Para o PT Bahia, a participa\u00e7\u00e3o dos movimentos sociais e de institui\u00e7\u00f5es p\u00fablicas em um ato p\u00fablico em defesa da democracia um ano ap\u00f3s os ataques antidemocr\u00e1ticos na capital federal demonstra a disposi\u00e7\u00e3o de luta desses segmentos sociais e das institui\u00e7\u00f5es pelo fortalecimento da democracia no pa\u00eds e para n\u00e3o permitir amea\u00e7as \u00e0 estabilidade e soberania pol\u00edtica e institucional brasileira.<\/p>\n","protected":false},"excerpt":{"rendered":"<p>Os ataques \u00e0 democracia e \u00e0s institui\u00e7\u00f5es democr\u00e1ticas brasileiras ocorreram em Bras\u00edlia no dia 8 de janeiro de 2023. Ascom PT Bahia O Partido dos Trabalhadores da Bahia vai participar junto a organiza\u00e7\u00f5es sociais e institui\u00e7\u00f5es p\u00fablicas de um ato p\u00fablico em defesa da democracia nesta segunda, 8 de janeiro, a partir das 8 horas, [&hellip;]<\/p>\n","protected":false},"author":2,"featured_media":78527,"comment_status":"open","ping_status":"open","sticky":false,"template":"","format":"standard","meta":{"_acf_changed":false,"_monsterinsights_skip_tracking":false,"_monsterinsights_sitenote_active":false,"_monsterinsights_sitenote_note":"","_monsterinsights_sitenote_category":0,"_jetpack_memberships_contains_paid_content":false,"footnotes":"","jetpack_publicize_message":"","jetpack_publicize_feature_enabled":true,"jetpack_social_post_already_shared":true,"jetpack_social_options":{"image_generator_settings":{"template":"highway","default_image_id":0,"font":"","enabled":false},"version":2}},"categories":[3],"tags":[],"class_list":["post-78526","post","type-post","status-publish","format-standard","has-post-thumbnail","hentry","category-politica"],"acf":[],"jetpack_publicize_connections":[],"jetpack_featured_media_url":"https:\/\/i0.wp.com\/blogdoeloiltoncajuhy.com.br\/site\/wp-content\/uploads\/2024\/01\/PT-BA_080124_Divulgacao.jpeg?fit=900%2C631&ssl=1","jetpack_sharing_enabled":true,"publishpress_future_workflow_manual_trigger":{"enabledWorkflows":[]},"_links":{"self":[{"href":"https:\/\/blogdoeloiltoncajuhy.com.br\/site\/wp-json\/wp\/v2\/posts\/78526","targetHints":{"allow":["GET"]}}],"collection":[{"href":"https:\/\/blogdoeloiltoncajuhy.com.br\/site\/wp-json\/wp\/v2\/posts"}],"about":[{"href":"https:\/\/blogdoeloiltoncajuhy.com.br\/site\/wp-json\/wp\/v2\/types\/post"}],"author":[{"embeddable":true,"href":"https:\/\/blogdoeloiltoncajuhy.com.br\/site\/wp-json\/wp\/v2\/users\/2"}],"replies":[{"embeddable":true,"href":"https:\/\/blogdoeloiltoncajuhy.com.br\/site\/wp-json\/wp\/v2\/comments?post=78526"}],"version-history":[{"count":1,"href":"https:\/\/blogdoeloiltoncajuhy.com.br\/site\/wp-json\/wp\/v2\/posts\/78526\/revisions"}],"predecessor-version":[{"id":78528,"href":"https:\/\/blogdoeloiltoncajuhy.com.br\/site\/wp-json\/wp\/v2\/posts\/78526\/revisions\/78528"}],"wp:featuredmedia":[{"embeddable":true,"href":"https:\/\/blogdoeloiltoncajuhy.com.br\/site\/wp-json\/wp\/v2\/media\/78527"}],"wp:attachment":[{"href":"https:\/\/blogdoeloiltoncajuhy.com.br\/site\/wp-json\/wp\/v2\/media?parent=78526"}],"wp:term":[{"taxonomy":"category","embeddable":true,"href":"https:\/\/blogdoeloiltoncajuhy.com.br\/site\/wp-json\/wp\/v2\/categories?post=78526"},{"taxonomy":"post_tag","embeddable":true,"href":"https:\/\/blogdoeloiltoncajuhy.com.br\/site\/wp-json\/wp\/v2\/tags?post=78526"}],"curies":[{"name":"wp","href":"https:\/\/api.w.org\/{rel}","templated":true}]}}