{"id":78524,"date":"2024-01-06T12:00:25","date_gmt":"2024-01-06T15:00:25","guid":{"rendered":"https:\/\/blogdoeloiltoncajuhy.com.br\/site\/?p=78524"},"modified":"2024-01-06T12:00:28","modified_gmt":"2024-01-06T15:00:28","slug":"embasa-anuncia-falta-de-agua-em-bonfim-e-cidades-da-regiao-a-partir-de-terca-feira-09","status":"publish","type":"post","link":"https:\/\/blogdoeloiltoncajuhy.com.br\/site\/embasa-anuncia-falta-de-agua-em-bonfim-e-cidades-da-regiao-a-partir-de-terca-feira-09\/","title":{"rendered":"Embasa anuncia falta de \u00e1gua em Bonfim e cidades da regi\u00e3o a partir de ter\u00e7a-feira (09)"},"content":{"rendered":"\n<p><strong>Blog do Eloilton Cajuhy<\/strong><\/p>\n\n\n\n<figure class=\"wp-block-image aligncenter size-full is-resized\"><a href=\"https:\/\/i0.wp.com\/blogdoeloiltoncajuhy.com.br\/site\/wp-content\/uploads\/2020\/09\/falta-de-agua-divulgacao.jpg\"><img data-recalc-dims=\"1\" fetchpriority=\"high\" decoding=\"async\" width=\"800\" height=\"640\" src=\"https:\/\/i0.wp.com\/blogdoeloiltoncajuhy.com.br\/site\/wp-content\/uploads\/2020\/09\/falta-de-agua-divulgacao.jpg?resize=800%2C640\" alt=\"\" class=\"wp-image-49516\" style=\"width:548px;height:auto\" srcset=\"https:\/\/i0.wp.com\/blogdoeloiltoncajuhy.com.br\/site\/wp-content\/uploads\/2020\/09\/falta-de-agua-divulgacao.jpg?w=984&amp;ssl=1 984w, https:\/\/i0.wp.com\/blogdoeloiltoncajuhy.com.br\/site\/wp-content\/uploads\/2020\/09\/falta-de-agua-divulgacao.jpg?resize=300%2C240&amp;ssl=1 300w, https:\/\/i0.wp.com\/blogdoeloiltoncajuhy.com.br\/site\/wp-content\/uploads\/2020\/09\/falta-de-agua-divulgacao.jpg?resize=768%2C614&amp;ssl=1 768w\" sizes=\"(max-width: 800px) 100vw, 800px\" \/><\/a><figcaption class=\"wp-element-caption\"><sub>Reprodu\u00e7\u00e3o<\/sub><\/figcaption><\/figure>\n\n\n\n<p>A Empresa Baiana de \u00c1guas e Saneamento (Embasa) est\u00e1 anunciando a suspens\u00e3o do abastecimento de \u00e1gua a partir das 7h da manh\u00e3 da pr\u00f3xima ter\u00e7a-feira (09), em Andorinha e Jaguarari (sede e zona rural), e no distrito de Espanta Gado, em Queimadas.<\/p>\n\n\n\n<p>De acordo com a empresa, a suspens\u00e3o ser\u00e1 necess\u00e1ria para possibilitar o remanejamento de trecho de adutora de grande porte que est\u00e1 em interfer\u00eancia com uma estrutura da rede de drenagem.<\/p>\n\n\n\n<p>O servi\u00e7o tamb\u00e9m afetar\u00e1 o abastecimento nos munic\u00edpios de Senhor do Bonfim e Iti\u00faba, que ter\u00e3o a oferta de \u00e1gua reduzida temporariamente.<\/p>\n\n\n\n<p>A Embasa informa, ainda, que a previs\u00e3o para a conclus\u00e3o do trabalho \u00e9 at\u00e9 as 17h da quinta-feira (11), quando o abastecimento ser\u00e1 retomado de forma gradativa, e recomenda o uso criterioso da \u00e1gua armazenada nos reservat\u00f3rios.<\/p>\n","protected":false},"excerpt":{"rendered":"<p>Blog do Eloilton Cajuhy A Empresa Baiana de \u00c1guas e Saneamento (Embasa) est\u00e1 anunciando a suspens\u00e3o do abastecimento de \u00e1gua a partir das 7h da manh\u00e3 da pr\u00f3xima ter\u00e7a-feira (09), em Andorinha e Jaguarari (sede e zona rural), e no distrito de Espanta Gado, em Queimadas. De acordo com a empresa, a suspens\u00e3o ser\u00e1 necess\u00e1ria [&hellip;]<\/p>\n","protected":false},"author":2,"featured_media":75292,"comment_status":"open","ping_status":"open","sticky":false,"template":"","format":"standard","meta":{"_acf_changed":false,"_monsterinsights_skip_tracking":false,"_monsterinsights_sitenote_active":false,"_monsterinsights_sitenote_note":"","_monsterinsights_sitenote_category":0,"_jetpack_memberships_contains_paid_content":false,"footnotes":"","jetpack_publicize_message":"","jetpack_publicize_feature_enabled":true,"jetpack_social_post_already_shared":true,"jetpack_social_options":{"image_generator_settings":{"template":"highway","default_image_id":0,"font":"","enabled":false},"version":2}},"categories":[4],"tags":[],"class_list":["post-78524","post","type-post","status-publish","format-standard","has-post-thumbnail","hentry","category-local"],"acf":[],"jetpack_publicize_connections":[],"jetpack_featured_media_url":"https:\/\/i0.wp.com\/blogdoeloiltoncajuhy.com.br\/site\/wp-content\/uploads\/2023\/07\/Falta-de-agua_100723.webp?fit=500%2C300&ssl=1","jetpack_sharing_enabled":true,"publishpress_future_workflow_manual_trigger":{"enabledWorkflows":[]},"_links":{"self":[{"href":"https:\/\/blogdoeloiltoncajuhy.com.br\/site\/wp-json\/wp\/v2\/posts\/78524","targetHints":{"allow":["GET"]}}],"collection":[{"href":"https:\/\/blogdoeloiltoncajuhy.com.br\/site\/wp-json\/wp\/v2\/posts"}],"about":[{"href":"https:\/\/blogdoeloiltoncajuhy.com.br\/site\/wp-json\/wp\/v2\/types\/post"}],"author":[{"embeddable":true,"href":"https:\/\/blogdoeloiltoncajuhy.com.br\/site\/wp-json\/wp\/v2\/users\/2"}],"replies":[{"embeddable":true,"href":"https:\/\/blogdoeloiltoncajuhy.com.br\/site\/wp-json\/wp\/v2\/comments?post=78524"}],"version-history":[{"count":1,"href":"https:\/\/blogdoeloiltoncajuhy.com.br\/site\/wp-json\/wp\/v2\/posts\/78524\/revisions"}],"predecessor-version":[{"id":78525,"href":"https:\/\/blogdoeloiltoncajuhy.com.br\/site\/wp-json\/wp\/v2\/posts\/78524\/revisions\/78525"}],"wp:featuredmedia":[{"embeddable":true,"href":"https:\/\/blogdoeloiltoncajuhy.com.br\/site\/wp-json\/wp\/v2\/media\/75292"}],"wp:attachment":[{"href":"https:\/\/blogdoeloiltoncajuhy.com.br\/site\/wp-json\/wp\/v2\/media?parent=78524"}],"wp:term":[{"taxonomy":"category","embeddable":true,"href":"https:\/\/blogdoeloiltoncajuhy.com.br\/site\/wp-json\/wp\/v2\/categories?post=78524"},{"taxonomy":"post_tag","embeddable":true,"href":"https:\/\/blogdoeloiltoncajuhy.com.br\/site\/wp-json\/wp\/v2\/tags?post=78524"}],"curies":[{"name":"wp","href":"https:\/\/api.w.org\/{rel}","templated":true}]}}