{"id":78520,"date":"2024-01-06T11:17:06","date_gmt":"2024-01-06T14:17:06","guid":{"rendered":"https:\/\/blogdoeloiltoncajuhy.com.br\/site\/?p=78520"},"modified":"2024-01-06T11:17:09","modified_gmt":"2024-01-06T14:17:09","slug":"velorio-de-zagallo-sera-aberto-ao-publico-neste-domingo-7-no-rio","status":"publish","type":"post","link":"https:\/\/blogdoeloiltoncajuhy.com.br\/site\/velorio-de-zagallo-sera-aberto-ao-publico-neste-domingo-7-no-rio\/","title":{"rendered":"Vel\u00f3rio de Zagallo ser\u00e1 aberto ao p\u00fablico neste domingo (7), no Rio"},"content":{"rendered":"\n<p class=\"has-medium-font-size\"><strong>Corpo de \u00edcone do futebol mundial ser\u00e1 velado a partir das 9h30, na Barra da Tijuca; ele morreu aos 92 anos.<\/strong><\/p>\n\n\n\n<p><strong>Folha de S.Paulo<\/strong><\/p>\n\n\n\n<figure class=\"wp-block-image aligncenter size-full\"><a href=\"https:\/\/i0.wp.com\/blogdoeloiltoncajuhy.com.br\/site\/wp-content\/uploads\/2024\/01\/Zagallo_Foto_Reproducao-TV-Globo.jpg?ssl=1\"><img data-recalc-dims=\"1\" fetchpriority=\"high\" decoding=\"async\" width=\"800\" height=\"532\" src=\"https:\/\/i0.wp.com\/blogdoeloiltoncajuhy.com.br\/site\/wp-content\/uploads\/2024\/01\/Zagallo_Foto_Reproducao-TV-Globo.jpg?resize=800%2C532&#038;ssl=1\" alt=\"\" class=\"wp-image-78521\" srcset=\"https:\/\/i0.wp.com\/blogdoeloiltoncajuhy.com.br\/site\/wp-content\/uploads\/2024\/01\/Zagallo_Foto_Reproducao-TV-Globo.jpg?w=900&amp;ssl=1 900w, https:\/\/i0.wp.com\/blogdoeloiltoncajuhy.com.br\/site\/wp-content\/uploads\/2024\/01\/Zagallo_Foto_Reproducao-TV-Globo.jpg?resize=300%2C200&amp;ssl=1 300w, https:\/\/i0.wp.com\/blogdoeloiltoncajuhy.com.br\/site\/wp-content\/uploads\/2024\/01\/Zagallo_Foto_Reproducao-TV-Globo.jpg?resize=768%2C511&amp;ssl=1 768w\" sizes=\"(max-width: 800px) 100vw, 800px\" \/><\/a><figcaption class=\"wp-element-caption\"><sub>Morre Zagallo aos 92 anos &#8211; Reprodu\u00e7\u00e3o\/TV Globo<\/sub><\/figcaption><\/figure>\n\n\n\n<p>M\u00e1rio Jorge Lobo Zagallo ser\u00e1 velado neste domingo (7) na sede da CBF (Confedera\u00e7\u00e3o Brasileira de Futebol), na Barra da Tijuca, zona oeste do Rio de Janeiro. O vel\u00f3rio vai come\u00e7ar \u00e0s 9h30 e ser\u00e1 aberto ao p\u00fablico.<\/p>\n\n\n\n<p>O \u00edcone do futebol mundial morreu no final da noite desta sexta-feira (5), aos 92 anos. Ele estava internado no hospital Barra D\u2019Or desde 26 de dezembro. Segundo a unidade m\u00e9dica, Zagallo morreu por fal\u00eancia m\u00faltipla de \u00f3rg\u00e3os \u2014 isto \u00e9, quando dois ou mais \u00f3rg\u00e3os param de funcionar.<\/p>\n\n\n\n<p>Ap\u00f3s o vel\u00f3rio, o Velho Lobo ser\u00e1 enterrado no cemit\u00e9rio S\u00e3o Jo\u00e3o Batista, em Botafogo, na zona sul do Rio. O enterro est\u00e1 marcado para \u00e0s 16h.<\/p>\n\n\n\n<p>A CBF decretou luto de sete dias e um minuto de sil\u00eancio em todos os jogos da primeira rodada das Eliminat\u00f3rias da Copa do Nordeste, que come\u00e7a neste s\u00e1bado.<\/p>\n\n\n\n<p>Em seu site, a entidade que comanda o futebol nacional publicou um longo texto sobre a trajet\u00f3ria de um dos nomes mais importantes da hist\u00f3ria da sele\u00e7\u00e3o brasileira \u2014 participou de quatro das cinco Copas conquistadas pelo Brasil.<\/p>\n\n\n\n<figure class=\"wp-block-image aligncenter size-full\"><a href=\"https:\/\/i0.wp.com\/blogdoeloiltoncajuhy.com.br\/site\/wp-content\/uploads\/2024\/01\/Zagallo_Foto_Patricia-Santos-Folhapress.png?ssl=1\"><img data-recalc-dims=\"1\" decoding=\"async\" width=\"781\" height=\"520\" src=\"https:\/\/i0.wp.com\/blogdoeloiltoncajuhy.com.br\/site\/wp-content\/uploads\/2024\/01\/Zagallo_Foto_Patricia-Santos-Folhapress.png?resize=781%2C520&#038;ssl=1\" alt=\"\" class=\"wp-image-78522\" srcset=\"https:\/\/i0.wp.com\/blogdoeloiltoncajuhy.com.br\/site\/wp-content\/uploads\/2024\/01\/Zagallo_Foto_Patricia-Santos-Folhapress.png?w=781&amp;ssl=1 781w, https:\/\/i0.wp.com\/blogdoeloiltoncajuhy.com.br\/site\/wp-content\/uploads\/2024\/01\/Zagallo_Foto_Patricia-Santos-Folhapress.png?resize=300%2C200&amp;ssl=1 300w, https:\/\/i0.wp.com\/blogdoeloiltoncajuhy.com.br\/site\/wp-content\/uploads\/2024\/01\/Zagallo_Foto_Patricia-Santos-Folhapress.png?resize=768%2C511&amp;ssl=1 768w\" sizes=\"(max-width: 781px) 100vw, 781px\" \/><\/a><figcaption class=\"wp-element-caption\"><sub>Foto: Patr\u00edcia Santos\/Folhapress<\/sub><\/figcaption><\/figure>\n","protected":false},"excerpt":{"rendered":"<p>Corpo de \u00edcone do futebol mundial ser\u00e1 velado a partir das 9h30, na Barra da Tijuca; ele morreu aos 92 anos. Folha de S.Paulo M\u00e1rio Jorge Lobo Zagallo ser\u00e1 velado neste domingo (7) na sede da CBF (Confedera\u00e7\u00e3o Brasileira de Futebol), na Barra da Tijuca, zona oeste do Rio de Janeiro. O vel\u00f3rio vai come\u00e7ar [&hellip;]<\/p>\n","protected":false},"author":2,"featured_media":78522,"comment_status":"open","ping_status":"open","sticky":false,"template":"","format":"standard","meta":{"_acf_changed":false,"_monsterinsights_skip_tracking":false,"_monsterinsights_sitenote_active":false,"_monsterinsights_sitenote_note":"","_monsterinsights_sitenote_category":0,"_jetpack_memberships_contains_paid_content":false,"footnotes":"","jetpack_publicize_message":"","jetpack_publicize_feature_enabled":true,"jetpack_social_post_already_shared":true,"jetpack_social_options":{"image_generator_settings":{"template":"highway","default_image_id":0,"font":"","enabled":false},"version":2}},"categories":[6],"tags":[],"class_list":["post-78520","post","type-post","status-publish","format-standard","has-post-thumbnail","hentry","category-esportes"],"acf":[],"jetpack_publicize_connections":[],"jetpack_featured_media_url":"https:\/\/i0.wp.com\/blogdoeloiltoncajuhy.com.br\/site\/wp-content\/uploads\/2024\/01\/Zagallo_Foto_Patricia-Santos-Folhapress.png?fit=781%2C520&ssl=1","jetpack_sharing_enabled":true,"publishpress_future_workflow_manual_trigger":{"enabledWorkflows":[]},"_links":{"self":[{"href":"https:\/\/blogdoeloiltoncajuhy.com.br\/site\/wp-json\/wp\/v2\/posts\/78520","targetHints":{"allow":["GET"]}}],"collection":[{"href":"https:\/\/blogdoeloiltoncajuhy.com.br\/site\/wp-json\/wp\/v2\/posts"}],"about":[{"href":"https:\/\/blogdoeloiltoncajuhy.com.br\/site\/wp-json\/wp\/v2\/types\/post"}],"author":[{"embeddable":true,"href":"https:\/\/blogdoeloiltoncajuhy.com.br\/site\/wp-json\/wp\/v2\/users\/2"}],"replies":[{"embeddable":true,"href":"https:\/\/blogdoeloiltoncajuhy.com.br\/site\/wp-json\/wp\/v2\/comments?post=78520"}],"version-history":[{"count":1,"href":"https:\/\/blogdoeloiltoncajuhy.com.br\/site\/wp-json\/wp\/v2\/posts\/78520\/revisions"}],"predecessor-version":[{"id":78523,"href":"https:\/\/blogdoeloiltoncajuhy.com.br\/site\/wp-json\/wp\/v2\/posts\/78520\/revisions\/78523"}],"wp:featuredmedia":[{"embeddable":true,"href":"https:\/\/blogdoeloiltoncajuhy.com.br\/site\/wp-json\/wp\/v2\/media\/78522"}],"wp:attachment":[{"href":"https:\/\/blogdoeloiltoncajuhy.com.br\/site\/wp-json\/wp\/v2\/media?parent=78520"}],"wp:term":[{"taxonomy":"category","embeddable":true,"href":"https:\/\/blogdoeloiltoncajuhy.com.br\/site\/wp-json\/wp\/v2\/categories?post=78520"},{"taxonomy":"post_tag","embeddable":true,"href":"https:\/\/blogdoeloiltoncajuhy.com.br\/site\/wp-json\/wp\/v2\/tags?post=78520"}],"curies":[{"name":"wp","href":"https:\/\/api.w.org\/{rel}","templated":true}]}}