{"id":78517,"date":"2024-01-05T12:41:25","date_gmt":"2024-01-05T15:41:25","guid":{"rendered":"https:\/\/blogdoeloiltoncajuhy.com.br\/site\/?p=78517"},"modified":"2024-01-05T12:41:27","modified_gmt":"2024-01-05T15:41:27","slug":"ednaldo-rodrigues-teria-interesse-em-dorival-junior-como-tecnico-da-selecao-brasileira","status":"publish","type":"post","link":"https:\/\/blogdoeloiltoncajuhy.com.br\/site\/ednaldo-rodrigues-teria-interesse-em-dorival-junior-como-tecnico-da-selecao-brasileira\/","title":{"rendered":"Ednaldo Rodrigues teria interesse em Dorival J\u00fanior como t\u00e9cnico da Sele\u00e7\u00e3o Brasileira"},"content":{"rendered":"\n<p class=\"has-text-align-center has-medium-font-size\"><strong>Ednaldo Rodrigues voltou ao cargo de presidente da CBF nesta quinta-feira (4).<\/strong><\/p>\n\n\n\n<p><strong>Lance!<\/strong><\/p>\n\n\n\n<figure class=\"wp-block-image aligncenter size-full is-resized\"><a href=\"https:\/\/i0.wp.com\/blogdoeloiltoncajuhy.com.br\/site\/wp-content\/uploads\/2024\/01\/Dorival-Jr-050124-foto-Rubens-ChiriSaopaulofc.net_.webp\"><img data-recalc-dims=\"1\" fetchpriority=\"high\" decoding=\"async\" width=\"800\" height=\"500\" src=\"https:\/\/i0.wp.com\/blogdoeloiltoncajuhy.com.br\/site\/wp-content\/uploads\/2024\/01\/Dorival-Jr-050124-foto-Rubens-ChiriSaopaulofc.net_.webp?resize=800%2C500\" alt=\"\" class=\"wp-image-78518\" style=\"width:723px;height:auto\" srcset=\"https:\/\/i0.wp.com\/blogdoeloiltoncajuhy.com.br\/site\/wp-content\/uploads\/2024\/01\/Dorival-Jr-050124-foto-Rubens-ChiriSaopaulofc.net_.webp?w=800&amp;ssl=1 800w, https:\/\/i0.wp.com\/blogdoeloiltoncajuhy.com.br\/site\/wp-content\/uploads\/2024\/01\/Dorival-Jr-050124-foto-Rubens-ChiriSaopaulofc.net_.webp?resize=300%2C188&amp;ssl=1 300w, https:\/\/i0.wp.com\/blogdoeloiltoncajuhy.com.br\/site\/wp-content\/uploads\/2024\/01\/Dorival-Jr-050124-foto-Rubens-ChiriSaopaulofc.net_.webp?resize=768%2C480&amp;ssl=1 768w\" sizes=\"(max-width: 800px) 100vw, 800px\" \/><\/a><figcaption class=\"wp-element-caption\"><sub>Foto: Rubens Chiri\/S\u00e3opaulofc.net<\/sub><\/figcaption><\/figure>\n\n\n\n<p>Com a volta ao cargo de presidente da Confedera\u00e7\u00e3o Brasileira de Futebol (CBF), Ednaldo Rodrigues estaria pensando na escolha da nova comiss\u00e3o t\u00e9cnica da Sele\u00e7\u00e3o Brasileira.<\/p>\n\n\n\n<p>Segundo noticiado pelo jornal &#8220;O Globo&#8221;, o nome de Dorival J\u00fanior &#8211; hoje no S\u00e3o Paulo -, estaria na mira para assumir o comando da amarelinha. O treinador tem contrato com o clube do Morumbi at\u00e9 o final de 2024. A inten\u00e7\u00e3o seria fazer um convite para Dorival assumir a responsabilidade.<\/p>\n\n\n\n<p>Esta n\u00e3o \u00e9 a primeira vez que o nome do t\u00e9cnico tricolor estaria sendo cogitado pela CBF. Em junho de 2023, a entidade j\u00e1 estava de olho no comandante.<\/p>\n\n\n\n<p>Atualmente, Fernando Diniz est\u00e1 exercendo a fun\u00e7\u00e3o, ao mesmo tempo que \u00e9 t\u00e9cnico do Fluminense. Seu contrato com a CBF vai at\u00e9 junho deste ano.<\/p>\n\n\n\n<p class=\"has-black-color has-text-color has-link-color has-medium-font-size wp-elements-7a8c6c9973dbb1d72650a01e2fb8a4f8\"><strong>O retorno de Ednaldo Rodrigues<\/strong><\/p>\n\n\n\n<figure class=\"wp-block-image aligncenter size-full is-resized\"><a href=\"https:\/\/i0.wp.com\/blogdoeloiltoncajuhy.com.br\/site\/wp-content\/uploads\/2023\/12\/CBF_Edinaldo-Rodrigues_presidente-afastado_Foto-CBF-Divulgacao-261223.jpg\"><img data-recalc-dims=\"1\" decoding=\"async\" width=\"800\" height=\"531\" src=\"https:\/\/i0.wp.com\/blogdoeloiltoncajuhy.com.br\/site\/wp-content\/uploads\/2023\/12\/CBF_Edinaldo-Rodrigues_presidente-afastado_Foto-CBF-Divulgacao-261223.jpg?resize=800%2C531\" alt=\"\" class=\"wp-image-78304\" style=\"width:674px;height:auto\" srcset=\"https:\/\/i0.wp.com\/blogdoeloiltoncajuhy.com.br\/site\/wp-content\/uploads\/2023\/12\/CBF_Edinaldo-Rodrigues_presidente-afastado_Foto-CBF-Divulgacao-261223.jpg?w=980&amp;ssl=1 980w, https:\/\/i0.wp.com\/blogdoeloiltoncajuhy.com.br\/site\/wp-content\/uploads\/2023\/12\/CBF_Edinaldo-Rodrigues_presidente-afastado_Foto-CBF-Divulgacao-261223.jpg?resize=300%2C199&amp;ssl=1 300w, https:\/\/i0.wp.com\/blogdoeloiltoncajuhy.com.br\/site\/wp-content\/uploads\/2023\/12\/CBF_Edinaldo-Rodrigues_presidente-afastado_Foto-CBF-Divulgacao-261223.jpg?resize=768%2C509&amp;ssl=1 768w\" sizes=\"(max-width: 800px) 100vw, 800px\" \/><\/a><figcaption class=\"wp-element-caption\"><sub>Foto: CBF\/Divulga\u00e7\u00e3o<\/sub><\/figcaption><\/figure>\n\n\n\n<p>O ministro do Superior Tribunal Federal, Gilmar Mendes, concedeu uma liminar favor\u00e1vel e recolocou Ednaldo Rodrigues na presid\u00eancia da CBF nesta quinta-feira (4).<\/p>\n\n\n\n<p>O ministro suspendeu a decis\u00e3o da Justi\u00e7a do Rio de Janeiro, que no dia 7 de dezembro afastou Ednaldo Rodrigues do cargo de presidente e nomeou Jos\u00e9 Perdiz como interventor da entidade. Gilmar concedeu a liminar ap\u00f3s a\u00e7\u00e3o movida pelo PCdoB (Partido Comunista do Brasil), e pelas manifesta\u00e7\u00f5es de Paulo Gonet Branco, Procurador Geral da Rep\u00fablica, e Advocacia Geral da Uni\u00e3o.<\/p>\n\n\n\n<p>Relator do caso, Gilmar Mendes destacou &#8220;evidente perigo de dano&#8221; com a decis\u00e3o, e explicou que &#8220;para evitar preju\u00edzos dessa natureza enquanto esta Suprema Corte se debru\u00e7a sobre os par\u00e2metros constitucionalmente adequados de legitimidade do Minist\u00e9rio P\u00fablico na seara desportiva, faz-se necess\u00e1ria a concess\u00e3o de medida cautelar apta a salvaguardar a atua\u00e7\u00e3o \u2013 ao que tudo indica constitucional \u2013 do ente ministerial, consubstanciada em diversas medidas judiciais e extrajudiciais manejadas em todo o pa\u00eds&#8221;.<\/p>\n","protected":false},"excerpt":{"rendered":"<p>Ednaldo Rodrigues voltou ao cargo de presidente da CBF nesta quinta-feira (4). Lance! Com a volta ao cargo de presidente da Confedera\u00e7\u00e3o Brasileira de Futebol (CBF), Ednaldo Rodrigues estaria pensando na escolha da nova comiss\u00e3o t\u00e9cnica da Sele\u00e7\u00e3o Brasileira. Segundo noticiado pelo jornal &#8220;O Globo&#8221;, o nome de Dorival J\u00fanior &#8211; hoje no S\u00e3o Paulo [&hellip;]<\/p>\n","protected":false},"author":2,"featured_media":78518,"comment_status":"open","ping_status":"open","sticky":false,"template":"","format":"standard","meta":{"_acf_changed":false,"_monsterinsights_skip_tracking":false,"_monsterinsights_sitenote_active":false,"_monsterinsights_sitenote_note":"","_monsterinsights_sitenote_category":0,"_jetpack_memberships_contains_paid_content":false,"footnotes":"","jetpack_publicize_message":"","jetpack_publicize_feature_enabled":true,"jetpack_social_post_already_shared":true,"jetpack_social_options":{"image_generator_settings":{"template":"highway","default_image_id":0,"font":"","enabled":false},"version":2}},"categories":[6],"tags":[],"class_list":["post-78517","post","type-post","status-publish","format-standard","has-post-thumbnail","hentry","category-esportes"],"acf":[],"jetpack_publicize_connections":[],"jetpack_featured_media_url":"https:\/\/i0.wp.com\/blogdoeloiltoncajuhy.com.br\/site\/wp-content\/uploads\/2024\/01\/Dorival-Jr-050124-foto-Rubens-ChiriSaopaulofc.net_.webp?fit=800%2C500&ssl=1","jetpack_sharing_enabled":true,"publishpress_future_workflow_manual_trigger":{"enabledWorkflows":[]},"_links":{"self":[{"href":"https:\/\/blogdoeloiltoncajuhy.com.br\/site\/wp-json\/wp\/v2\/posts\/78517","targetHints":{"allow":["GET"]}}],"collection":[{"href":"https:\/\/blogdoeloiltoncajuhy.com.br\/site\/wp-json\/wp\/v2\/posts"}],"about":[{"href":"https:\/\/blogdoeloiltoncajuhy.com.br\/site\/wp-json\/wp\/v2\/types\/post"}],"author":[{"embeddable":true,"href":"https:\/\/blogdoeloiltoncajuhy.com.br\/site\/wp-json\/wp\/v2\/users\/2"}],"replies":[{"embeddable":true,"href":"https:\/\/blogdoeloiltoncajuhy.com.br\/site\/wp-json\/wp\/v2\/comments?post=78517"}],"version-history":[{"count":1,"href":"https:\/\/blogdoeloiltoncajuhy.com.br\/site\/wp-json\/wp\/v2\/posts\/78517\/revisions"}],"predecessor-version":[{"id":78519,"href":"https:\/\/blogdoeloiltoncajuhy.com.br\/site\/wp-json\/wp\/v2\/posts\/78517\/revisions\/78519"}],"wp:featuredmedia":[{"embeddable":true,"href":"https:\/\/blogdoeloiltoncajuhy.com.br\/site\/wp-json\/wp\/v2\/media\/78518"}],"wp:attachment":[{"href":"https:\/\/blogdoeloiltoncajuhy.com.br\/site\/wp-json\/wp\/v2\/media?parent=78517"}],"wp:term":[{"taxonomy":"category","embeddable":true,"href":"https:\/\/blogdoeloiltoncajuhy.com.br\/site\/wp-json\/wp\/v2\/categories?post=78517"},{"taxonomy":"post_tag","embeddable":true,"href":"https:\/\/blogdoeloiltoncajuhy.com.br\/site\/wp-json\/wp\/v2\/tags?post=78517"}],"curies":[{"name":"wp","href":"https:\/\/api.w.org\/{rel}","templated":true}]}}