{"id":78503,"date":"2024-01-04T20:20:47","date_gmt":"2024-01-04T23:20:47","guid":{"rendered":"https:\/\/blogdoeloiltoncajuhy.com.br\/site\/?p=78503"},"modified":"2024-01-04T20:21:55","modified_gmt":"2024-01-04T23:21:55","slug":"if-baiano-divulga-concurso-com-96-vagas-para-professores-e-tecnicos-confira-como-participar","status":"publish","type":"post","link":"https:\/\/blogdoeloiltoncajuhy.com.br\/site\/if-baiano-divulga-concurso-com-96-vagas-para-professores-e-tecnicos-confira-como-participar\/","title":{"rendered":"IF Baiano divulga concurso com 96 vagas para professores e t\u00e9cnicos; confira como participar"},"content":{"rendered":"\n<p class=\"has-medium-font-size\"><strong>S\u00e3o 44 vagas para professores e 52 para t\u00e9cnico-administrativo em educa\u00e7\u00e3o nos n\u00edveis m\u00e9dio e superior. Interessados devem se inscrever at\u00e9 7 de fevereiro, exclusivamente via internet.<\/strong><\/p>\n\n\n\n<p><strong>Por g1 BA<\/strong><\/p>\n\n\n\n<figure class=\"wp-block-image aligncenter size-full is-resized\"><a href=\"https:\/\/i0.wp.com\/blogdoeloiltoncajuhy.com.br\/site\/wp-content\/uploads\/2024\/01\/Campus-Senhor-do-Bonfim-do-IF-Baiano-%E2%80%94-Foto-Divulgacao.png?ssl=1\"><img data-recalc-dims=\"1\" fetchpriority=\"high\" decoding=\"async\" width=\"800\" height=\"455\" src=\"https:\/\/i0.wp.com\/blogdoeloiltoncajuhy.com.br\/site\/wp-content\/uploads\/2024\/01\/Campus-Senhor-do-Bonfim-do-IF-Baiano-%E2%80%94-Foto-Divulgacao.png?resize=800%2C455&#038;ssl=1\" alt=\"\" class=\"wp-image-78504\" style=\"width:734px;height:auto\" srcset=\"https:\/\/i0.wp.com\/blogdoeloiltoncajuhy.com.br\/site\/wp-content\/uploads\/2024\/01\/Campus-Senhor-do-Bonfim-do-IF-Baiano-%E2%80%94-Foto-Divulgacao.png?w=822&amp;ssl=1 822w, https:\/\/i0.wp.com\/blogdoeloiltoncajuhy.com.br\/site\/wp-content\/uploads\/2024\/01\/Campus-Senhor-do-Bonfim-do-IF-Baiano-%E2%80%94-Foto-Divulgacao.png?resize=300%2C171&amp;ssl=1 300w, https:\/\/i0.wp.com\/blogdoeloiltoncajuhy.com.br\/site\/wp-content\/uploads\/2024\/01\/Campus-Senhor-do-Bonfim-do-IF-Baiano-%E2%80%94-Foto-Divulgacao.png?resize=768%2C437&amp;ssl=1 768w\" sizes=\"(max-width: 800px) 100vw, 800px\" \/><\/a><figcaption class=\"wp-element-caption\"><sub>Campus Senhor do Bonfim do IF Baiano \u2014 Foto: Divulga\u00e7\u00e3o<\/sub><\/figcaption><\/figure>\n\n\n\n<p>O Instituto Federal Baiano (IF Baiano) divulgou editais para preenchimento de 96 vagas para t\u00e9cnico-administrativos e docentes nas unidades da institui\u00e7\u00e3o localizadas na Bahia. S\u00e3o oferecidas 44 vagas para professores e 52 para t\u00e9cnico-administrativo em educa\u00e7\u00e3o nos n\u00edveis m\u00e9dio e superior.<\/p>\n\n\n\n<p>As inscri\u00e7\u00f5es para sele\u00e7\u00e3o e cadastro de reserva podem ser realizadas at\u00e9 7 de fevereiro, somente via internet, atrav\u00e9s do <a href=\"http:\/\/www.institutoaocp.org.br\/\" data-type=\"link\" data-id=\"http:\/\/www.institutoaocp.org.br\/\"><strong><mark style=\"background-color:rgba(0, 0, 0, 0)\" class=\"has-inline-color has-vivid-cyan-blue-color\">site oficial<\/mark><\/strong><\/a>. Os candidatos em vulnerabilidade social, inscritos no Cadastro \u00danico, podem solicitar isen\u00e7\u00e3o de taxa de inscri\u00e7\u00e3o at\u00e9 o pr\u00f3ximo s\u00e1bado (6).<\/p>\n\n\n\n<p>Os valores para realizar a inscri\u00e7\u00e3o s\u00e3o de R$ 80 para cargos de n\u00edvel m\u00e9dio, R$ 90 para t\u00e9cnicos, R$ 120 para n\u00edvel superior e R$150 para professores.<\/p>\n\n\n\n<p>As provas ser\u00e3o realizadas nas cidades de Guanambi, Itaberaba, Salvador, <strong><mark style=\"background-color:rgba(0, 0, 0, 0)\" class=\"has-inline-color has-black-color\">Senhor do Bonfim<\/mark><\/strong>, Teixeira de Freitas, Vit\u00f3ria da Conquista e Xique-Xique. O concurso tem validade de dois anos e pode ser prorrogado por mais dois anos.<\/p>\n\n\n\n<p>As vagas para professores est\u00e3o distribu\u00eddas entre as \u00e1reas de Atendimento Educacional Especializado (AEE), Arte, Biologia, Educa\u00e7\u00e3o F\u00edsica, Filosofia, F\u00edsica, Hist\u00f3ria, Inform\u00e1tica, Ingl\u00eas, Letras\/L\u00edngua Portuguesa e Literatura, Matem\u00e1tica, Medicina Veterin\u00e1ria, Meio Ambiente, M\u00fasica, Qu\u00edmica e Zootecnia.<\/p>\n\n\n\n<p>Essa sele\u00e7\u00e3o ter\u00e1 prova objetiva (prevista para ser realizada em 7 de abril), prova de desempenho did\u00e1tico e avalia\u00e7\u00e3o de t\u00edtulos. Os aprovados ter\u00e3o remunera\u00e7\u00e3o de R$ 4.875,18 a R$10.481,64, a depender da titula\u00e7\u00e3o.<\/p>\n\n\n\n<p>Para os t\u00e9cnicos administrativos, as vagas s\u00e3o divididas em assistente de aluno, assistente em administra\u00e7\u00e3o, t\u00e9cnico em agropecu\u00e1ria, t\u00e9cnico em contabilidade, t\u00e9cnico em enfermagem, t\u00e9cnico em laborat\u00f3rio de agroind\u00fastria\/alimentos, t\u00e9cnico em laborat\u00f3rio de inform\u00e1tica, t\u00e9cnico em TI, analista de Tecnologia da Informa\u00e7\u00e3o, assistente social, enfermeiro, engenheiro civil, engenheiro eletricista, m\u00e9dico veterin\u00e1rio, pedagogo e tecn\u00f3logo em gest\u00e3o p\u00fablica.<\/p>\n\n\n\n<p>A sele\u00e7\u00e3o para os t\u00e9cnicos administrativos ser\u00e1 de etapa \u00fanica, atrav\u00e9s de prova objetiva, prevista para 14 de abril. Os profissionais aprovados ter\u00e3o remunera\u00e7\u00e3o de R$ 2.120,13 a R$ 4.555,92, conforme o n\u00edvel de forma\u00e7\u00e3o.<\/p>\n","protected":false},"excerpt":{"rendered":"<p>S\u00e3o 44 vagas para professores e 52 para t\u00e9cnico-administrativo em educa\u00e7\u00e3o nos n\u00edveis m\u00e9dio e superior. Interessados devem se inscrever at\u00e9 7 de fevereiro, exclusivamente via internet. Por g1 BA O Instituto Federal Baiano (IF Baiano) divulgou editais para preenchimento de 96 vagas para t\u00e9cnico-administrativos e docentes nas unidades da institui\u00e7\u00e3o localizadas na Bahia. S\u00e3o [&hellip;]<\/p>\n","protected":false},"author":2,"featured_media":78504,"comment_status":"open","ping_status":"open","sticky":false,"template":"","format":"standard","meta":{"_acf_changed":false,"_monsterinsights_skip_tracking":false,"_monsterinsights_sitenote_active":false,"_monsterinsights_sitenote_note":"","_monsterinsights_sitenote_category":0,"_jetpack_memberships_contains_paid_content":false,"footnotes":"","jetpack_publicize_message":"","jetpack_publicize_feature_enabled":true,"jetpack_social_post_already_shared":true,"jetpack_social_options":{"image_generator_settings":{"template":"highway","default_image_id":0,"font":"","enabled":false},"version":2}},"categories":[32],"tags":[],"class_list":["post-78503","post","type-post","status-publish","format-standard","has-post-thumbnail","hentry","category-emprego"],"acf":[],"jetpack_publicize_connections":[],"jetpack_featured_media_url":"https:\/\/i0.wp.com\/blogdoeloiltoncajuhy.com.br\/site\/wp-content\/uploads\/2024\/01\/Campus-Senhor-do-Bonfim-do-IF-Baiano-%E2%80%94-Foto-Divulgacao.png?fit=822%2C468&ssl=1","jetpack_sharing_enabled":true,"publishpress_future_workflow_manual_trigger":{"enabledWorkflows":[]},"_links":{"self":[{"href":"https:\/\/blogdoeloiltoncajuhy.com.br\/site\/wp-json\/wp\/v2\/posts\/78503","targetHints":{"allow":["GET"]}}],"collection":[{"href":"https:\/\/blogdoeloiltoncajuhy.com.br\/site\/wp-json\/wp\/v2\/posts"}],"about":[{"href":"https:\/\/blogdoeloiltoncajuhy.com.br\/site\/wp-json\/wp\/v2\/types\/post"}],"author":[{"embeddable":true,"href":"https:\/\/blogdoeloiltoncajuhy.com.br\/site\/wp-json\/wp\/v2\/users\/2"}],"replies":[{"embeddable":true,"href":"https:\/\/blogdoeloiltoncajuhy.com.br\/site\/wp-json\/wp\/v2\/comments?post=78503"}],"version-history":[{"count":2,"href":"https:\/\/blogdoeloiltoncajuhy.com.br\/site\/wp-json\/wp\/v2\/posts\/78503\/revisions"}],"predecessor-version":[{"id":78506,"href":"https:\/\/blogdoeloiltoncajuhy.com.br\/site\/wp-json\/wp\/v2\/posts\/78503\/revisions\/78506"}],"wp:featuredmedia":[{"embeddable":true,"href":"https:\/\/blogdoeloiltoncajuhy.com.br\/site\/wp-json\/wp\/v2\/media\/78504"}],"wp:attachment":[{"href":"https:\/\/blogdoeloiltoncajuhy.com.br\/site\/wp-json\/wp\/v2\/media?parent=78503"}],"wp:term":[{"taxonomy":"category","embeddable":true,"href":"https:\/\/blogdoeloiltoncajuhy.com.br\/site\/wp-json\/wp\/v2\/categories?post=78503"},{"taxonomy":"post_tag","embeddable":true,"href":"https:\/\/blogdoeloiltoncajuhy.com.br\/site\/wp-json\/wp\/v2\/tags?post=78503"}],"curies":[{"name":"wp","href":"https:\/\/api.w.org\/{rel}","templated":true}]}}