{"id":78499,"date":"2024-01-04T14:32:46","date_gmt":"2024-01-04T17:32:46","guid":{"rendered":"https:\/\/blogdoeloiltoncajuhy.com.br\/site\/?p=78499"},"modified":"2024-01-04T14:32:49","modified_gmt":"2024-01-04T17:32:49","slug":"cbf-divulga-tabela-detalhada-da-pre-copa-do-nordeste-veja-os-dias-e-horarios-dos-jogos","status":"publish","type":"post","link":"https:\/\/blogdoeloiltoncajuhy.com.br\/site\/cbf-divulga-tabela-detalhada-da-pre-copa-do-nordeste-veja-os-dias-e-horarios-dos-jogos\/","title":{"rendered":"CBF divulga tabela detalhada da Pr\u00e9 Copa do Nordeste; veja os dias e hor\u00e1rios dos jogos"},"content":{"rendered":"\n<p class=\"has-text-align-center has-medium-font-size\"><strong>Primeira etapa eliminat\u00f3ria do Regional ser\u00e1 disputada nos dias 6 e 7 de janeiro.<\/strong><\/p>\n\n\n\n<p><strong>Por Reda\u00e7\u00e3o do ge<\/strong> \u2014 Recife<\/p>\n\n\n\n<figure class=\"wp-block-image aligncenter size-full is-resized\"><a href=\"https:\/\/i0.wp.com\/blogdoeloiltoncajuhy.com.br\/site\/wp-content\/uploads\/2024\/01\/Taca-da-Copa-do-Nordeste-%E2%80%94-Foto-Thais-Magalhaes-CBF.webp\"><img data-recalc-dims=\"1\" fetchpriority=\"high\" decoding=\"async\" width=\"800\" height=\"533\" src=\"https:\/\/i0.wp.com\/blogdoeloiltoncajuhy.com.br\/site\/wp-content\/uploads\/2024\/01\/Taca-da-Copa-do-Nordeste-%E2%80%94-Foto-Thais-Magalhaes-CBF.webp?resize=800%2C533\" alt=\"\" class=\"wp-image-78500\" style=\"width:693px;height:auto\" srcset=\"https:\/\/i0.wp.com\/blogdoeloiltoncajuhy.com.br\/site\/wp-content\/uploads\/2024\/01\/Taca-da-Copa-do-Nordeste-%E2%80%94-Foto-Thais-Magalhaes-CBF.webp?w=984&amp;ssl=1 984w, https:\/\/i0.wp.com\/blogdoeloiltoncajuhy.com.br\/site\/wp-content\/uploads\/2024\/01\/Taca-da-Copa-do-Nordeste-%E2%80%94-Foto-Thais-Magalhaes-CBF.webp?resize=300%2C200&amp;ssl=1 300w, https:\/\/i0.wp.com\/blogdoeloiltoncajuhy.com.br\/site\/wp-content\/uploads\/2024\/01\/Taca-da-Copa-do-Nordeste-%E2%80%94-Foto-Thais-Magalhaes-CBF.webp?resize=768%2C512&amp;ssl=1 768w\" sizes=\"(max-width: 800px) 100vw, 800px\" \/><\/a><figcaption class=\"wp-element-caption\"><sub>Ta\u00e7a da Copa do Nordeste \u2014 Foto: Thais Magalh\u00e3es\/CBF<\/sub><\/figcaption><\/figure>\n\n\n\n<p>A CBF divulgou a tabela detalhada dos primeiros jogos eliminat\u00f3rios da fase Pr\u00e9 da Copa do Nordeste. As partidas acontecem neste fim de semana. Ser\u00e3o ao todo oito confrontos, quatro no s\u00e1bado, dia 6, e os demais no domingo, dia 7 de janeiro.<\/p>\n\n\n\n<p class=\"has-black-color has-text-color has-link-color has-medium-font-size wp-elements-8949f9347496c205cecafa5c41fafb83\"><strong>Confira os jogos<\/strong><\/p>\n\n\n\n<p class=\"has-black-color has-text-color has-link-color wp-elements-71f9707b100b95848669038b35123448\"><strong>Dia 6\/1<\/strong><\/p>\n\n\n\n<p>16h &#8211; Confian\u00e7a x Retr\u00f4 (Batist\u00e3o)<br>16h &#8211; Ferrovi\u00e1rio-CE x ASA-AL (Presidente Vargas)<br>19h &#8211; ABC x Sousa-PB (local a definir)<br>19h &#8211; CSA x Iguatu-CE (Rei Pel\u00e9)<\/p>\n\n\n\n<p class=\"has-black-color has-text-color has-link-color wp-elements-506c7e8d741656c34f7986321a5483b4\"><strong>Dia 7\/1<\/strong><\/p>\n\n\n\n<p>16h &#8211; Sampaio Corr\u00eaa x Potiguar (local a definir)<br>16h &#8211; Juazeirense x Moto Club (Adauto Moraes)<br>19h &#8211; Botafogo-PB x Jacuipense-BA (Almeid\u00e3o)<br>19h &#8211; Altos-PI x Santa Cruz (LIndolfo Monteiro)<\/p>\n\n\n\n<p>Quem vencer se classifica para a segunda fase eliminat\u00f3ria e em caso de empate, a decis\u00e3o da vaga sair\u00e1 nos p\u00eanaltis. Os mandos de campo foram definidos pelo ranking da CBF, com os clubes melhores colocados tendo a vantagem de atuarem como mandantes.<\/p>\n\n\n\n<p>Crit\u00e9rio que se mant\u00e9m no segundo mata-mata, com os jogos sendo disputados no fim de semana seguinte, nos dias 13 e 14 de janeiro.<\/p>\n\n\n\n<p>Os classificados na segunda eliminat\u00f3ria avan\u00e7am para a fase de grupos onde j\u00e1 est\u00e3o garantidos CRB, Bahia, Vit\u00f3ria, Fortaleza, Cear\u00e1, Maranh\u00e3o, Treze, Sport, N\u00e1utico, River-PI, Am\u00e9rica-RN e Itabaiana-SE.<\/p>\n\n\n\n<figure class=\"wp-block-image aligncenter size-full is-resized\"><a href=\"https:\/\/i0.wp.com\/blogdoeloiltoncajuhy.com.br\/site\/wp-content\/uploads\/2024\/01\/Ceara-campeao-da-Copa-do-Nordeste_2023-%E2%80%94-Foto-Rafael-Vieira-AGIF.webp?ssl=1\"><img data-recalc-dims=\"1\" decoding=\"async\" width=\"800\" height=\"533\" src=\"https:\/\/i0.wp.com\/blogdoeloiltoncajuhy.com.br\/site\/wp-content\/uploads\/2024\/01\/Ceara-campeao-da-Copa-do-Nordeste_2023-%E2%80%94-Foto-Rafael-Vieira-AGIF.webp?resize=800%2C533&#038;ssl=1\" alt=\"\" class=\"wp-image-78501\" style=\"width:693px;height:auto\" srcset=\"https:\/\/i0.wp.com\/blogdoeloiltoncajuhy.com.br\/site\/wp-content\/uploads\/2024\/01\/Ceara-campeao-da-Copa-do-Nordeste_2023-%E2%80%94-Foto-Rafael-Vieira-AGIF.webp?w=984&amp;ssl=1 984w, https:\/\/i0.wp.com\/blogdoeloiltoncajuhy.com.br\/site\/wp-content\/uploads\/2024\/01\/Ceara-campeao-da-Copa-do-Nordeste_2023-%E2%80%94-Foto-Rafael-Vieira-AGIF.webp?resize=300%2C200&amp;ssl=1 300w, https:\/\/i0.wp.com\/blogdoeloiltoncajuhy.com.br\/site\/wp-content\/uploads\/2024\/01\/Ceara-campeao-da-Copa-do-Nordeste_2023-%E2%80%94-Foto-Rafael-Vieira-AGIF.webp?resize=768%2C512&amp;ssl=1 768w\" sizes=\"(max-width: 800px) 100vw, 800px\" \/><\/a><figcaption class=\"wp-element-caption\"><sub>O Cear\u00e1 \u00e9 o atual campe\u00e3o da Copa do Nordeste \u2014 Foto: Rafael Vieira\/AGIF<\/sub><\/figcaption><\/figure>\n","protected":false},"excerpt":{"rendered":"<p>Primeira etapa eliminat\u00f3ria do Regional ser\u00e1 disputada nos dias 6 e 7 de janeiro. Por Reda\u00e7\u00e3o do ge \u2014 Recife A CBF divulgou a tabela detalhada dos primeiros jogos eliminat\u00f3rios da fase Pr\u00e9 da Copa do Nordeste. As partidas acontecem neste fim de semana. Ser\u00e3o ao todo oito confrontos, quatro no s\u00e1bado, dia 6, e [&hellip;]<\/p>\n","protected":false},"author":2,"featured_media":78500,"comment_status":"open","ping_status":"open","sticky":false,"template":"","format":"standard","meta":{"_acf_changed":false,"_monsterinsights_skip_tracking":false,"_monsterinsights_sitenote_active":false,"_monsterinsights_sitenote_note":"","_monsterinsights_sitenote_category":0,"_jetpack_memberships_contains_paid_content":false,"footnotes":"","jetpack_publicize_message":"","jetpack_publicize_feature_enabled":true,"jetpack_social_post_already_shared":true,"jetpack_social_options":{"image_generator_settings":{"template":"highway","default_image_id":0,"font":"","enabled":false},"version":2}},"categories":[6],"tags":[],"class_list":["post-78499","post","type-post","status-publish","format-standard","has-post-thumbnail","hentry","category-esportes"],"acf":[],"jetpack_publicize_connections":[],"jetpack_featured_media_url":"https:\/\/i0.wp.com\/blogdoeloiltoncajuhy.com.br\/site\/wp-content\/uploads\/2024\/01\/Taca-da-Copa-do-Nordeste-%E2%80%94-Foto-Thais-Magalhaes-CBF.webp?fit=984%2C656&ssl=1","jetpack_sharing_enabled":true,"publishpress_future_workflow_manual_trigger":{"enabledWorkflows":[]},"_links":{"self":[{"href":"https:\/\/blogdoeloiltoncajuhy.com.br\/site\/wp-json\/wp\/v2\/posts\/78499","targetHints":{"allow":["GET"]}}],"collection":[{"href":"https:\/\/blogdoeloiltoncajuhy.com.br\/site\/wp-json\/wp\/v2\/posts"}],"about":[{"href":"https:\/\/blogdoeloiltoncajuhy.com.br\/site\/wp-json\/wp\/v2\/types\/post"}],"author":[{"embeddable":true,"href":"https:\/\/blogdoeloiltoncajuhy.com.br\/site\/wp-json\/wp\/v2\/users\/2"}],"replies":[{"embeddable":true,"href":"https:\/\/blogdoeloiltoncajuhy.com.br\/site\/wp-json\/wp\/v2\/comments?post=78499"}],"version-history":[{"count":1,"href":"https:\/\/blogdoeloiltoncajuhy.com.br\/site\/wp-json\/wp\/v2\/posts\/78499\/revisions"}],"predecessor-version":[{"id":78502,"href":"https:\/\/blogdoeloiltoncajuhy.com.br\/site\/wp-json\/wp\/v2\/posts\/78499\/revisions\/78502"}],"wp:featuredmedia":[{"embeddable":true,"href":"https:\/\/blogdoeloiltoncajuhy.com.br\/site\/wp-json\/wp\/v2\/media\/78500"}],"wp:attachment":[{"href":"https:\/\/blogdoeloiltoncajuhy.com.br\/site\/wp-json\/wp\/v2\/media?parent=78499"}],"wp:term":[{"taxonomy":"category","embeddable":true,"href":"https:\/\/blogdoeloiltoncajuhy.com.br\/site\/wp-json\/wp\/v2\/categories?post=78499"},{"taxonomy":"post_tag","embeddable":true,"href":"https:\/\/blogdoeloiltoncajuhy.com.br\/site\/wp-json\/wp\/v2\/tags?post=78499"}],"curies":[{"name":"wp","href":"https:\/\/api.w.org\/{rel}","templated":true}]}}