{"id":78485,"date":"2024-01-04T11:17:04","date_gmt":"2024-01-04T14:17:04","guid":{"rendered":"https:\/\/blogdoeloiltoncajuhy.com.br\/site\/?p=78485"},"modified":"2024-01-04T11:17:07","modified_gmt":"2024-01-04T14:17:07","slug":"alem-do-dinheiro-esquecido-veja-onde-voce-pode-encontrar-valores-que-nem-sabia-que-tinha-direito-a-receber","status":"publish","type":"post","link":"https:\/\/blogdoeloiltoncajuhy.com.br\/site\/alem-do-dinheiro-esquecido-veja-onde-voce-pode-encontrar-valores-que-nem-sabia-que-tinha-direito-a-receber\/","title":{"rendered":"Al\u00e9m do dinheiro esquecido, veja onde voc\u00ea pode encontrar valores que nem sabia que tinha direito a receber"},"content":{"rendered":"\n<p class=\"has-medium-font-size\"><strong>Recursos ignorados em bancos, cr\u00e9ditos de impostos, indeniza\u00e7\u00f5es por perdas em planos econ\u00f4micos: veja lista com 6 poss\u00edveis fontes que podem fazer 2024 com algo a mais na conta.<\/strong><\/p>\n\n\n\n<p><strong>Por Caroline Nunes\/O Globo<\/strong> \u2014 Rio de Janeiro<\/p>\n\n\n\n<figure class=\"wp-block-image aligncenter size-full\"><a href=\"https:\/\/i0.wp.com\/blogdoeloiltoncajuhy.com.br\/site\/wp-content\/uploads\/2024\/01\/Dinheiro-esquecido-01-%E2%80%94-Foto-Marcelo-Andreguetti.jpg?ssl=1\"><img data-recalc-dims=\"1\" fetchpriority=\"high\" decoding=\"async\" width=\"800\" height=\"444\" src=\"https:\/\/i0.wp.com\/blogdoeloiltoncajuhy.com.br\/site\/wp-content\/uploads\/2024\/01\/Dinheiro-esquecido-01-%E2%80%94-Foto-Marcelo-Andreguetti.jpg?resize=800%2C444&#038;ssl=1\" alt=\"\" class=\"wp-image-78486\" srcset=\"https:\/\/i0.wp.com\/blogdoeloiltoncajuhy.com.br\/site\/wp-content\/uploads\/2024\/01\/Dinheiro-esquecido-01-%E2%80%94-Foto-Marcelo-Andreguetti.jpg?w=900&amp;ssl=1 900w, https:\/\/i0.wp.com\/blogdoeloiltoncajuhy.com.br\/site\/wp-content\/uploads\/2024\/01\/Dinheiro-esquecido-01-%E2%80%94-Foto-Marcelo-Andreguetti.jpg?resize=300%2C167&amp;ssl=1 300w, https:\/\/i0.wp.com\/blogdoeloiltoncajuhy.com.br\/site\/wp-content\/uploads\/2024\/01\/Dinheiro-esquecido-01-%E2%80%94-Foto-Marcelo-Andreguetti.jpg?resize=768%2C427&amp;ssl=1 768w\" sizes=\"(max-width: 800px) 100vw, 800px\" \/><\/a><figcaption class=\"wp-element-caption\"><sub>Dinheiro esquecido: Sistema mostra quantia deixada em bancos \u2014 Foto: Marcelo Andreguetti<\/sub><\/figcaption><\/figure>\n\n\n\n<p>H\u00e1 nada menos que cerca de R$ 7,5 bilh\u00f5es parados em contas inativas de bancos e outras institui\u00e7\u00f5es financeiras, segundo os dados mais recentes do Banco Central (BC). Esse dinheiro esquecido levou o BC a criar uma plataforma para que os donos dos recursos os encontrem e resgatem, chamada <a href=\"https:\/\/valoresareceber.bcb.gov.br\/publico\" data-type=\"link\" data-id=\"https:\/\/valoresareceber.bcb.gov.br\/publico\"><strong><mark style=\"background-color:rgba(0, 0, 0, 0)\" class=\"has-inline-color has-vivid-cyan-blue-color\">Valores a Receber<\/mark><\/strong><\/a>.<\/p>\n\n\n\n<p>Do total esquecido, cerca de R$ 6 bilh\u00f5es pertencem a mais de 40 milh\u00f5es de brasileiros. O restante da quantia \u00e9 dinheiro de empresas. Mas os brasileiros podem ter mais dinheiro a receber por a\u00ed e nem sabem disso.<\/p>\n\n\n\n<p>Por exemplo: mais de 400 brasileiros podem reaver as perdas causadas durante os governos Collor e Sarney. As quantias, nesses casos, podem chegar a at\u00e9 R$ 100 mil. H\u00e1 ainda outros recursos esquecidos por brasileiros, como o resgate de cr\u00e9ditos da nota fiscal em que o CPF \u00e9 registrado. <strong><mark style=\"background-color:rgba(0, 0, 0, 0)\" class=\"has-inline-color has-black-color\">Veja a seguir algumas fontes de recursos que podem ser seus e voc\u00ea nem sabia.<\/mark><\/strong><\/p>\n\n\n\n<p class=\"has-black-color has-text-color has-link-color has-medium-font-size wp-elements-81006b4781b2b7ff4931027c3d63bae2\"><strong>1 &#8211; Dinheiro esquecido em bancos<\/strong><\/p>\n\n\n\n<figure class=\"wp-block-image aligncenter size-full\"><a href=\"https:\/\/i0.wp.com\/blogdoeloiltoncajuhy.com.br\/site\/wp-content\/uploads\/2024\/01\/Dinheiro-esquecido-em-bancos-%E2%80%94-Foto-Editoria-de-arte-O-Globo.jpg?ssl=1\"><img data-recalc-dims=\"1\" decoding=\"async\" width=\"800\" height=\"477\" src=\"https:\/\/i0.wp.com\/blogdoeloiltoncajuhy.com.br\/site\/wp-content\/uploads\/2024\/01\/Dinheiro-esquecido-em-bancos-%E2%80%94-Foto-Editoria-de-arte-O-Globo.jpg?resize=800%2C477&#038;ssl=1\" alt=\"\" class=\"wp-image-78487\" srcset=\"https:\/\/i0.wp.com\/blogdoeloiltoncajuhy.com.br\/site\/wp-content\/uploads\/2024\/01\/Dinheiro-esquecido-em-bancos-%E2%80%94-Foto-Editoria-de-arte-O-Globo.jpg?w=900&amp;ssl=1 900w, https:\/\/i0.wp.com\/blogdoeloiltoncajuhy.com.br\/site\/wp-content\/uploads\/2024\/01\/Dinheiro-esquecido-em-bancos-%E2%80%94-Foto-Editoria-de-arte-O-Globo.jpg?resize=300%2C179&amp;ssl=1 300w, https:\/\/i0.wp.com\/blogdoeloiltoncajuhy.com.br\/site\/wp-content\/uploads\/2024\/01\/Dinheiro-esquecido-em-bancos-%E2%80%94-Foto-Editoria-de-arte-O-Globo.jpg?resize=768%2C458&amp;ssl=1 768w\" sizes=\"(max-width: 800px) 100vw, 800px\" \/><\/a><figcaption class=\"wp-element-caption\"><sub>Dinheiro esquecido em bancos \u2014 Foto: Editoria de arte\/O Globo<\/sub><\/figcaption><\/figure>\n\n\n\n<p>Por meio da plataforma Valores a Receber do Banco Central, cidad\u00e3os e empresas podem consultar se h\u00e1 algum dinheiro esquecido em bancos e outras institui\u00e7\u00f5es. S\u00e3o cerca de R$ 7,5 bilh\u00f5es parados em contas inativas de bancos e outras institui\u00e7\u00f5es que poderiam ser sacados.<\/p>\n\n\n\n<p>Os valores podem ser consultados no site do <a href=\"https:\/\/www.bcb.gov.br\/meubc\/valores-a-receber\" data-type=\"link\" data-id=\"https:\/\/www.bcb.gov.br\/meubc\/valores-a-receber\"><strong><mark style=\"background-color:rgba(0, 0, 0, 0)\" class=\"has-inline-color has-vivid-cyan-blue-color\">Banco Central do Brasil<\/mark><\/strong><\/a>. Caso exista algum valor, \u00e9 poss\u00edvel solicitar seu resgate.<\/p>\n\n\n\n<p><em>Como consultar o dinheiro esquecido:<\/em><\/p>\n\n\n\n<ul class=\"wp-block-list\">\n<li>Clique em \u201cConsulte valores a receber\u201d;<\/li>\n\n\n\n<li>Preencha os campos com os seus dados;<\/li>\n\n\n\n<li>Clique em \u201cConsultar\u201d e confira;<\/li>\n\n\n\n<li>Caso voc\u00ea tenha valores a receber, basta clicar em \u201cAcessar o SVR\u201d. \u00c9 preciso ter uma conta gov.br de n\u00edvel prata ou ouro para entrar SVR.<\/li>\n\n\n\n<li>Preste aten\u00e7\u00e3o \u00e0 data que o Sistema de Valores a Receber vai informar. Essa data ser\u00e1 um agendamento, e voc\u00ea poder\u00e1 consultar os valores e informar os dados para a transfer\u00eancia nesse dia. O agendamento ser\u00e1 feito de acordo com sua data de nascimento. No caso das empresas, de acordo com a data de cria\u00e7\u00e3o da companhia;<\/li>\n\n\n\n<li>Na data agendada, acesse novamente o site valoresareceber.bcb.gov.br, usando seu login gov.br para saber qual o valor dispon\u00edvel para saque e solicitar a transfer\u00eancia;<\/li>\n\n\n\n<li>Se voc\u00ea perdeu a data do agendamento, basta entrar novamente no site valoresareceber.bcb.gov.br e solicitar novo acesso. O sistema vai informar nova data para o retorno.<\/li>\n<\/ul>\n\n\n\n<p><\/p>\n\n\n\n<p class=\"has-black-color has-text-color has-link-color has-medium-font-size wp-elements-9d59b9c327d7c5a96db0321b48e29908\"><strong>2 &#8211; Dinheiro dos governos Collor e Sarney<\/strong><\/p>\n\n\n\n<figure class=\"wp-block-image aligncenter size-full\"><a href=\"https:\/\/i0.wp.com\/blogdoeloiltoncajuhy.com.br\/site\/wp-content\/uploads\/2024\/01\/Dinheiro-esquecido-dos-Governos-Collor-e-Sarney-%E2%80%94-Foto-Editoria-de-arte-O-Globo.png?ssl=1\"><img data-recalc-dims=\"1\" decoding=\"async\" width=\"800\" height=\"486\" src=\"https:\/\/i0.wp.com\/blogdoeloiltoncajuhy.com.br\/site\/wp-content\/uploads\/2024\/01\/Dinheiro-esquecido-dos-Governos-Collor-e-Sarney-%E2%80%94-Foto-Editoria-de-arte-O-Globo.png?resize=800%2C486&#038;ssl=1\" alt=\"\" class=\"wp-image-78488\" srcset=\"https:\/\/i0.wp.com\/blogdoeloiltoncajuhy.com.br\/site\/wp-content\/uploads\/2024\/01\/Dinheiro-esquecido-dos-Governos-Collor-e-Sarney-%E2%80%94-Foto-Editoria-de-arte-O-Globo.png?w=805&amp;ssl=1 805w, https:\/\/i0.wp.com\/blogdoeloiltoncajuhy.com.br\/site\/wp-content\/uploads\/2024\/01\/Dinheiro-esquecido-dos-Governos-Collor-e-Sarney-%E2%80%94-Foto-Editoria-de-arte-O-Globo.png?resize=300%2C182&amp;ssl=1 300w, https:\/\/i0.wp.com\/blogdoeloiltoncajuhy.com.br\/site\/wp-content\/uploads\/2024\/01\/Dinheiro-esquecido-dos-Governos-Collor-e-Sarney-%E2%80%94-Foto-Editoria-de-arte-O-Globo.png?resize=768%2C467&amp;ssl=1 768w\" sizes=\"(max-width: 800px) 100vw, 800px\" \/><\/a><figcaption class=\"wp-element-caption\"><sub>Dinheiro esquecido dos Governos Collor e Sarney \u2014 Foto: Editoria de arte\/O Globo.PNG<\/sub><\/figcaption><\/figure>\n\n\n\n<p>Brasileiros que sofreram preju\u00edzos em contas poupan\u00e7a com a implementa\u00e7\u00e3o dos planos econ\u00f4micos dos governos Collor e Sarney (que tinham como objetivo controlar a infla\u00e7\u00e3o) t\u00eam direito a repara\u00e7\u00e3o. Os planos contemplados no acordo s\u00e3o: Bresser (1987), Ver\u00e3o (1989), Collor I (1990) e Collor II (1991).<\/p>\n\n\n\n<p>Estimativas apontam que 470 mil brasileiros podem reaver suas perdas, a quantia pode variar de R$ 3 mil a at\u00e9 R$100 mil. Ainda de acordo com a entidade, mais de 300 mil pessoas j\u00e1 foram beneficiadas pelo acordo coletivo.<\/p>\n\n\n\n<p>O valor do acordo depende do saldo base existente na data do plano. Ap\u00f3s a ades\u00e3o, o dinheiro \u00e9 devolvido em at\u00e9 15 dias.<\/p>\n\n\n\n<p><em>Quem tem direito a receber?<\/em><\/p>\n\n\n\n<p>Todos os correntistas ou seus herdeiros que ajuizaram a\u00e7\u00f5es individuais ou se associaram a a\u00e7\u00f5es coletivas\/ a\u00e7\u00f5es civis p\u00fablicas que tiveram senten\u00e7as favor\u00e1veis at\u00e9 11 de dezembro de 2017 t\u00eam direito a receber a quantia.<\/p>\n\n\n\n<p><em>Como aderir ao acordo?<\/em><\/p>\n\n\n\n<p>Os interessados em aderir ao acordo devem se habilitar no Portal de Acordos, uma plataforma online unificada neste link. Al\u00e9m disso, h\u00e1 mesas de ades\u00e3o diretamente com os bancos e mutir\u00f5es de ades\u00e3o organizados junto ao Poder Judici\u00e1rio, informa a Febrapo.<\/p>\n\n\n\n<p>Todas as ades\u00f5es, independentemente da forma em que sejam celebradas e processadas, devem ser lan\u00e7adas e registradas no Portal de Acordos pela institui\u00e7\u00e3o financeira.<\/p>\n\n\n\n<p>Os poupadores tem o prazo de 60 meses para se habilitar ap\u00f3s a homologa\u00e7\u00e3o do Termo Aditivo pelo STF, ocorrida em 28 de maio de 2020.<\/p>\n\n\n\n<p class=\"has-black-color has-text-color has-link-color has-medium-font-size wp-elements-79454bc08d640d31e5198abfc315dce3\"><strong>3 &#8211; CPF na nota fiscal<\/strong><\/p>\n\n\n\n<figure class=\"wp-block-image aligncenter size-full\"><a href=\"https:\/\/i0.wp.com\/blogdoeloiltoncajuhy.com.br\/site\/wp-content\/uploads\/2024\/01\/Dinheiro-esquecido-CPF-na-Nota-Fiscal-%E2%80%94-Foto-Editoria-de-arte-O-Globo.png?ssl=1\"><img data-recalc-dims=\"1\" loading=\"lazy\" decoding=\"async\" width=\"800\" height=\"481\" src=\"https:\/\/i0.wp.com\/blogdoeloiltoncajuhy.com.br\/site\/wp-content\/uploads\/2024\/01\/Dinheiro-esquecido-CPF-na-Nota-Fiscal-%E2%80%94-Foto-Editoria-de-arte-O-Globo.png?resize=800%2C481&#038;ssl=1\" alt=\"\" class=\"wp-image-78489\" srcset=\"https:\/\/i0.wp.com\/blogdoeloiltoncajuhy.com.br\/site\/wp-content\/uploads\/2024\/01\/Dinheiro-esquecido-CPF-na-Nota-Fiscal-%E2%80%94-Foto-Editoria-de-arte-O-Globo.png?w=808&amp;ssl=1 808w, https:\/\/i0.wp.com\/blogdoeloiltoncajuhy.com.br\/site\/wp-content\/uploads\/2024\/01\/Dinheiro-esquecido-CPF-na-Nota-Fiscal-%E2%80%94-Foto-Editoria-de-arte-O-Globo.png?resize=300%2C180&amp;ssl=1 300w, https:\/\/i0.wp.com\/blogdoeloiltoncajuhy.com.br\/site\/wp-content\/uploads\/2024\/01\/Dinheiro-esquecido-CPF-na-Nota-Fiscal-%E2%80%94-Foto-Editoria-de-arte-O-Globo.png?resize=768%2C462&amp;ssl=1 768w\" sizes=\"(max-width: 800px) 100vw, 800px\" \/><\/a><figcaption class=\"wp-element-caption\"><sub>CPF na Nota Fiscal \u2014 Foto: Editoria de arte\/O Globo<\/sub><\/figcaption><\/figure>\n\n\n\n<p>A inclus\u00e3o do CPF na nota fiscal \u00e9 uma forma de os estados terem maior controle da tributa\u00e7\u00e3o fiscal do com\u00e9rcio e tamb\u00e9m combater a sonega\u00e7\u00e3o. Mas o cidad\u00e3o tem benef\u00edcios ao incluir o CPF na nota. Em alguns estados \u00e9 poss\u00edvel at\u00e9 mesmo resgatar os cr\u00e9ditos.<\/p>\n\n\n\n<p>Em S\u00e3o Paulo, por exemplo, o programa Nota fiscal Paulista devolve at\u00e9 30% do ICMS efetivamente recolhido pelos estabelecimentos comerciais aos consumidores. De acordo com a Secretaria de Fazenda e Planejamento do estado, j\u00e1 foram devolvidos cerca de R$ 18,3 bilh\u00f5es \u2014 entre cr\u00e9ditos e pr\u00eamios.<\/p>\n\n\n\n<p>Os cr\u00e9ditos permanecem \u00e0 disposi\u00e7\u00e3o dos consumidores por um ano, a contar da libera\u00e7\u00e3o, e podem ser utilizados a qualquer momento dentro desse per\u00edodo. Em dezembro, vencem cerca de R$ 13,7 milh\u00f5es liberados em dezembro de 2022 para mais de 11 milh\u00f5es de pessoas.<\/p>\n\n\n\n<p>De acordo com a Serasa estes s\u00e3o os estados que possuem algum programa de CPF na nota: Rio Grande do Sul, Maranh\u00e3o, Rio de Janeiro, Alagoas, Minas Gerais, Bahia, Par\u00e1, Amazonas, Cear\u00e1, Sergipe, Rio Grande do Norte, Rond\u00f4nia, Paran\u00e1 e Distrito Federal.<\/p>\n\n\n\n<p class=\"has-black-color has-text-color has-link-color has-medium-font-size wp-elements-8cba5e91cc8cfb65783194b4e2655b62\"><strong>4 &#8211; Restitui\u00e7\u00e3o do Imposto de Renda<\/strong><\/p>\n\n\n\n<figure class=\"wp-block-image aligncenter size-full\"><a href=\"https:\/\/i0.wp.com\/blogdoeloiltoncajuhy.com.br\/site\/wp-content\/uploads\/2024\/01\/Restituicao-do-Imposto-de-Renda-%E2%80%94-Foto-Editoria-de-arte-O-Globo.png?ssl=1\"><img data-recalc-dims=\"1\" loading=\"lazy\" decoding=\"async\" width=\"800\" height=\"474\" src=\"https:\/\/i0.wp.com\/blogdoeloiltoncajuhy.com.br\/site\/wp-content\/uploads\/2024\/01\/Restituicao-do-Imposto-de-Renda-%E2%80%94-Foto-Editoria-de-arte-O-Globo.png?resize=800%2C474&#038;ssl=1\" alt=\"\" class=\"wp-image-78490\" srcset=\"https:\/\/i0.wp.com\/blogdoeloiltoncajuhy.com.br\/site\/wp-content\/uploads\/2024\/01\/Restituicao-do-Imposto-de-Renda-%E2%80%94-Foto-Editoria-de-arte-O-Globo.png?w=805&amp;ssl=1 805w, https:\/\/i0.wp.com\/blogdoeloiltoncajuhy.com.br\/site\/wp-content\/uploads\/2024\/01\/Restituicao-do-Imposto-de-Renda-%E2%80%94-Foto-Editoria-de-arte-O-Globo.png?resize=300%2C178&amp;ssl=1 300w, https:\/\/i0.wp.com\/blogdoeloiltoncajuhy.com.br\/site\/wp-content\/uploads\/2024\/01\/Restituicao-do-Imposto-de-Renda-%E2%80%94-Foto-Editoria-de-arte-O-Globo.png?resize=768%2C455&amp;ssl=1 768w\" sizes=\"(max-width: 800px) 100vw, 800px\" \/><\/a><figcaption class=\"wp-element-caption\"><sub>Restitui\u00e7\u00e3o do Imposto de Renda \u2014 Foto: Editoria de arte\/O Globo<\/sub><\/figcaption><\/figure>\n\n\n\n<p>Mais de um milh\u00e3o de contribuintes ca\u00edram na malha fina entre mar\u00e7o e setembro do ano passado, segundo a Receita Federal, por inconsist\u00eancias nas declara\u00e7\u00f5es do Imposto de Renda. Do total, apenas 2% das declara\u00e7\u00f5es retidas n\u00e3o t\u00eam valor de Imposto a Restituir, nem a Pagar.<\/p>\n\n\n\n<p>Para saber se voc\u00ea tem algo a receber, acesse a p\u00e1gina da Receita na internet, clique em &#8220;Meu Imposto de Renda&#8221; e, em seguida, &#8220;Consultar a Restitui\u00e7\u00e3o&#8221;. Depois, clique no bot\u00e3o iniciar e coloque seu CPF.<\/p>\n\n\n\n<p>Se identificar alguma pend\u00eancia na declara\u00e7\u00e3o, voc\u00ea pode retific\u00e1-la, corrigindo as informa\u00e7\u00f5es que est\u00e3o erradas.<\/p>\n\n\n\n<p class=\"has-black-color has-text-color has-link-color has-medium-font-size wp-elements-d3c0cebce7e81a700d3c1036c6ec65cc\"><strong>5 &#8211; Resgate do PIS\/Pasep<\/strong><\/p>\n\n\n\n<figure class=\"wp-block-image aligncenter size-full\"><a href=\"https:\/\/i0.wp.com\/blogdoeloiltoncajuhy.com.br\/site\/wp-content\/uploads\/2024\/01\/Saque-do-Pis-Pasep-%E2%80%94-Foto-Editoria-de-arte-O-Globo.png?ssl=1\"><img data-recalc-dims=\"1\" loading=\"lazy\" decoding=\"async\" width=\"800\" height=\"475\" src=\"https:\/\/i0.wp.com\/blogdoeloiltoncajuhy.com.br\/site\/wp-content\/uploads\/2024\/01\/Saque-do-Pis-Pasep-%E2%80%94-Foto-Editoria-de-arte-O-Globo.png?resize=800%2C475&#038;ssl=1\" alt=\"\" class=\"wp-image-78491\" srcset=\"https:\/\/i0.wp.com\/blogdoeloiltoncajuhy.com.br\/site\/wp-content\/uploads\/2024\/01\/Saque-do-Pis-Pasep-%E2%80%94-Foto-Editoria-de-arte-O-Globo.png?w=804&amp;ssl=1 804w, https:\/\/i0.wp.com\/blogdoeloiltoncajuhy.com.br\/site\/wp-content\/uploads\/2024\/01\/Saque-do-Pis-Pasep-%E2%80%94-Foto-Editoria-de-arte-O-Globo.png?resize=300%2C178&amp;ssl=1 300w, https:\/\/i0.wp.com\/blogdoeloiltoncajuhy.com.br\/site\/wp-content\/uploads\/2024\/01\/Saque-do-Pis-Pasep-%E2%80%94-Foto-Editoria-de-arte-O-Globo.png?resize=768%2C456&amp;ssl=1 768w\" sizes=\"(max-width: 800px) 100vw, 800px\" \/><\/a><figcaption class=\"wp-element-caption\"><sub>Saque do Pis\/Pasep \u2014 Foto: Editoria de arte\/O Globo<\/sub><\/figcaption><\/figure>\n\n\n\n<p>O Programa de Integra\u00e7\u00e3o Social (PIS) e o Programa de Forma\u00e7\u00e3o do Patrim\u00f4nio do Servidor P\u00fablico (Pasep) s\u00e3o contribui\u00e7\u00f5es tribut\u00e1rias realizada pelas empresas e \u00f3rg\u00e3os p\u00fablicos. O objetivo \u00e9 financiar o pagamento do seguro-desemprego, abono e participa\u00e7\u00e3o na receita destas entidades.<\/p>\n\n\n\n<p>De acordo com o Minist\u00e9rio do Trabalho, no PIS\/Pasep 2023 (ano-base 2021) foram identificados 24.508.476 trabalhadores com direito ao abono salarial. Os que ainda n\u00e3o compareceram \u00e0s unidades pagadoras para receber s\u00e3o 540.892 trabalhadores. A quantia dispon\u00edvel para saque, segundo a pasta, \u00e9 da ordem R$ 535,8 milh\u00f5es.<\/p>\n\n\n\n<p><em>Como saber se tenho direito ao PIS\/PASEP?<\/em><\/p>\n\n\n\n<p>\u00c9 preciso se enquadrar nos seguintes crit\u00e9rios:<\/p>\n\n\n\n<ul class=\"wp-block-list\">\n<li>Ter recebido por pelo menos 30 dias de trabalho em 2020;<\/li>\n\n\n\n<li>Ter trabalhado com carteira assinada em 2020;<\/li>\n\n\n\n<li>Ter recebido, em m\u00e9dia, at\u00e9 no m\u00e1ximo dois sal\u00e1rios m\u00ednimos mensais em 2020;<\/li>\n\n\n\n<li>Estar inscrito no PIS-Pasep h\u00e1 pelo menos cinco anos;<\/li>\n\n\n\n<li>Que o seu empregador tenha atualizado seus dados na Rela\u00e7\u00e3o Anual de Informa\u00e7\u00f5es Sociais (Rais).<\/li>\n<\/ul>\n\n\n\n<p><\/p>\n\n\n\n<p class=\"has-black-color has-text-color has-link-color has-medium-font-size wp-elements-542118df16383e8e86299951d3f5403d\"><strong>Como consultar o valor do PIS\/PASEP?<\/strong><\/p>\n\n\n\n<figure class=\"wp-block-image aligncenter size-full\"><a href=\"https:\/\/i0.wp.com\/blogdoeloiltoncajuhy.com.br\/site\/wp-content\/uploads\/2024\/01\/Saque-do-Pis-Pasep-%E2%80%94-Foto-Editoria-de-arte-O-Globo-1.png?ssl=1\"><img data-recalc-dims=\"1\" loading=\"lazy\" decoding=\"async\" width=\"800\" height=\"475\" src=\"https:\/\/i0.wp.com\/blogdoeloiltoncajuhy.com.br\/site\/wp-content\/uploads\/2024\/01\/Saque-do-Pis-Pasep-%E2%80%94-Foto-Editoria-de-arte-O-Globo-1.png?resize=800%2C475&#038;ssl=1\" alt=\"\" class=\"wp-image-78492\" srcset=\"https:\/\/i0.wp.com\/blogdoeloiltoncajuhy.com.br\/site\/wp-content\/uploads\/2024\/01\/Saque-do-Pis-Pasep-%E2%80%94-Foto-Editoria-de-arte-O-Globo-1.png?w=804&amp;ssl=1 804w, https:\/\/i0.wp.com\/blogdoeloiltoncajuhy.com.br\/site\/wp-content\/uploads\/2024\/01\/Saque-do-Pis-Pasep-%E2%80%94-Foto-Editoria-de-arte-O-Globo-1.png?resize=300%2C178&amp;ssl=1 300w, https:\/\/i0.wp.com\/blogdoeloiltoncajuhy.com.br\/site\/wp-content\/uploads\/2024\/01\/Saque-do-Pis-Pasep-%E2%80%94-Foto-Editoria-de-arte-O-Globo-1.png?resize=768%2C456&amp;ssl=1 768w\" sizes=\"(max-width: 800px) 100vw, 800px\" \/><\/a><figcaption class=\"wp-element-caption\"><sub>Saque do Pis\/Pasep \u2014 Foto: Editoria de arte\/O Globo<\/sub><\/figcaption><\/figure>\n\n\n\n<p>Para ter acesso \u00e0s informa\u00e7\u00f5es do Abono Salarial na Carteira de Trabalho Digital, \u00e9 necess\u00e1rio que o trabalhador atualize o aplicativo, depois acesse a aba Benef\u00edcios e Abono Salarial, para verificar o valor, dia e banco de recebimento.<\/p>\n\n\n\n<p>Para obter o documento digital, o trabalhador vai precisar do n\u00famero do CPF e dever\u00e1 criar uma conta autenticada no portal gov.br.<\/p>\n\n\n\n<p>Tamb\u00e9m \u00e9 poss\u00edvei baixar o app no site da caixa .<\/p>\n\n\n\n<p class=\"has-black-color has-text-color has-link-color has-medium-font-size wp-elements-57dd30dd59168fbd9be9ab9396187d3b\"><strong>6 &#8211; Saque-anivers\u00e1rio do FGTS<\/strong><\/p>\n\n\n\n<figure class=\"wp-block-image aligncenter size-full\"><a href=\"https:\/\/i0.wp.com\/blogdoeloiltoncajuhy.com.br\/site\/wp-content\/uploads\/2024\/01\/Saque-aniversario-do-FGTS-%E2%80%94-Foto-Editoria-de-arte-O-Globo.png?ssl=1\"><img data-recalc-dims=\"1\" loading=\"lazy\" decoding=\"async\" width=\"799\" height=\"477\" src=\"https:\/\/i0.wp.com\/blogdoeloiltoncajuhy.com.br\/site\/wp-content\/uploads\/2024\/01\/Saque-aniversario-do-FGTS-%E2%80%94-Foto-Editoria-de-arte-O-Globo.png?resize=799%2C477&#038;ssl=1\" alt=\"\" class=\"wp-image-78493\" srcset=\"https:\/\/i0.wp.com\/blogdoeloiltoncajuhy.com.br\/site\/wp-content\/uploads\/2024\/01\/Saque-aniversario-do-FGTS-%E2%80%94-Foto-Editoria-de-arte-O-Globo.png?w=799&amp;ssl=1 799w, https:\/\/i0.wp.com\/blogdoeloiltoncajuhy.com.br\/site\/wp-content\/uploads\/2024\/01\/Saque-aniversario-do-FGTS-%E2%80%94-Foto-Editoria-de-arte-O-Globo.png?resize=300%2C179&amp;ssl=1 300w, https:\/\/i0.wp.com\/blogdoeloiltoncajuhy.com.br\/site\/wp-content\/uploads\/2024\/01\/Saque-aniversario-do-FGTS-%E2%80%94-Foto-Editoria-de-arte-O-Globo.png?resize=768%2C458&amp;ssl=1 768w\" sizes=\"(max-width: 799px) 100vw, 799px\" \/><\/a><figcaption class=\"wp-element-caption\"><sub>Saque-anivers\u00e1rio do FGTS \u2014 Foto: Editoria de arte\/O Globo<\/sub><\/figcaption><\/figure>\n\n\n\n<p>O saque-anivers\u00e1rio \u00e9 uma modalidade de resgate dos recursos do FGTS . Ele permite que o trabalhador saque uma parcela do FGTS no m\u00eas do seu anivers\u00e1rio. At\u00e9 hoje, 34 milh\u00f5es de trabalhadores optaram pela antecipa\u00e7\u00e3o da modalidade. Somente no per\u00edodo de 1\u00ba de janeiro a 6 de dezembro de 2023 foram sacados R$ 14,4 bilh\u00f5es.<\/p>\n\n\n\n<p>Antes de solicitar o resgate, o trabalhador deve verificar o saldo das contas no App FGTS ou pelo site <a href=\"http:\/\/www.caixa.gov.br\/extrato-fgts\" data-type=\"link\" data-id=\"www.caixa.gov.br\/extrato-fgts\"><strong><mark style=\"background-color:rgba(0, 0, 0, 0)\" class=\"has-inline-color has-vivid-cyan-blue-color\">www.caixa.gov.br\/extrato-fgts<\/mark><\/strong><\/a>, informando o CPF ou o NIS (N\u00famero de Inscri\u00e7\u00e3o Social, tamb\u00e9m chamado de PIS\/Pasep ou NIT). \u00c9 preciso realizar um cadastro, caso j\u00e1 n\u00e3o o tenha.<\/p>\n","protected":false},"excerpt":{"rendered":"<p>Recursos ignorados em bancos, cr\u00e9ditos de impostos, indeniza\u00e7\u00f5es por perdas em planos econ\u00f4micos: veja lista com 6 poss\u00edveis fontes que podem fazer 2024 com algo a mais na conta. Por Caroline Nunes\/O Globo \u2014 Rio de Janeiro H\u00e1 nada menos que cerca de R$ 7,5 bilh\u00f5es parados em contas inativas de bancos e outras institui\u00e7\u00f5es [&hellip;]<\/p>\n","protected":false},"author":2,"featured_media":78486,"comment_status":"open","ping_status":"open","sticky":false,"template":"","format":"standard","meta":{"_acf_changed":false,"_monsterinsights_skip_tracking":false,"_monsterinsights_sitenote_active":false,"_monsterinsights_sitenote_note":"","_monsterinsights_sitenote_category":0,"_jetpack_memberships_contains_paid_content":false,"footnotes":"","jetpack_publicize_message":"","jetpack_publicize_feature_enabled":true,"jetpack_social_post_already_shared":true,"jetpack_social_options":{"image_generator_settings":{"template":"highway","default_image_id":0,"font":"","enabled":false},"version":2}},"categories":[31],"tags":[],"class_list":["post-78485","post","type-post","status-publish","format-standard","has-post-thumbnail","hentry","category-economia"],"acf":[],"jetpack_publicize_connections":[],"jetpack_featured_media_url":"https:\/\/i0.wp.com\/blogdoeloiltoncajuhy.com.br\/site\/wp-content\/uploads\/2024\/01\/Dinheiro-esquecido-01-%E2%80%94-Foto-Marcelo-Andreguetti.jpg?fit=900%2C500&ssl=1","jetpack_sharing_enabled":true,"publishpress_future_workflow_manual_trigger":{"enabledWorkflows":[]},"_links":{"self":[{"href":"https:\/\/blogdoeloiltoncajuhy.com.br\/site\/wp-json\/wp\/v2\/posts\/78485","targetHints":{"allow":["GET"]}}],"collection":[{"href":"https:\/\/blogdoeloiltoncajuhy.com.br\/site\/wp-json\/wp\/v2\/posts"}],"about":[{"href":"https:\/\/blogdoeloiltoncajuhy.com.br\/site\/wp-json\/wp\/v2\/types\/post"}],"author":[{"embeddable":true,"href":"https:\/\/blogdoeloiltoncajuhy.com.br\/site\/wp-json\/wp\/v2\/users\/2"}],"replies":[{"embeddable":true,"href":"https:\/\/blogdoeloiltoncajuhy.com.br\/site\/wp-json\/wp\/v2\/comments?post=78485"}],"version-history":[{"count":1,"href":"https:\/\/blogdoeloiltoncajuhy.com.br\/site\/wp-json\/wp\/v2\/posts\/78485\/revisions"}],"predecessor-version":[{"id":78494,"href":"https:\/\/blogdoeloiltoncajuhy.com.br\/site\/wp-json\/wp\/v2\/posts\/78485\/revisions\/78494"}],"wp:featuredmedia":[{"embeddable":true,"href":"https:\/\/blogdoeloiltoncajuhy.com.br\/site\/wp-json\/wp\/v2\/media\/78486"}],"wp:attachment":[{"href":"https:\/\/blogdoeloiltoncajuhy.com.br\/site\/wp-json\/wp\/v2\/media?parent=78485"}],"wp:term":[{"taxonomy":"category","embeddable":true,"href":"https:\/\/blogdoeloiltoncajuhy.com.br\/site\/wp-json\/wp\/v2\/categories?post=78485"},{"taxonomy":"post_tag","embeddable":true,"href":"https:\/\/blogdoeloiltoncajuhy.com.br\/site\/wp-json\/wp\/v2\/tags?post=78485"}],"curies":[{"name":"wp","href":"https:\/\/api.w.org\/{rel}","templated":true}]}}