{"id":78480,"date":"2024-01-04T10:05:12","date_gmt":"2024-01-04T13:05:12","guid":{"rendered":"https:\/\/blogdoeloiltoncajuhy.com.br\/site\/?p=78480"},"modified":"2024-01-04T10:06:14","modified_gmt":"2024-01-04T13:06:14","slug":"familiares-e-amigos-se-despedem-de-joao-carreiro-em-velorio-em-ms","status":"publish","type":"post","link":"https:\/\/blogdoeloiltoncajuhy.com.br\/site\/familiares-e-amigos-se-despedem-de-joao-carreiro-em-velorio-em-ms\/","title":{"rendered":"Familiares e amigos se despedem de Jo\u00e3o Carreiro em vel\u00f3rio em MS"},"content":{"rendered":"\n<p class=\"has-medium-font-size\"><strong>Sertanejo estava internado em um hospital de Campo Grande para colocar uma v\u00e1lvula no cora\u00e7\u00e3o. Artista tinha 41 anos e ficou conhecido pela dupla Jo\u00e3o Carreiro e Capataz.<\/strong><\/p>\n\n\n\n<p><strong>Por Thais Libni, Dyego Quiroz, g1 MS<\/strong> \u2014 Mato Grosso do Sul<\/p>\n\n\n\n<figure class=\"wp-block-image aligncenter size-full is-resized\"><a href=\"https:\/\/i0.wp.com\/blogdoeloiltoncajuhy.com.br\/site\/wp-content\/uploads\/2024\/01\/Joao-Carreiro-velorio-%E2%80%94-Foto-Dyego-Queiroz.webp?ssl=1\"><img data-recalc-dims=\"1\" fetchpriority=\"high\" decoding=\"async\" width=\"800\" height=\"600\" src=\"https:\/\/i0.wp.com\/blogdoeloiltoncajuhy.com.br\/site\/wp-content\/uploads\/2024\/01\/Joao-Carreiro-velorio-%E2%80%94-Foto-Dyego-Queiroz.webp?resize=800%2C600&#038;ssl=1\" alt=\"\" class=\"wp-image-78481\" style=\"width:688px;height:auto\" srcset=\"https:\/\/i0.wp.com\/blogdoeloiltoncajuhy.com.br\/site\/wp-content\/uploads\/2024\/01\/Joao-Carreiro-velorio-%E2%80%94-Foto-Dyego-Queiroz.webp?w=984&amp;ssl=1 984w, https:\/\/i0.wp.com\/blogdoeloiltoncajuhy.com.br\/site\/wp-content\/uploads\/2024\/01\/Joao-Carreiro-velorio-%E2%80%94-Foto-Dyego-Queiroz.webp?resize=300%2C225&amp;ssl=1 300w, https:\/\/i0.wp.com\/blogdoeloiltoncajuhy.com.br\/site\/wp-content\/uploads\/2024\/01\/Joao-Carreiro-velorio-%E2%80%94-Foto-Dyego-Queiroz.webp?resize=768%2C576&amp;ssl=1 768w\" sizes=\"(max-width: 800px) 100vw, 800px\" \/><\/a><figcaption class=\"wp-element-caption\"><sub>Vel\u00f3rio teve in\u00edcio \u00e0s 07h na C\u00e2mara Municipal de Campo Grande \u2014 Foto: Dyego Queiroz<\/sub><\/figcaption><\/figure>\n\n\n\n<p>Familiares e amigos se despedem do cantor Jo\u00e3o Carreiro, na manh\u00e3 desta quinta-feira (4), na C\u00e2mara Municipal de Campo Grande. O cantor morreu na quarta-feira (3), em um hospital de Campo Grande, aos 41 anos. O sertanejo n\u00e3o resistiu a uma cirurgia para colocar uma v\u00e1lvula no cora\u00e7\u00e3o.<\/p>\n\n\n\n<p>O vel\u00f3rio teve in\u00edcio \u00e0s 7h e terminou \u00e0s 9h. De acordo com a assessoria do cantor, o corpo ser\u00e1 levado para Cuiab\u00e1 (MT), cidade natal de Jo\u00e3o Carreiro, onde ser\u00e1 sepultado. Antes da cirurgia, o cantor chegou a gravar um v\u00eddeo dizendo que ficaria uns dias afastado das redes sociais para cuidar da sa\u00fade.<\/p>\n\n\n\n<figure class=\"wp-block-image aligncenter size-full is-resized\"><a href=\"https:\/\/i0.wp.com\/blogdoeloiltoncajuhy.com.br\/site\/wp-content\/uploads\/2024\/01\/Joao-Carreiro-em-Campo-Grande-%E2%80%94-Foto-Redes-sociais-Reproducao.webp?ssl=1\"><img data-recalc-dims=\"1\" decoding=\"async\" width=\"800\" height=\"528\" src=\"https:\/\/i0.wp.com\/blogdoeloiltoncajuhy.com.br\/site\/wp-content\/uploads\/2024\/01\/Joao-Carreiro-em-Campo-Grande-%E2%80%94-Foto-Redes-sociais-Reproducao.webp?resize=800%2C528&#038;ssl=1\" alt=\"\" class=\"wp-image-78482\" style=\"width:689px;height:auto\" srcset=\"https:\/\/i0.wp.com\/blogdoeloiltoncajuhy.com.br\/site\/wp-content\/uploads\/2024\/01\/Joao-Carreiro-em-Campo-Grande-%E2%80%94-Foto-Redes-sociais-Reproducao.webp?w=984&amp;ssl=1 984w, https:\/\/i0.wp.com\/blogdoeloiltoncajuhy.com.br\/site\/wp-content\/uploads\/2024\/01\/Joao-Carreiro-em-Campo-Grande-%E2%80%94-Foto-Redes-sociais-Reproducao.webp?resize=300%2C198&amp;ssl=1 300w, https:\/\/i0.wp.com\/blogdoeloiltoncajuhy.com.br\/site\/wp-content\/uploads\/2024\/01\/Joao-Carreiro-em-Campo-Grande-%E2%80%94-Foto-Redes-sociais-Reproducao.webp?resize=768%2C507&amp;ssl=1 768w\" sizes=\"(max-width: 800px) 100vw, 800px\" \/><\/a><figcaption class=\"wp-element-caption\"><sub>Jo\u00e3o Carreiro em Campo Grande \u2014 Foto: Redes sociais\/Reprodu\u00e7\u00e3o<\/sub><\/figcaption><\/figure>\n\n\n\n<p class=\"has-black-color has-text-color has-link-color has-medium-font-size wp-elements-ef139148a3fd7534bf51cb488a0ef3bb\"><strong>Natural de Cuiab\u00e1 e dupla com Capataz<\/strong><\/p>\n\n\n\n<p>Natural de Cuiab\u00e1, o sertanejo ficou nacionalmente conhecido por participar da dupla &#8220;Jo\u00e3o Carreiro e Capataz&#8221;, que fez muito sucesso durante a d\u00e9cada de 2000.<\/p>\n\n\n\n<p>Em 2009, a m\u00fasica &#8220;Bruto, R\u00fastico e Sistem\u00e1tico&#8221; fez parte da trilha sonora da novela Para\u00edso, da TV Globo.<\/p>\n\n\n\n<p>Em 2014, a dupla se separou, e Jo\u00e3o Carreiro seguiu carreira solo. Em dezembro de 2023, o cantor lan\u00e7ou duas m\u00fasicas: &#8220;Meu Av\u00f4&#8221; e &#8220;A Coroa \u00c9 Meu Chap\u00e9u&#8221;.<\/p>\n","protected":false},"excerpt":{"rendered":"<p>Sertanejo estava internado em um hospital de Campo Grande para colocar uma v\u00e1lvula no cora\u00e7\u00e3o. Artista tinha 41 anos e ficou conhecido pela dupla Jo\u00e3o Carreiro e Capataz. Por Thais Libni, Dyego Quiroz, g1 MS \u2014 Mato Grosso do Sul Familiares e amigos se despedem do cantor Jo\u00e3o Carreiro, na manh\u00e3 desta quinta-feira (4), na [&hellip;]<\/p>\n","protected":false},"author":2,"featured_media":78482,"comment_status":"open","ping_status":"open","sticky":false,"template":"","format":"standard","meta":{"_acf_changed":false,"_monsterinsights_skip_tracking":false,"_monsterinsights_sitenote_active":false,"_monsterinsights_sitenote_note":"","_monsterinsights_sitenote_category":0,"_jetpack_memberships_contains_paid_content":false,"footnotes":"","jetpack_publicize_message":"","jetpack_publicize_feature_enabled":true,"jetpack_social_post_already_shared":true,"jetpack_social_options":{"image_generator_settings":{"template":"highway","default_image_id":0,"font":"","enabled":false},"version":2}},"categories":[8],"tags":[],"class_list":["post-78480","post","type-post","status-publish","format-standard","has-post-thumbnail","hentry","category-cultura"],"acf":[],"jetpack_publicize_connections":[],"jetpack_featured_media_url":"https:\/\/i0.wp.com\/blogdoeloiltoncajuhy.com.br\/site\/wp-content\/uploads\/2024\/01\/Joao-Carreiro-em-Campo-Grande-%E2%80%94-Foto-Redes-sociais-Reproducao.webp?fit=984%2C650&ssl=1","jetpack_sharing_enabled":true,"publishpress_future_workflow_manual_trigger":{"enabledWorkflows":[]},"_links":{"self":[{"href":"https:\/\/blogdoeloiltoncajuhy.com.br\/site\/wp-json\/wp\/v2\/posts\/78480","targetHints":{"allow":["GET"]}}],"collection":[{"href":"https:\/\/blogdoeloiltoncajuhy.com.br\/site\/wp-json\/wp\/v2\/posts"}],"about":[{"href":"https:\/\/blogdoeloiltoncajuhy.com.br\/site\/wp-json\/wp\/v2\/types\/post"}],"author":[{"embeddable":true,"href":"https:\/\/blogdoeloiltoncajuhy.com.br\/site\/wp-json\/wp\/v2\/users\/2"}],"replies":[{"embeddable":true,"href":"https:\/\/blogdoeloiltoncajuhy.com.br\/site\/wp-json\/wp\/v2\/comments?post=78480"}],"version-history":[{"count":2,"href":"https:\/\/blogdoeloiltoncajuhy.com.br\/site\/wp-json\/wp\/v2\/posts\/78480\/revisions"}],"predecessor-version":[{"id":78484,"href":"https:\/\/blogdoeloiltoncajuhy.com.br\/site\/wp-json\/wp\/v2\/posts\/78480\/revisions\/78484"}],"wp:featuredmedia":[{"embeddable":true,"href":"https:\/\/blogdoeloiltoncajuhy.com.br\/site\/wp-json\/wp\/v2\/media\/78482"}],"wp:attachment":[{"href":"https:\/\/blogdoeloiltoncajuhy.com.br\/site\/wp-json\/wp\/v2\/media?parent=78480"}],"wp:term":[{"taxonomy":"category","embeddable":true,"href":"https:\/\/blogdoeloiltoncajuhy.com.br\/site\/wp-json\/wp\/v2\/categories?post=78480"},{"taxonomy":"post_tag","embeddable":true,"href":"https:\/\/blogdoeloiltoncajuhy.com.br\/site\/wp-json\/wp\/v2\/tags?post=78480"}],"curies":[{"name":"wp","href":"https:\/\/api.w.org\/{rel}","templated":true}]}}