{"id":78444,"date":"2024-01-02T11:44:24","date_gmt":"2024-01-02T14:44:24","guid":{"rendered":"https:\/\/blogdoeloiltoncajuhy.com.br\/site\/?p=78444"},"modified":"2024-01-02T11:44:26","modified_gmt":"2024-01-02T14:44:26","slug":"nascidos-em-janeiro-ja-podem-ter-acesso-ao-saque-aniversario-do-fgts","status":"publish","type":"post","link":"https:\/\/blogdoeloiltoncajuhy.com.br\/site\/nascidos-em-janeiro-ja-podem-ter-acesso-ao-saque-aniversario-do-fgts\/","title":{"rendered":"Nascidos em janeiro j\u00e1 podem ter acesso ao saque-anivers\u00e1rio do FGTS"},"content":{"rendered":"\n<p class=\"has-medium-font-size\"><strong>Modalidade permite a retirada do valor parcial das contas ativas ou inativas no m\u00eas de anivers\u00e1rio.<\/strong><\/p>\n\n\n\n<figure class=\"wp-block-image aligncenter size-full\"><a href=\"https:\/\/i0.wp.com\/blogdoeloiltoncajuhy.com.br\/site\/wp-content\/uploads\/2024\/01\/FGTS-Caixa_Foto_Marcelo-Camargo-Agencia-Brasil.jpeg?ssl=1\"><img data-recalc-dims=\"1\" fetchpriority=\"high\" decoding=\"async\" width=\"768\" height=\"459\" src=\"https:\/\/i0.wp.com\/blogdoeloiltoncajuhy.com.br\/site\/wp-content\/uploads\/2024\/01\/FGTS-Caixa_Foto_Marcelo-Camargo-Agencia-Brasil.jpeg?resize=768%2C459&#038;ssl=1\" alt=\"\" class=\"wp-image-78445\" srcset=\"https:\/\/i0.wp.com\/blogdoeloiltoncajuhy.com.br\/site\/wp-content\/uploads\/2024\/01\/FGTS-Caixa_Foto_Marcelo-Camargo-Agencia-Brasil.jpeg?w=768&amp;ssl=1 768w, https:\/\/i0.wp.com\/blogdoeloiltoncajuhy.com.br\/site\/wp-content\/uploads\/2024\/01\/FGTS-Caixa_Foto_Marcelo-Camargo-Agencia-Brasil.jpeg?resize=300%2C179&amp;ssl=1 300w\" sizes=\"(max-width: 768px) 100vw, 768px\" \/><\/a><figcaption class=\"wp-element-caption\">Foto: Marcelo Camargo\/Ag\u00eancia Brasil<\/figcaption><\/figure>\n\n\n\n<p>A partir desta ter\u00e7a-feira (2), j\u00e1 est\u00e3o dispon\u00edveis aos trabalhadores que fazem anivers\u00e1rio em janeiro o acesso \u00e0 retirada do valor saque-anivers\u00e1rio do Fundo de Garantia do Tempo de Servi\u00e7o (FGTS). Nessa modalidade de escolha de saque, que foi criada em 2019, as retiradas de qualquer conta ativa ou inativa do fundo s\u00e3o programadas conforme o m\u00eas de anivers\u00e1rio de cada indiv\u00edduo.<\/p>\n\n\n\n<p>O per\u00edodo de saques inicia no primeiro dia \u00fatil do m\u00eas de anivers\u00e1rio do trabalhador, permanecendo dispon\u00edvel at\u00e9 o \u00faltimo dia \u00fatil do segundo m\u00eas subsequente. Caso o valor n\u00e3o seja retirado dentro desse prazo, ele retorna para as contas do FGTS em nome do trabalhador.<\/p>\n\n\n\n<p>O resgate do valor pode ser feito com o aux\u00edlio do aplicativo FGTS. Basta programar a transfer\u00eancia do dinheiro, que \u00e9 sem custo, para qualquer conta banc\u00e1ria em seu nome. Al\u00e9m disso, as retiradas podem ser feitas nas casas lot\u00e9ricas e terminais de autoatendimento para quem tem senha do Cart\u00e3o Cidad\u00e3o. Quem tem Cart\u00e3o Cidad\u00e3o e senha, pode sacar nos correspondentes Caixa Aqui. \u00c9 necess\u00e1rio apresentar documento de identidade.<\/p>\n\n\n\n<figure class=\"wp-block-image aligncenter size-full\"><a href=\"https:\/\/i0.wp.com\/blogdoeloiltoncajuhy.com.br\/site\/wp-content\/uploads\/2024\/01\/Saque-aniversario-calendario-01.jpeg?ssl=1\"><img data-recalc-dims=\"1\" decoding=\"async\" width=\"754\" height=\"493\" src=\"https:\/\/i0.wp.com\/blogdoeloiltoncajuhy.com.br\/site\/wp-content\/uploads\/2024\/01\/Saque-aniversario-calendario-01.jpeg?resize=754%2C493&#038;ssl=1\" alt=\"\" class=\"wp-image-78446\" srcset=\"https:\/\/i0.wp.com\/blogdoeloiltoncajuhy.com.br\/site\/wp-content\/uploads\/2024\/01\/Saque-aniversario-calendario-01.jpeg?w=754&amp;ssl=1 754w, https:\/\/i0.wp.com\/blogdoeloiltoncajuhy.com.br\/site\/wp-content\/uploads\/2024\/01\/Saque-aniversario-calendario-01.jpeg?resize=300%2C196&amp;ssl=1 300w\" sizes=\"(max-width: 754px) 100vw, 754px\" \/><\/a><\/figure>\n\n\n\n<p>Quem opta por essa modalidade abre m\u00e3o da possibilidade de sacar o valor depositado pela empresa em casos de demiss\u00e3o sem justa causa, mantendo apenas o direito \u00e0 multa rescis\u00f3ria. No entanto, h\u00e1 planos do governo de alterar essa regra, possibilitando o saque do saldo total da conta em demiss\u00f5es sem justa causa, semelhante ao que ocorre para aqueles que n\u00e3o aderiram ao saque-anivers\u00e1rio. O ministro do Trabalho e Emprego, Luiz Marinho, anunciou em dezembro a inten\u00e7\u00e3o de enviar um projeto de lei com essas mudan\u00e7as at\u00e9 mar\u00e7o.<\/p>\n\n\n\n<p>Aproximadamente 32,7 milh\u00f5es de pessoas aderiram ao saque-anivers\u00e1rio, sendo que 16,9 milh\u00f5es utilizaram esses recursos como garantia para contrair financiamentos, conforme balan\u00e7o mais recente da Caixa Econ\u00f4mica Federal, divulgado em setembro. At\u00e9 agosto, o montante emprestado pelos bancos por meio dessa modalidade alcan\u00e7ou a cifra de R$ 111,4 bilh\u00f5es.<\/p>\n\n\n\n<p class=\"has-black-color has-text-color has-link-color wp-elements-5854f580c52a92a4879e5015bf1a1290\"><strong>Confira o percentual de retirada do saque-anivers\u00e1rio do FGTS:<\/strong><\/p>\n\n\n\n<figure class=\"wp-block-image aligncenter size-full is-resized\"><a href=\"https:\/\/i0.wp.com\/blogdoeloiltoncajuhy.com.br\/site\/wp-content\/uploads\/2024\/01\/Saque-aniversario-valores.png?ssl=1\"><img data-recalc-dims=\"1\" decoding=\"async\" width=\"800\" height=\"327\" src=\"https:\/\/i0.wp.com\/blogdoeloiltoncajuhy.com.br\/site\/wp-content\/uploads\/2024\/01\/Saque-aniversario-valores.png?resize=800%2C327&#038;ssl=1\" alt=\"\" class=\"wp-image-78447\" style=\"width:653px;height:auto\" srcset=\"https:\/\/i0.wp.com\/blogdoeloiltoncajuhy.com.br\/site\/wp-content\/uploads\/2024\/01\/Saque-aniversario-valores.png?w=844&amp;ssl=1 844w, https:\/\/i0.wp.com\/blogdoeloiltoncajuhy.com.br\/site\/wp-content\/uploads\/2024\/01\/Saque-aniversario-valores.png?resize=300%2C123&amp;ssl=1 300w, https:\/\/i0.wp.com\/blogdoeloiltoncajuhy.com.br\/site\/wp-content\/uploads\/2024\/01\/Saque-aniversario-valores.png?resize=768%2C314&amp;ssl=1 768w\" sizes=\"(max-width: 800px) 100vw, 800px\" \/><\/a><\/figure>\n\n\n\n<p><strong><mark style=\"background-color:rgba(0, 0, 0, 0)\" class=\"has-inline-color has-black-color\">Saiba<\/mark><\/strong> \u2013 Para aderir ao saque-anivers\u00e1rios, basta acessar o aplicativo oficial do FGTS e fazer a mudan\u00e7a. A sa\u00edda dessa modalidade tamb\u00e9m pode ser feita a qualquer momento. No formato tradicional, o saque \u00e9 feito em ocasi\u00f5es como demiss\u00e3o sem justa causa.<\/p>\n","protected":false},"excerpt":{"rendered":"<p>Modalidade permite a retirada do valor parcial das contas ativas ou inativas no m\u00eas de anivers\u00e1rio. A partir desta ter\u00e7a-feira (2), j\u00e1 est\u00e3o dispon\u00edveis aos trabalhadores que fazem anivers\u00e1rio em janeiro o acesso \u00e0 retirada do valor saque-anivers\u00e1rio do Fundo de Garantia do Tempo de Servi\u00e7o (FGTS). Nessa modalidade de escolha de saque, que foi [&hellip;]<\/p>\n","protected":false},"author":2,"featured_media":78445,"comment_status":"open","ping_status":"open","sticky":false,"template":"","format":"standard","meta":{"_acf_changed":false,"_monsterinsights_skip_tracking":false,"_monsterinsights_sitenote_active":false,"_monsterinsights_sitenote_note":"","_monsterinsights_sitenote_category":0,"_jetpack_memberships_contains_paid_content":false,"footnotes":"","jetpack_publicize_message":"","jetpack_publicize_feature_enabled":true,"jetpack_social_post_already_shared":true,"jetpack_social_options":{"image_generator_settings":{"template":"highway","default_image_id":0,"font":"","enabled":false},"version":2}},"categories":[31],"tags":[],"class_list":["post-78444","post","type-post","status-publish","format-standard","has-post-thumbnail","hentry","category-economia"],"acf":[],"jetpack_publicize_connections":[],"jetpack_featured_media_url":"https:\/\/i0.wp.com\/blogdoeloiltoncajuhy.com.br\/site\/wp-content\/uploads\/2024\/01\/FGTS-Caixa_Foto_Marcelo-Camargo-Agencia-Brasil.jpeg?fit=768%2C459&ssl=1","jetpack_sharing_enabled":true,"publishpress_future_workflow_manual_trigger":{"enabledWorkflows":[]},"_links":{"self":[{"href":"https:\/\/blogdoeloiltoncajuhy.com.br\/site\/wp-json\/wp\/v2\/posts\/78444","targetHints":{"allow":["GET"]}}],"collection":[{"href":"https:\/\/blogdoeloiltoncajuhy.com.br\/site\/wp-json\/wp\/v2\/posts"}],"about":[{"href":"https:\/\/blogdoeloiltoncajuhy.com.br\/site\/wp-json\/wp\/v2\/types\/post"}],"author":[{"embeddable":true,"href":"https:\/\/blogdoeloiltoncajuhy.com.br\/site\/wp-json\/wp\/v2\/users\/2"}],"replies":[{"embeddable":true,"href":"https:\/\/blogdoeloiltoncajuhy.com.br\/site\/wp-json\/wp\/v2\/comments?post=78444"}],"version-history":[{"count":1,"href":"https:\/\/blogdoeloiltoncajuhy.com.br\/site\/wp-json\/wp\/v2\/posts\/78444\/revisions"}],"predecessor-version":[{"id":78448,"href":"https:\/\/blogdoeloiltoncajuhy.com.br\/site\/wp-json\/wp\/v2\/posts\/78444\/revisions\/78448"}],"wp:featuredmedia":[{"embeddable":true,"href":"https:\/\/blogdoeloiltoncajuhy.com.br\/site\/wp-json\/wp\/v2\/media\/78445"}],"wp:attachment":[{"href":"https:\/\/blogdoeloiltoncajuhy.com.br\/site\/wp-json\/wp\/v2\/media?parent=78444"}],"wp:term":[{"taxonomy":"category","embeddable":true,"href":"https:\/\/blogdoeloiltoncajuhy.com.br\/site\/wp-json\/wp\/v2\/categories?post=78444"},{"taxonomy":"post_tag","embeddable":true,"href":"https:\/\/blogdoeloiltoncajuhy.com.br\/site\/wp-json\/wp\/v2\/tags?post=78444"}],"curies":[{"name":"wp","href":"https:\/\/api.w.org\/{rel}","templated":true}]}}