{"id":78438,"date":"2024-01-02T10:51:35","date_gmt":"2024-01-02T13:51:35","guid":{"rendered":"https:\/\/blogdoeloiltoncajuhy.com.br\/site\/?p=78438"},"modified":"2024-01-02T10:51:38","modified_gmt":"2024-01-02T13:51:38","slug":"corpos-de-familia-que-desapareceu-apos-sair-para-comemorar-aniversario-sao-encontrados-no-interior-de-sp","status":"publish","type":"post","link":"https:\/\/blogdoeloiltoncajuhy.com.br\/site\/corpos-de-familia-que-desapareceu-apos-sair-para-comemorar-aniversario-sao-encontrados-no-interior-de-sp\/","title":{"rendered":"Corpos de fam\u00edlia que desapareceu ap\u00f3s sair para comemorar anivers\u00e1rio s\u00e3o encontrados no interior de SP"},"content":{"rendered":"\n<p class=\"has-medium-font-size\"><strong><em>Pai, m\u00e3e e filha, de 15 anos, de Ol\u00edmpia (SP), iriam comemorar anivers\u00e1rio da mulher em S\u00e3o Jos\u00e9 do Rio Preto (SP) e n\u00e3o foram mais localizados por parentes. Corpos foram encontrados com marcas de tiros em uma estrada rural de Votuporanga (SP).<\/em><\/strong><\/p>\n\n\n\n<p><strong>Por TV TEM e g1 Rio Preto e Ara\u00e7atuba<\/strong><\/p>\n\n\n\n<figure class=\"wp-block-image aligncenter size-full is-resized\"><a href=\"https:\/\/i0.wp.com\/blogdoeloiltoncajuhy.com.br\/site\/wp-content\/uploads\/2024\/01\/SP_familia-tofa-e.png?ssl=1\"><img data-recalc-dims=\"1\" fetchpriority=\"high\" decoding=\"async\" width=\"759\" height=\"850\" src=\"https:\/\/i0.wp.com\/blogdoeloiltoncajuhy.com.br\/site\/wp-content\/uploads\/2024\/01\/SP_familia-tofa-e.png?resize=759%2C850&#038;ssl=1\" alt=\"\" class=\"wp-image-78439\" style=\"width:555px;height:auto\" srcset=\"https:\/\/i0.wp.com\/blogdoeloiltoncajuhy.com.br\/site\/wp-content\/uploads\/2024\/01\/SP_familia-tofa-e.png?w=759&amp;ssl=1 759w, https:\/\/i0.wp.com\/blogdoeloiltoncajuhy.com.br\/site\/wp-content\/uploads\/2024\/01\/SP_familia-tofa-e.png?resize=268%2C300&amp;ssl=1 268w\" sizes=\"(max-width: 759px) 100vw, 759px\" \/><\/a><figcaption class=\"wp-element-caption\"><sub>Pai, m\u00e3e e filha desapareceram ap\u00f3s viagem para comemorar anivers\u00e1rio \u2014 Foto: Arquivo Pessoal<\/sub><\/figcaption><\/figure>\n\n\n\n<p>Os corpos da fam\u00edlia de Ol\u00edmpia (SP) que desapareceu ap\u00f3s sair para comemorar um anivers\u00e1rio em S\u00e3o Jos\u00e9 do Rio Preto (SP) foram encontrados na tarde desta segunda-feira (1\u00ba).<\/p>\n\n\n\n<p>Conforme apurado pela <strong>TV TEM<\/strong>, os corpos de Mirele Tofalete, de 32 anos, Anderson Marinho, de 35, e a filha deles, Isabelly, de 15 anos, foram encontrados por um morador em um canavial, que fica em uma estrada rural de Votuporanga (SP), em estado de decomposi\u00e7\u00e3o.<\/p>\n\n\n\n<p>O carro da fam\u00edlia tamb\u00e9m estava no local. A <strong>TV TEM<\/strong> tamb\u00e9m apurou que o corpo do homem estava fora do carro, j\u00e1 o da mulher e o da adolescente estavam dentro do ve\u00edculo. Haviam marcas de tiro nos corpos e tamb\u00e9m no autom\u00f3vel.<\/p>\n\n\n\n<figure class=\"wp-block-image aligncenter size-full is-resized\"><a href=\"https:\/\/i0.wp.com\/blogdoeloiltoncajuhy.com.br\/site\/wp-content\/uploads\/2024\/01\/SP_Pai-mae-e-filha-de-Olimpia-%E2%80%94-Foto-Arquivo-pessoal.png?ssl=1\"><img data-recalc-dims=\"1\" decoding=\"async\" width=\"800\" height=\"695\" src=\"https:\/\/i0.wp.com\/blogdoeloiltoncajuhy.com.br\/site\/wp-content\/uploads\/2024\/01\/SP_Pai-mae-e-filha-de-Olimpia-%E2%80%94-Foto-Arquivo-pessoal.png?resize=800%2C695&#038;ssl=1\" alt=\"\" class=\"wp-image-78440\" style=\"width:652px;height:auto\" srcset=\"https:\/\/i0.wp.com\/blogdoeloiltoncajuhy.com.br\/site\/wp-content\/uploads\/2024\/01\/SP_Pai-mae-e-filha-de-Olimpia-%E2%80%94-Foto-Arquivo-pessoal.png?w=820&amp;ssl=1 820w, https:\/\/i0.wp.com\/blogdoeloiltoncajuhy.com.br\/site\/wp-content\/uploads\/2024\/01\/SP_Pai-mae-e-filha-de-Olimpia-%E2%80%94-Foto-Arquivo-pessoal.png?resize=300%2C260&amp;ssl=1 300w, https:\/\/i0.wp.com\/blogdoeloiltoncajuhy.com.br\/site\/wp-content\/uploads\/2024\/01\/SP_Pai-mae-e-filha-de-Olimpia-%E2%80%94-Foto-Arquivo-pessoal.png?resize=768%2C667&amp;ssl=1 768w\" sizes=\"(max-width: 800px) 100vw, 800px\" \/><\/a><figcaption class=\"wp-element-caption\"><sub>Pai, m\u00e3e e filha de Ol\u00edmpia desapareceram ap\u00f3s sa\u00edrem para almo\u00e7ar em S\u00e3o Jos\u00e9 do Rio Preto (SP) \u2014 Foto: Arquivo pessoal<\/sub><\/figcaption><\/figure>\n\n\n\n<p>O carro da fam\u00edlia havia sido visto pela \u00faltima vez em Mirassol (SP), cidade que n\u00e3o estava nos planos da viagem, segundo parentes. Mirele e Anderson haviam sa\u00eddo para almo\u00e7ar em S\u00e3o Jos\u00e9 do Rio Preto (SP) na quinta-feira (28).<\/p>\n\n\n\n<p>Eles estavam acompanhados da filha Isabelly. Pai, m\u00e3e e filha iriam comemorar o anivers\u00e1rio da mulher e estavam desaparecidos desde ent\u00e3o.<\/p>\n\n\n\n<p>A Pol\u00edcia Civil investiga o caso. Nenhum suspeito foi preso at\u00e9 a \u00faltima atualiza\u00e7\u00e3o desta reportagem.<\/p>\n","protected":false},"excerpt":{"rendered":"<p>Pai, m\u00e3e e filha, de 15 anos, de Ol\u00edmpia (SP), iriam comemorar anivers\u00e1rio da mulher em S\u00e3o Jos\u00e9 do Rio Preto (SP) e n\u00e3o foram mais localizados por parentes. Corpos foram encontrados com marcas de tiros em uma estrada rural de Votuporanga (SP). Por TV TEM e g1 Rio Preto e Ara\u00e7atuba Os corpos da [&hellip;]<\/p>\n","protected":false},"author":2,"featured_media":78440,"comment_status":"open","ping_status":"open","sticky":false,"template":"","format":"standard","meta":{"_acf_changed":false,"_monsterinsights_skip_tracking":false,"_monsterinsights_sitenote_active":false,"_monsterinsights_sitenote_note":"","_monsterinsights_sitenote_category":0,"_jetpack_memberships_contains_paid_content":false,"footnotes":"","jetpack_publicize_message":"","jetpack_publicize_feature_enabled":true,"jetpack_social_post_already_shared":true,"jetpack_social_options":{"image_generator_settings":{"template":"highway","default_image_id":0,"font":"","enabled":false},"version":2}},"categories":[15],"tags":[],"class_list":["post-78438","post","type-post","status-publish","format-standard","has-post-thumbnail","hentry","category-policia"],"acf":[],"jetpack_publicize_connections":[],"jetpack_featured_media_url":"https:\/\/i0.wp.com\/blogdoeloiltoncajuhy.com.br\/site\/wp-content\/uploads\/2024\/01\/SP_Pai-mae-e-filha-de-Olimpia-%E2%80%94-Foto-Arquivo-pessoal.png?fit=820%2C712&ssl=1","jetpack_sharing_enabled":true,"publishpress_future_workflow_manual_trigger":{"enabledWorkflows":[]},"_links":{"self":[{"href":"https:\/\/blogdoeloiltoncajuhy.com.br\/site\/wp-json\/wp\/v2\/posts\/78438","targetHints":{"allow":["GET"]}}],"collection":[{"href":"https:\/\/blogdoeloiltoncajuhy.com.br\/site\/wp-json\/wp\/v2\/posts"}],"about":[{"href":"https:\/\/blogdoeloiltoncajuhy.com.br\/site\/wp-json\/wp\/v2\/types\/post"}],"author":[{"embeddable":true,"href":"https:\/\/blogdoeloiltoncajuhy.com.br\/site\/wp-json\/wp\/v2\/users\/2"}],"replies":[{"embeddable":true,"href":"https:\/\/blogdoeloiltoncajuhy.com.br\/site\/wp-json\/wp\/v2\/comments?post=78438"}],"version-history":[{"count":1,"href":"https:\/\/blogdoeloiltoncajuhy.com.br\/site\/wp-json\/wp\/v2\/posts\/78438\/revisions"}],"predecessor-version":[{"id":78441,"href":"https:\/\/blogdoeloiltoncajuhy.com.br\/site\/wp-json\/wp\/v2\/posts\/78438\/revisions\/78441"}],"wp:featuredmedia":[{"embeddable":true,"href":"https:\/\/blogdoeloiltoncajuhy.com.br\/site\/wp-json\/wp\/v2\/media\/78440"}],"wp:attachment":[{"href":"https:\/\/blogdoeloiltoncajuhy.com.br\/site\/wp-json\/wp\/v2\/media?parent=78438"}],"wp:term":[{"taxonomy":"category","embeddable":true,"href":"https:\/\/blogdoeloiltoncajuhy.com.br\/site\/wp-json\/wp\/v2\/categories?post=78438"},{"taxonomy":"post_tag","embeddable":true,"href":"https:\/\/blogdoeloiltoncajuhy.com.br\/site\/wp-json\/wp\/v2\/tags?post=78438"}],"curies":[{"name":"wp","href":"https:\/\/api.w.org\/{rel}","templated":true}]}}