{"id":78434,"date":"2024-01-02T20:00:00","date_gmt":"2024-01-02T23:00:00","guid":{"rendered":"https:\/\/blogdoeloiltoncajuhy.com.br\/site\/?p=78434"},"modified":"2024-01-02T10:28:51","modified_gmt":"2024-01-02T13:28:51","slug":"reflexao-essa-e-a-razao-pela-qual-vou-deixar-a-igreja","status":"publish","type":"post","link":"https:\/\/blogdoeloiltoncajuhy.com.br\/site\/reflexao-essa-e-a-razao-pela-qual-vou-deixar-a-igreja\/","title":{"rendered":"Reflex\u00e3o: &#8216;Essa \u00e9 a raz\u00e3o pela qual vou deixar a igreja&#8217;"},"content":{"rendered":"\n<p><strong>Blog do Eloilton Cajuhy<\/strong><\/p>\n\n\n\n<figure class=\"wp-block-image aligncenter size-full is-resized\"><a href=\"https:\/\/i0.wp.com\/blogdoeloiltoncajuhy.com.br\/site\/wp-content\/uploads\/2024\/01\/SP_Catedral-da-Se_Foto-Viagem-em-Pauta.jpg?ssl=1\"><img data-recalc-dims=\"1\" fetchpriority=\"high\" decoding=\"async\" width=\"800\" height=\"533\" src=\"https:\/\/i0.wp.com\/blogdoeloiltoncajuhy.com.br\/site\/wp-content\/uploads\/2024\/01\/SP_Catedral-da-Se_Foto-Viagem-em-Pauta.jpg?resize=800%2C533&#038;ssl=1\" alt=\"\" class=\"wp-image-78435\" style=\"width:735px;height:auto\" srcset=\"https:\/\/i0.wp.com\/blogdoeloiltoncajuhy.com.br\/site\/wp-content\/uploads\/2024\/01\/SP_Catedral-da-Se_Foto-Viagem-em-Pauta.jpg?w=980&amp;ssl=1 980w, https:\/\/i0.wp.com\/blogdoeloiltoncajuhy.com.br\/site\/wp-content\/uploads\/2024\/01\/SP_Catedral-da-Se_Foto-Viagem-em-Pauta.jpg?resize=300%2C200&amp;ssl=1 300w, https:\/\/i0.wp.com\/blogdoeloiltoncajuhy.com.br\/site\/wp-content\/uploads\/2024\/01\/SP_Catedral-da-Se_Foto-Viagem-em-Pauta.jpg?resize=768%2C512&amp;ssl=1 768w\" sizes=\"(max-width: 800px) 100vw, 800px\" \/><\/a><figcaption class=\"wp-element-caption\"><sub>Catedral da S\u00e9 (SP) &#8211; Foto: Viagem em Pauta<\/sub><\/figcaption><\/figure>\n\n\n\n<p>Um jovem chega para o padre e diz: Pai, eu n\u00e3o venho mais \u00e0 igreja! O padre respondeu: Mas porqu\u00ea? O jovem respondeu: Vejo a irm\u00e3 que fala mal de outra irm\u00e3; o irm\u00e3o que n\u00e3o l\u00ea bem; o grupo de canto que vive desafinando; as pessoas que durante a missa olham para o celular, entre tantas e tantas outras coisas ruins que vejo fazer na igreja.<\/p>\n\n\n\n<p>Ent\u00e3o, o padre disse: Muito bem, mas antes quero que me fa\u00e7as um favor: pegue um copo cheio de \u00e1gua e d\u00ea tr\u00eas voltas pela igreja sem derramar uma gota de \u00e1gua no ch\u00e3o. Depois disso, voc\u00ea pode sair da igreja. E o jovem pensou: muito f\u00e1cil!<\/p>\n\n\n\n<p>E deu as tr\u00eas voltas como o pai pediu. Quando terminou disse: Pronto, pai.<\/p>\n\n\n\n<p>E o padre respondeu: Quando voc\u00ea estava dando voltas viu a irm\u00e3 falar mal da outra? O jovem: N\u00e3o. Viu pessoas reclamarem umas das outras? O jovem: N\u00e3o. Viu algu\u00e9m olhando para o celular? O jovem: N\u00e3o.<\/p>\n\n\n\n<p>Sabes porqu\u00ea? Voc\u00ea estava concentrado no copo para n\u00e3o derramar a \u00e1gua. O mesmo acontece na nossa vida. Quando nosso foco for nosso Senhor Jesus Cristo, n\u00e3o teremos tempo para ver os erros das pessoas.<\/p>\n\n\n\n<p class=\"has-text-align-center\"><strong><mark style=\"background-color:rgba(0, 0, 0, 0)\" class=\"has-inline-color has-vivid-purple-color\">Quem sai da igreja por causa das pessoas, \u00e9 porque nunca entrou por Jesus.<\/mark><\/strong><\/p>\n","protected":false},"excerpt":{"rendered":"<p>Blog do Eloilton Cajuhy Um jovem chega para o padre e diz: Pai, eu n\u00e3o venho mais \u00e0 igreja! O padre respondeu: Mas porqu\u00ea? O jovem respondeu: Vejo a irm\u00e3 que fala mal de outra irm\u00e3; o irm\u00e3o que n\u00e3o l\u00ea bem; o grupo de canto que vive desafinando; as pessoas que durante a missa [&hellip;]<\/p>\n","protected":false},"author":2,"featured_media":78435,"comment_status":"open","ping_status":"open","sticky":false,"template":"","format":"standard","meta":{"_acf_changed":false,"_monsterinsights_skip_tracking":false,"_monsterinsights_sitenote_active":false,"_monsterinsights_sitenote_note":"","_monsterinsights_sitenote_category":0,"_jetpack_memberships_contains_paid_content":false,"footnotes":"","jetpack_publicize_message":"","jetpack_publicize_feature_enabled":true,"jetpack_social_post_already_shared":true,"jetpack_social_options":{"image_generator_settings":{"template":"highway","default_image_id":0,"font":"","enabled":false},"version":2}},"categories":[9],"tags":[],"class_list":["post-78434","post","type-post","status-publish","format-standard","has-post-thumbnail","hentry","category-reflexao"],"acf":[],"jetpack_publicize_connections":[],"jetpack_featured_media_url":"https:\/\/i0.wp.com\/blogdoeloiltoncajuhy.com.br\/site\/wp-content\/uploads\/2024\/01\/SP_Catedral-da-Se_Foto-Viagem-em-Pauta.jpg?fit=980%2C653&ssl=1","jetpack_sharing_enabled":true,"publishpress_future_workflow_manual_trigger":{"enabledWorkflows":[]},"_links":{"self":[{"href":"https:\/\/blogdoeloiltoncajuhy.com.br\/site\/wp-json\/wp\/v2\/posts\/78434","targetHints":{"allow":["GET"]}}],"collection":[{"href":"https:\/\/blogdoeloiltoncajuhy.com.br\/site\/wp-json\/wp\/v2\/posts"}],"about":[{"href":"https:\/\/blogdoeloiltoncajuhy.com.br\/site\/wp-json\/wp\/v2\/types\/post"}],"author":[{"embeddable":true,"href":"https:\/\/blogdoeloiltoncajuhy.com.br\/site\/wp-json\/wp\/v2\/users\/2"}],"replies":[{"embeddable":true,"href":"https:\/\/blogdoeloiltoncajuhy.com.br\/site\/wp-json\/wp\/v2\/comments?post=78434"}],"version-history":[{"count":2,"href":"https:\/\/blogdoeloiltoncajuhy.com.br\/site\/wp-json\/wp\/v2\/posts\/78434\/revisions"}],"predecessor-version":[{"id":78437,"href":"https:\/\/blogdoeloiltoncajuhy.com.br\/site\/wp-json\/wp\/v2\/posts\/78434\/revisions\/78437"}],"wp:featuredmedia":[{"embeddable":true,"href":"https:\/\/blogdoeloiltoncajuhy.com.br\/site\/wp-json\/wp\/v2\/media\/78435"}],"wp:attachment":[{"href":"https:\/\/blogdoeloiltoncajuhy.com.br\/site\/wp-json\/wp\/v2\/media?parent=78434"}],"wp:term":[{"taxonomy":"category","embeddable":true,"href":"https:\/\/blogdoeloiltoncajuhy.com.br\/site\/wp-json\/wp\/v2\/categories?post=78434"},{"taxonomy":"post_tag","embeddable":true,"href":"https:\/\/blogdoeloiltoncajuhy.com.br\/site\/wp-json\/wp\/v2\/tags?post=78434"}],"curies":[{"name":"wp","href":"https:\/\/api.w.org\/{rel}","templated":true}]}}