{"id":78430,"date":"2024-01-02T09:59:30","date_gmt":"2024-01-02T12:59:30","guid":{"rendered":"https:\/\/blogdoeloiltoncajuhy.com.br\/site\/?p=78430"},"modified":"2024-01-02T09:59:32","modified_gmt":"2024-01-02T12:59:32","slug":"bispo-dom-beto-se-despede-da-diocese-de-juazeiro-ba","status":"publish","type":"post","link":"https:\/\/blogdoeloiltoncajuhy.com.br\/site\/bispo-dom-beto-se-despede-da-diocese-de-juazeiro-ba\/","title":{"rendered":"Bispo Dom Beto se despede da Diocese de Juazeiro-BA"},"content":{"rendered":"\n<p><strong>Por Carlos Laerte*<\/strong><\/p>\n\n\n\n<figure class=\"wp-block-image aligncenter size-full is-resized\"><a href=\"https:\/\/i0.wp.com\/blogdoeloiltoncajuhy.com.br\/site\/wp-content\/uploads\/2024\/01\/Dom-Beto_020124-01.jpg?ssl=1\"><img data-recalc-dims=\"1\" fetchpriority=\"high\" decoding=\"async\" width=\"800\" height=\"600\" src=\"https:\/\/i0.wp.com\/blogdoeloiltoncajuhy.com.br\/site\/wp-content\/uploads\/2024\/01\/Dom-Beto_020124-01.jpg?resize=800%2C600&#038;ssl=1\" alt=\"\" class=\"wp-image-78431\" style=\"width:672px;height:auto\" srcset=\"https:\/\/i0.wp.com\/blogdoeloiltoncajuhy.com.br\/site\/wp-content\/uploads\/2024\/01\/Dom-Beto_020124-01.jpg?w=984&amp;ssl=1 984w, https:\/\/i0.wp.com\/blogdoeloiltoncajuhy.com.br\/site\/wp-content\/uploads\/2024\/01\/Dom-Beto_020124-01.jpg?resize=300%2C225&amp;ssl=1 300w, https:\/\/i0.wp.com\/blogdoeloiltoncajuhy.com.br\/site\/wp-content\/uploads\/2024\/01\/Dom-Beto_020124-01.jpg?resize=768%2C576&amp;ssl=1 768w\" sizes=\"(max-width: 800px) 100vw, 800px\" \/><\/a><figcaption class=\"wp-element-caption\"><sub>Divulga\u00e7\u00e3o<\/sub><\/figcaption><\/figure>\n\n\n\n<p>Uma santa missa de Envio, marcou na \u00faltima sexta-feira (29), a despedida do 4\u00ba bispo da Diocese de Juazeiro (BA), dom Carlos Alberto Breis Pereira, D. Beto. Depois de um bispado de sete anos e sete meses, pontuado pelo trabalho de acolher, aben\u00e7oar, oferecer e consagrar, este frei franciscano, nascido em S\u00e3o Francisco do Sul (SC), parte agora para uma nova miss\u00e3o como arcebispo coadjutor de Macei\u00f3 (AL).<\/p>\n\n\n\n<p>Escolhido e designado pelo Papa Francisco, a pedido do arcebispo de Macei\u00f3 (AL), dom Ant\u00f4nio Muniz Fernandes, o novo coadjutor vai assumir no pr\u00f3ximo dia 6 de janeiro, com a expectativa de ampliar, ainda mais, o trabalho realizado ao som do aboio dos vaqueiros e \u00e0s margens do Rio S\u00e3o Francisco. Sobre a nomea\u00e7\u00e3o, a presid\u00eancia da CNBB Nordeste 2, desejou \u201cum fecundo e ativo pastoreio\u201d, afirmando ser a aquisi\u00e7\u00e3o um \u201cpresente de Deus \u00e0 Igreja de Macei\u00f3\u201d.<\/p>\n\n\n\n<p>Falando da nova miss\u00e3o, o simples, amigo e af\u00e1vel Dom Beto, expressou sua alegria respondendo que espera poder ajudar a comunidade de Macei\u00f3, desenvolvendo um trabalho de comunh\u00e3o com visitas pastorais mission\u00e1rias e atua\u00e7\u00e3o determinante junto \u00e0s par\u00f3quias e comunidades, pastorais e movimentos sociais.<\/p>\n\n\n\n<figure class=\"wp-block-image aligncenter size-full\"><a href=\"https:\/\/i0.wp.com\/blogdoeloiltoncajuhy.com.br\/site\/wp-content\/uploads\/2024\/01\/Dom-Beto_020124.jpg?ssl=1\"><img data-recalc-dims=\"1\" decoding=\"async\" width=\"510\" height=\"680\" src=\"https:\/\/i0.wp.com\/blogdoeloiltoncajuhy.com.br\/site\/wp-content\/uploads\/2024\/01\/Dom-Beto_020124.jpg?resize=510%2C680&#038;ssl=1\" alt=\"\" class=\"wp-image-78432\" srcset=\"https:\/\/i0.wp.com\/blogdoeloiltoncajuhy.com.br\/site\/wp-content\/uploads\/2024\/01\/Dom-Beto_020124.jpg?w=510&amp;ssl=1 510w, https:\/\/i0.wp.com\/blogdoeloiltoncajuhy.com.br\/site\/wp-content\/uploads\/2024\/01\/Dom-Beto_020124.jpg?resize=225%2C300&amp;ssl=1 225w\" sizes=\"(max-width: 510px) 100vw, 510px\" \/><\/a><figcaption class=\"wp-element-caption\"><sub>Divulga\u00e7\u00e3o<\/sub><\/figcaption><\/figure>\n\n\n\n<p>Pastor e guia de gestos largos e olhar de avenidas, ele celebrou em agosto de 2019, o Jubileu de Prata de Ordena\u00e7\u00e3o Presbiteral. 25 anos de um minist\u00e9rio que come\u00e7ou a partir da ordena\u00e7\u00e3o como sacerdote, em agosto de 1994, em Fortaleza-CE.<\/p>\n\n\n\n<p>Depois de conclu\u00eddo os estudos em Filosofia e Teologia, em Olinda e Recife (PE) e se especializado em Teologia Espiritual pela Pontif\u00edcia Universidade Antonianum, em Roma, na It\u00e1lia, Dom Beto chega a Juazeiro, nomeado pelo Papa Francisco, em 2016, para escrever com do\u00e7ura um significativo capitulo na hist\u00f3ria da diocese formada por nove munic\u00edpios (Campo Alegre de Lourdes, Sobradinho, Sento S\u00e9, Casa Nova, Cura\u00e7\u00e1, Pil\u00e3o Arcado, Remanso, Uau\u00e1 e Juazeiro).<\/p>\n\n\n\n<p>Um legado crist\u00e3o formid\u00e1vel, que inclui ainda o despertar da Casa Dom Jos\u00e9 Rodrigues, a cria\u00e7\u00e3o do semin\u00e1rio maior Dom Tom\u00e1z Murphy, em Feira de Santana, e a difus\u00e3o da li\u00e7\u00e3o de Santo Tom\u00e1s de Aquino: \u201cO sacerd\u00f3cio \u00e9 um servi\u00e7o; \u00e9 um \u2018ser para os outros\u201d. Exemplo da humildade que \u00e9 acolhida para escutar, simplicidade que \u00e9 partilha e justi\u00e7a na verdade. Princ\u00edpios elementares da ordem religiosa que abra\u00e7ou.<\/p>\n\n\n\n<p>Obrigado por tudo, bispo franciscano. V\u00e1 com Deus bom pastor e, sob o manto sagrado de Nossa Senhora das Grotas, seja muito feliz na miss\u00e3o samaritana de renovar e atualizar a consagra\u00e7\u00e3o ao servi\u00e7o do Reino na Igreja de Nosso Senhor Jesus Cristo. O caminho, S\u00e3o Francisco de Assis j\u00e1 mostrou. Paz e bem.<\/p>\n\n\n\n<p class=\"has-black-color has-text-color has-link-color wp-elements-c8b33631b35bfa2dc913e00bfd293623\"><strong>*Carlos Laerte \u00e9 poeta, jornalista e diretor da Clas Comunica\u00e7\u00e3o e Marketing.<\/strong><\/p>\n","protected":false},"excerpt":{"rendered":"<p>Por Carlos Laerte* Uma santa missa de Envio, marcou na \u00faltima sexta-feira (29), a despedida do 4\u00ba bispo da Diocese de Juazeiro (BA), dom Carlos Alberto Breis Pereira, D. Beto. Depois de um bispado de sete anos e sete meses, pontuado pelo trabalho de acolher, aben\u00e7oar, oferecer e consagrar, este frei franciscano, nascido em S\u00e3o [&hellip;]<\/p>\n","protected":false},"author":2,"featured_media":78431,"comment_status":"open","ping_status":"open","sticky":false,"template":"","format":"standard","meta":{"_acf_changed":false,"_monsterinsights_skip_tracking":false,"_monsterinsights_sitenote_active":false,"_monsterinsights_sitenote_note":"","_monsterinsights_sitenote_category":0,"_jetpack_memberships_contains_paid_content":false,"footnotes":"","jetpack_publicize_message":"","jetpack_publicize_feature_enabled":true,"jetpack_social_post_already_shared":true,"jetpack_social_options":{"image_generator_settings":{"template":"highway","default_image_id":0,"font":"","enabled":false},"version":2}},"categories":[11],"tags":[],"class_list":["post-78430","post","type-post","status-publish","format-standard","has-post-thumbnail","hentry","category-regional"],"acf":[],"jetpack_publicize_connections":[],"jetpack_featured_media_url":"https:\/\/i0.wp.com\/blogdoeloiltoncajuhy.com.br\/site\/wp-content\/uploads\/2024\/01\/Dom-Beto_020124-01.jpg?fit=984%2C738&ssl=1","jetpack_sharing_enabled":true,"publishpress_future_workflow_manual_trigger":{"enabledWorkflows":[]},"_links":{"self":[{"href":"https:\/\/blogdoeloiltoncajuhy.com.br\/site\/wp-json\/wp\/v2\/posts\/78430","targetHints":{"allow":["GET"]}}],"collection":[{"href":"https:\/\/blogdoeloiltoncajuhy.com.br\/site\/wp-json\/wp\/v2\/posts"}],"about":[{"href":"https:\/\/blogdoeloiltoncajuhy.com.br\/site\/wp-json\/wp\/v2\/types\/post"}],"author":[{"embeddable":true,"href":"https:\/\/blogdoeloiltoncajuhy.com.br\/site\/wp-json\/wp\/v2\/users\/2"}],"replies":[{"embeddable":true,"href":"https:\/\/blogdoeloiltoncajuhy.com.br\/site\/wp-json\/wp\/v2\/comments?post=78430"}],"version-history":[{"count":1,"href":"https:\/\/blogdoeloiltoncajuhy.com.br\/site\/wp-json\/wp\/v2\/posts\/78430\/revisions"}],"predecessor-version":[{"id":78433,"href":"https:\/\/blogdoeloiltoncajuhy.com.br\/site\/wp-json\/wp\/v2\/posts\/78430\/revisions\/78433"}],"wp:featuredmedia":[{"embeddable":true,"href":"https:\/\/blogdoeloiltoncajuhy.com.br\/site\/wp-json\/wp\/v2\/media\/78431"}],"wp:attachment":[{"href":"https:\/\/blogdoeloiltoncajuhy.com.br\/site\/wp-json\/wp\/v2\/media?parent=78430"}],"wp:term":[{"taxonomy":"category","embeddable":true,"href":"https:\/\/blogdoeloiltoncajuhy.com.br\/site\/wp-json\/wp\/v2\/categories?post=78430"},{"taxonomy":"post_tag","embeddable":true,"href":"https:\/\/blogdoeloiltoncajuhy.com.br\/site\/wp-json\/wp\/v2\/tags?post=78430"}],"curies":[{"name":"wp","href":"https:\/\/api.w.org\/{rel}","templated":true}]}}