{"id":78426,"date":"2024-01-02T09:37:53","date_gmt":"2024-01-02T12:37:53","guid":{"rendered":"https:\/\/blogdoeloiltoncajuhy.com.br\/site\/?p=78426"},"modified":"2024-01-02T09:37:56","modified_gmt":"2024-01-02T12:37:56","slug":"bahia-registra-morte-de-3-criancas-por-afogamento-em-menos-de-24h","status":"publish","type":"post","link":"https:\/\/blogdoeloiltoncajuhy.com.br\/site\/bahia-registra-morte-de-3-criancas-por-afogamento-em-menos-de-24h\/","title":{"rendered":"Bahia registra morte de 3 crian\u00e7as por afogamento em menos de 24h"},"content":{"rendered":"\n<p class=\"has-medium-font-size\"><strong>Dois casos ocorreram em Feira de Santana e um terceiro em Itabuna. Al\u00e9m das crian\u00e7as, \u00faltimo dia de 2023 e primeiro de 24 tiverem outros casos de afogamento.<\/strong><\/p>\n\n\n\n<p><strong>Por g1 BA<\/strong><\/p>\n\n\n\n<figure class=\"wp-block-image aligncenter size-full is-resized\"><a href=\"https:\/\/i0.wp.com\/blogdoeloiltoncajuhy.com.br\/site\/wp-content\/uploads\/2024\/01\/Crianca-morre-em-Itabuna-na-Bahia-%E2%80%94-Foto-Redes-sociais.png?ssl=1\"><img data-recalc-dims=\"1\" fetchpriority=\"high\" decoding=\"async\" width=\"800\" height=\"641\" src=\"https:\/\/i0.wp.com\/blogdoeloiltoncajuhy.com.br\/site\/wp-content\/uploads\/2024\/01\/Crianca-morre-em-Itabuna-na-Bahia-%E2%80%94-Foto-Redes-sociais.png?resize=800%2C641&#038;ssl=1\" alt=\"\" class=\"wp-image-78427\" style=\"width:665px;height:auto\" srcset=\"https:\/\/i0.wp.com\/blogdoeloiltoncajuhy.com.br\/site\/wp-content\/uploads\/2024\/01\/Crianca-morre-em-Itabuna-na-Bahia-%E2%80%94-Foto-Redes-sociais.png?w=822&amp;ssl=1 822w, https:\/\/i0.wp.com\/blogdoeloiltoncajuhy.com.br\/site\/wp-content\/uploads\/2024\/01\/Crianca-morre-em-Itabuna-na-Bahia-%E2%80%94-Foto-Redes-sociais.png?resize=300%2C241&amp;ssl=1 300w, https:\/\/i0.wp.com\/blogdoeloiltoncajuhy.com.br\/site\/wp-content\/uploads\/2024\/01\/Crianca-morre-em-Itabuna-na-Bahia-%E2%80%94-Foto-Redes-sociais.png?resize=768%2C616&amp;ssl=1 768w\" sizes=\"(max-width: 800px) 100vw, 800px\" \/><\/a><figcaption class=\"wp-element-caption\"><sub>Crian\u00e7a morre em Itabuna na Bahia \u2014 Foto: Redes sociais<\/sub><\/figcaption><\/figure>\n\n\n\n<p>A Bahia teve, ao menos, tr\u00eas casos de afogamento de crian\u00e7as entre o dia 31 de dezembro e 1\u00ba de janeiro. Dois casos ocorreram na cidade de Feira de Santana. E o terceiro ocorreu na cidade de Itabuna, no sul do estado.<\/p>\n\n\n\n<p>No caso registrado nesta segunda-feira (1), em Feira de Santana, a v\u00edtima foi uma crian\u00e7a de sete anos. Ela tomava banho com a fam\u00edlia no rio Jacu\u00edpe, quando foi encontrada submersa. A crian\u00e7a chegou a ser socorrida e levada para a Policl\u00ednica do Tomba, mas n\u00e3o resistiu e morreu.<\/p>\n\n\n\n<p>J\u00e1 no domingo (31), tamb\u00e9m em Feira, um corpo de uma crian\u00e7a de dois anos foi encontrado ao lado de uma piscina, no interior de uma casa desocupada, no bairro Papagaio. A Pol\u00edcia Civil investiga a morte da menina. N\u00e3o h\u00e1 informa\u00e7\u00e3o de como a menina teria chegado no local.<\/p>\n\n\n\n<p>O terceiro caso ocorreu em Itabuna, no sul do estado. Um menino de dois anos, identificado como Henrique Gabriel Bispo Santos, foi encontrado morto em um tanque nos fundos da casa onde vivia com a fam\u00edlia, no bairro Pedro Ger\u00f4nimo.<\/p>\n\n\n\n<p>O Servi\u00e7o de Atendimento M\u00f3vel de Urg\u00eancia (Samu) chegou a ser acionado, mas a crian\u00e7a j\u00e1 estava morta. A m\u00e3e da crian\u00e7a, de 18 anos, foi levada do local pela Pol\u00edcia Militar. N\u00e3o h\u00e1 informa\u00e7\u00f5es sobre as circunst\u00e2ncias da morte do menino. A Pol\u00edcia Civil vai investigar o caso.<\/p>\n\n\n\n<p>Do lado de fora da casa, uma multid\u00e3o se concentrou para acompanhar o trabalho do Departamento de Pol\u00edcia T\u00e9cnica. A m\u00e3e da crian\u00e7a foi ofendida com gritos por vizinhos.<\/p>\n\n\n\n<figure class=\"wp-block-image aligncenter size-full is-resized\"><a href=\"https:\/\/i0.wp.com\/blogdoeloiltoncajuhy.com.br\/site\/wp-content\/uploads\/2024\/01\/Homem-de-49-morreu-afogado-apos-mal-subito-%E2%80%94-Foto-Lenio-Cidreira-Liberdade-News.png?ssl=1\"><img data-recalc-dims=\"1\" decoding=\"async\" width=\"684\" height=\"597\" src=\"https:\/\/i0.wp.com\/blogdoeloiltoncajuhy.com.br\/site\/wp-content\/uploads\/2024\/01\/Homem-de-49-morreu-afogado-apos-mal-subito-%E2%80%94-Foto-Lenio-Cidreira-Liberdade-News.png?resize=684%2C597&#038;ssl=1\" alt=\"\" class=\"wp-image-78428\" style=\"width:657px;height:auto\" srcset=\"https:\/\/i0.wp.com\/blogdoeloiltoncajuhy.com.br\/site\/wp-content\/uploads\/2024\/01\/Homem-de-49-morreu-afogado-apos-mal-subito-%E2%80%94-Foto-Lenio-Cidreira-Liberdade-News.png?w=684&amp;ssl=1 684w, https:\/\/i0.wp.com\/blogdoeloiltoncajuhy.com.br\/site\/wp-content\/uploads\/2024\/01\/Homem-de-49-morreu-afogado-apos-mal-subito-%E2%80%94-Foto-Lenio-Cidreira-Liberdade-News.png?resize=300%2C262&amp;ssl=1 300w\" sizes=\"(max-width: 684px) 100vw, 684px\" \/><\/a><figcaption class=\"wp-element-caption\"><sub>Homem de 49 anos morreu afogado ap\u00f3s mal s\u00fabito \u2014 Foto-Lenio Cidreira-Liberdade News<\/sub><\/figcaption><\/figure>\n\n\n\n<p class=\"has-black-color has-text-color has-link-color has-medium-font-size wp-elements-8e0a6cee28fd3bc01d27711abadb6f48\"><strong>Turistas morrem no interior<\/strong><\/p>\n\n\n\n<p>Al\u00e9m das crian\u00e7as, no sul do estado, dois turistas morreram afogados nesta segunda-feira (1).<\/p>\n\n\n\n<p>Um jovem de 21 anos, identificado como Gabriel Santos Silva, que era morador de Vit\u00f3ria da Conquista, na regi\u00e3o sudoeste, morreu ap\u00f3s se afogar na praia do Cururupe, em Ilh\u00e9us. O jovem passava o feriado em Ilh\u00e9us. O corpo foi encaminhado para o Departamento de Pol\u00edcia T\u00e9cnica da cidade.<\/p>\n\n\n\n<p>Tamb\u00e9m nesta segunda, um morador de Ibicara\u00ed, na regi\u00e3o sul, morreu ap\u00f3s se afogar na praia de Oliven\u00e7a, tamb\u00e9m em Ilh\u00e9us. A v\u00edtima foi identificada como Ant\u00f4nio Rodrigues de Carvalho, de 42 anos.<\/p>\n\n\n\n<p>Salva-vidas ainda resgataram o homem, mas ap\u00f3s os primeiros socorros, ele morreu. O corpo foi levado para o DPT de Ilh\u00e9us.<\/p>\n\n\n\n<p class=\"has-black-color has-text-color has-link-color has-medium-font-size wp-elements-c304f610c4fb07c6bf240fb7087d838a\"><strong>Outros casos<\/strong><\/p>\n\n\n\n<p>No domingo (31), um adolescente morreu ap\u00f3s se afogar no Rio S\u00e3o Francisco. O acidente aconteceu em um trecho de Paulo Afonso, cidade do norte da Bahia. Segundo a Pol\u00edcia Civil, a v\u00edtima \u00e9 Fernando da Silva, de 16 anos. O Corpo de Bombeiros informou que ele foi encontrado sem vida.<\/p>\n\n\n\n<p>Tamb\u00e9m no domingo (31), os bombeiros localizaram o corpo de um homem que se afogou em uma represa na \u00e1rea rural da Fazenda Uni\u00e3o, no munic\u00edpio de Teixeira de Freitas, no extremo sul da Bahia, no s\u00e1bado (30).<\/p>\n\n\n\n<p>De acordo com a Pol\u00edcia Civil, Renato Marcelino Lima, de 49 anos, havia sa\u00eddo de barco para pescar, no dia anterior com um amigo.<\/p>\n\n\n\n<p>Ele teve um mal s\u00fabito quando se preparava para tomar um banho na represa, onde caiu e desapareceu.<\/p>\n","protected":false},"excerpt":{"rendered":"<p>Dois casos ocorreram em Feira de Santana e um terceiro em Itabuna. Al\u00e9m das crian\u00e7as, \u00faltimo dia de 2023 e primeiro de 24 tiverem outros casos de afogamento. Por g1 BA A Bahia teve, ao menos, tr\u00eas casos de afogamento de crian\u00e7as entre o dia 31 de dezembro e 1\u00ba de janeiro. Dois casos ocorreram [&hellip;]<\/p>\n","protected":false},"author":2,"featured_media":78428,"comment_status":"open","ping_status":"open","sticky":false,"template":"","format":"standard","meta":{"_acf_changed":false,"_monsterinsights_skip_tracking":false,"_monsterinsights_sitenote_active":false,"_monsterinsights_sitenote_note":"","_monsterinsights_sitenote_category":0,"_jetpack_memberships_contains_paid_content":false,"footnotes":"","jetpack_publicize_message":"","jetpack_publicize_feature_enabled":true,"jetpack_social_post_already_shared":true,"jetpack_social_options":{"image_generator_settings":{"template":"highway","default_image_id":0,"font":"","enabled":false},"version":2}},"categories":[1],"tags":[],"class_list":["post-78426","post","type-post","status-publish","format-standard","has-post-thumbnail","hentry","category-noticias"],"acf":[],"jetpack_publicize_connections":[],"jetpack_featured_media_url":"https:\/\/i0.wp.com\/blogdoeloiltoncajuhy.com.br\/site\/wp-content\/uploads\/2024\/01\/Homem-de-49-morreu-afogado-apos-mal-subito-%E2%80%94-Foto-Lenio-Cidreira-Liberdade-News.png?fit=684%2C597&ssl=1","jetpack_sharing_enabled":true,"publishpress_future_workflow_manual_trigger":{"enabledWorkflows":[]},"_links":{"self":[{"href":"https:\/\/blogdoeloiltoncajuhy.com.br\/site\/wp-json\/wp\/v2\/posts\/78426","targetHints":{"allow":["GET"]}}],"collection":[{"href":"https:\/\/blogdoeloiltoncajuhy.com.br\/site\/wp-json\/wp\/v2\/posts"}],"about":[{"href":"https:\/\/blogdoeloiltoncajuhy.com.br\/site\/wp-json\/wp\/v2\/types\/post"}],"author":[{"embeddable":true,"href":"https:\/\/blogdoeloiltoncajuhy.com.br\/site\/wp-json\/wp\/v2\/users\/2"}],"replies":[{"embeddable":true,"href":"https:\/\/blogdoeloiltoncajuhy.com.br\/site\/wp-json\/wp\/v2\/comments?post=78426"}],"version-history":[{"count":1,"href":"https:\/\/blogdoeloiltoncajuhy.com.br\/site\/wp-json\/wp\/v2\/posts\/78426\/revisions"}],"predecessor-version":[{"id":78429,"href":"https:\/\/blogdoeloiltoncajuhy.com.br\/site\/wp-json\/wp\/v2\/posts\/78426\/revisions\/78429"}],"wp:featuredmedia":[{"embeddable":true,"href":"https:\/\/blogdoeloiltoncajuhy.com.br\/site\/wp-json\/wp\/v2\/media\/78428"}],"wp:attachment":[{"href":"https:\/\/blogdoeloiltoncajuhy.com.br\/site\/wp-json\/wp\/v2\/media?parent=78426"}],"wp:term":[{"taxonomy":"category","embeddable":true,"href":"https:\/\/blogdoeloiltoncajuhy.com.br\/site\/wp-json\/wp\/v2\/categories?post=78426"},{"taxonomy":"post_tag","embeddable":true,"href":"https:\/\/blogdoeloiltoncajuhy.com.br\/site\/wp-json\/wp\/v2\/tags?post=78426"}],"curies":[{"name":"wp","href":"https:\/\/api.w.org\/{rel}","templated":true}]}}