{"id":78421,"date":"2024-01-02T09:06:22","date_gmt":"2024-01-02T12:06:22","guid":{"rendered":"https:\/\/blogdoeloiltoncajuhy.com.br\/site\/?p=78421"},"modified":"2024-01-02T09:07:42","modified_gmt":"2024-01-02T12:07:42","slug":"balanco-da-operacao-ano-novo-da-prf-mostra-que-nenhum-acidente-foi-registrado-na-area-de-bonfim-a-capim-grosso","status":"publish","type":"post","link":"https:\/\/blogdoeloiltoncajuhy.com.br\/site\/balanco-da-operacao-ano-novo-da-prf-mostra-que-nenhum-acidente-foi-registrado-na-area-de-bonfim-a-capim-grosso\/","title":{"rendered":"Balan\u00e7o da Opera\u00e7\u00e3o Ano Novo da PRF mostra que nenhum acidente foi registrado na \u00e1rea de Bonfim a Capim Grosso"},"content":{"rendered":"\n<p class=\"has-text-align-center has-medium-font-size\"><strong>Resultado da opera\u00e7\u00e3o foi divulgado nas primeiras horas desta ter\u00e7a-feira (02).<\/strong><\/p>\n\n\n\n<p><strong>Blog do Eloilton Cajuhy<\/strong><\/p>\n\n\n\n<figure class=\"wp-block-image aligncenter size-full\"><a href=\"https:\/\/i0.wp.com\/blogdoeloiltoncajuhy.com.br\/site\/wp-content\/uploads\/2024\/01\/PRF_Operacao-Ano-Novo-23_24.jpeg?ssl=1\"><img data-recalc-dims=\"1\" fetchpriority=\"high\" decoding=\"async\" width=\"768\" height=\"432\" src=\"https:\/\/i0.wp.com\/blogdoeloiltoncajuhy.com.br\/site\/wp-content\/uploads\/2024\/01\/PRF_Operacao-Ano-Novo-23_24.jpeg?resize=768%2C432&#038;ssl=1\" alt=\"\" class=\"wp-image-78423\" srcset=\"https:\/\/i0.wp.com\/blogdoeloiltoncajuhy.com.br\/site\/wp-content\/uploads\/2024\/01\/PRF_Operacao-Ano-Novo-23_24.jpeg?w=768&amp;ssl=1 768w, https:\/\/i0.wp.com\/blogdoeloiltoncajuhy.com.br\/site\/wp-content\/uploads\/2024\/01\/PRF_Operacao-Ano-Novo-23_24.jpeg?resize=300%2C169&amp;ssl=1 300w\" sizes=\"(max-width: 768px) 100vw, 768px\" \/><\/a><figcaption class=\"wp-element-caption\"><sub>Opera\u00e7\u00e3o foi considerada um sucesso<\/sub><\/figcaption><\/figure>\n\n\n\n<p>Nenhum acidente foi registrado na BR-407 durante os festejos de final de ano. \u00c9 o que aponta balan\u00e7o da Opera\u00e7\u00e3o Ano Novo, divulgado nas primeiras horas desta ter\u00e7a-feira (02) pela Delegacia 10\/04, que abrange os munic\u00edpios de Senhor do Bonfim e Capim Grosso.<\/p>\n\n\n\n<p>A opera\u00e7\u00e3o foi iniciada no dia 29 de dezembro de 2023 e terminou \u00e0 meia noite de segunda (01) para ter\u00e7a-feira (02). Segundo a PRF, em nossa \u00e1rea foram fiscalizados 284 ve\u00edculos e 312 pessoas. Ao todo, foram aplicadas 210 multas, <strong><mark style=\"background-color:rgba(0, 0, 0, 0)\" class=\"has-inline-color has-black-color\">assim distribu\u00eddas:<\/mark><\/strong><\/p>\n\n\n\n<ul class=\"wp-block-list\">\n<li>Alcoolemia: 02<\/li>\n\n\n\n<li>Sem cinto de seguran\u00e7a: 05<\/li>\n\n\n\n<li>Sem capacete: 02<\/li>\n\n\n\n<li>Ultrapassagem: 141<\/li>\n\n\n\n<li>Lei do Descanso: 01<\/li>\n\n\n\n<li>Cadeirinha: 04<\/li>\n\n\n\n<li>Outras infra\u00e7\u00f5es: 55<\/li>\n<\/ul>\n\n\n\n<p><\/p>\n\n\n\n<figure class=\"wp-block-image aligncenter size-full is-resized\"><a href=\"https:\/\/i0.wp.com\/blogdoeloiltoncajuhy.com.br\/site\/wp-content\/uploads\/2024\/01\/PRF_020424.jpeg?ssl=1\"><img data-recalc-dims=\"1\" decoding=\"async\" width=\"768\" height=\"576\" src=\"https:\/\/i0.wp.com\/blogdoeloiltoncajuhy.com.br\/site\/wp-content\/uploads\/2024\/01\/PRF_020424.jpeg?resize=768%2C576&#038;ssl=1\" alt=\"\" class=\"wp-image-78422\" style=\"width:661px;height:auto\" srcset=\"https:\/\/i0.wp.com\/blogdoeloiltoncajuhy.com.br\/site\/wp-content\/uploads\/2024\/01\/PRF_020424.jpeg?w=768&amp;ssl=1 768w, https:\/\/i0.wp.com\/blogdoeloiltoncajuhy.com.br\/site\/wp-content\/uploads\/2024\/01\/PRF_020424.jpeg?resize=300%2C225&amp;ssl=1 300w\" sizes=\"(max-width: 768px) 100vw, 768px\" \/><\/a><figcaption class=\"wp-element-caption\"><sub>Divulga\u00e7\u00e3o \/ PRF<\/sub><\/figcaption><\/figure>\n\n\n\n<ul class=\"wp-block-list\">\n<li>Ve\u00edculos flagrados pelo radar com excesso de velocidade: 37<\/li>\n<\/ul>\n\n\n\n<ul class=\"wp-block-list\">\n<li>Testes realizados com baf\u00f4metro: 180<\/li>\n\n\n\n<li>Ve\u00edculos recolhidos: 01<\/li>\n\n\n\n<li>Pessoas detidas: 01 (mandado de pris\u00e3o em aberto)<\/li>\n<\/ul>\n\n\n\n<p><\/p>\n\n\n\n<p>Ainda segundo a Pol\u00edcia Rodovi\u00e1ria Federal, durante os quatro dias da opera\u00e7\u00e3o, houve um aumento no fluxo de ve\u00edculos em torno de 35 a 40 por cento. Mesmo assim, n\u00e3o houve registro de acidentes na regi\u00e3o sob circunscri\u00e7\u00e3o da Delegacia PRF 10\/04, sendo considerada um sucesso a opera\u00e7\u00e3o.<\/p>\n","protected":false},"excerpt":{"rendered":"<p>Resultado da opera\u00e7\u00e3o foi divulgado nas primeiras horas desta ter\u00e7a-feira (02). Blog do Eloilton Cajuhy Nenhum acidente foi registrado na BR-407 durante os festejos de final de ano. \u00c9 o que aponta balan\u00e7o da Opera\u00e7\u00e3o Ano Novo, divulgado nas primeiras horas desta ter\u00e7a-feira (02) pela Delegacia 10\/04, que abrange os munic\u00edpios de Senhor do Bonfim [&hellip;]<\/p>\n","protected":false},"author":2,"featured_media":78423,"comment_status":"open","ping_status":"open","sticky":false,"template":"","format":"standard","meta":{"_acf_changed":false,"_monsterinsights_skip_tracking":false,"_monsterinsights_sitenote_active":false,"_monsterinsights_sitenote_note":"","_monsterinsights_sitenote_category":0,"_jetpack_memberships_contains_paid_content":false,"footnotes":"","jetpack_publicize_message":"","jetpack_publicize_feature_enabled":true,"jetpack_social_post_already_shared":true,"jetpack_social_options":{"image_generator_settings":{"template":"highway","default_image_id":0,"font":"","enabled":false},"version":2}},"categories":[15],"tags":[],"class_list":["post-78421","post","type-post","status-publish","format-standard","has-post-thumbnail","hentry","category-policia"],"acf":[],"jetpack_publicize_connections":[],"jetpack_featured_media_url":"https:\/\/i0.wp.com\/blogdoeloiltoncajuhy.com.br\/site\/wp-content\/uploads\/2024\/01\/PRF_Operacao-Ano-Novo-23_24.jpeg?fit=768%2C432&ssl=1","jetpack_sharing_enabled":true,"publishpress_future_workflow_manual_trigger":{"enabledWorkflows":[]},"_links":{"self":[{"href":"https:\/\/blogdoeloiltoncajuhy.com.br\/site\/wp-json\/wp\/v2\/posts\/78421","targetHints":{"allow":["GET"]}}],"collection":[{"href":"https:\/\/blogdoeloiltoncajuhy.com.br\/site\/wp-json\/wp\/v2\/posts"}],"about":[{"href":"https:\/\/blogdoeloiltoncajuhy.com.br\/site\/wp-json\/wp\/v2\/types\/post"}],"author":[{"embeddable":true,"href":"https:\/\/blogdoeloiltoncajuhy.com.br\/site\/wp-json\/wp\/v2\/users\/2"}],"replies":[{"embeddable":true,"href":"https:\/\/blogdoeloiltoncajuhy.com.br\/site\/wp-json\/wp\/v2\/comments?post=78421"}],"version-history":[{"count":2,"href":"https:\/\/blogdoeloiltoncajuhy.com.br\/site\/wp-json\/wp\/v2\/posts\/78421\/revisions"}],"predecessor-version":[{"id":78425,"href":"https:\/\/blogdoeloiltoncajuhy.com.br\/site\/wp-json\/wp\/v2\/posts\/78421\/revisions\/78425"}],"wp:featuredmedia":[{"embeddable":true,"href":"https:\/\/blogdoeloiltoncajuhy.com.br\/site\/wp-json\/wp\/v2\/media\/78423"}],"wp:attachment":[{"href":"https:\/\/blogdoeloiltoncajuhy.com.br\/site\/wp-json\/wp\/v2\/media?parent=78421"}],"wp:term":[{"taxonomy":"category","embeddable":true,"href":"https:\/\/blogdoeloiltoncajuhy.com.br\/site\/wp-json\/wp\/v2\/categories?post=78421"},{"taxonomy":"post_tag","embeddable":true,"href":"https:\/\/blogdoeloiltoncajuhy.com.br\/site\/wp-json\/wp\/v2\/tags?post=78421"}],"curies":[{"name":"wp","href":"https:\/\/api.w.org\/{rel}","templated":true}]}}