{"id":78412,"date":"2024-01-01T20:45:57","date_gmt":"2024-01-01T23:45:57","guid":{"rendered":"https:\/\/blogdoeloiltoncajuhy.com.br\/site\/?p=78412"},"modified":"2024-01-01T20:45:59","modified_gmt":"2024-01-01T23:45:59","slug":"quatro-jovens-sao-encontrados-mortos-dentro-de-bmw-em-santa-catarina","status":"publish","type":"post","link":"https:\/\/blogdoeloiltoncajuhy.com.br\/site\/quatro-jovens-sao-encontrados-mortos-dentro-de-bmw-em-santa-catarina\/","title":{"rendered":"Quatro jovens s\u00e3o encontrados mortos dentro de BMW em Santa Catarina"},"content":{"rendered":"\n<p class=\"has-medium-font-size\"><strong>Fam\u00edlia disse que o ve\u00edculo havia passado por uma customiza\u00e7\u00e3o recente no sistema de escapamento. A pol\u00edcia busca saber se tem rela\u00e7\u00e3o com o vazamento suspeito de causar as mortes.<\/strong><\/p>\n\n\n\n<p><strong>Por Clar\u00ecssa Bat\u00ecstela, Felipe Sales, g1 SC e NSC TV<\/strong><\/p>\n\n\n\n<figure class=\"wp-block-image aligncenter size-full is-resized\"><a href=\"https:\/\/i0.wp.com\/blogdoeloiltoncajuhy.com.br\/site\/wp-content\/uploads\/2024\/01\/BMW-onde-corpos-foram-achados-em-SC-%E2%80%94-Foto-Felipe-Sales-NSC-TV.png?ssl=1\"><img data-recalc-dims=\"1\" fetchpriority=\"high\" decoding=\"async\" width=\"800\" height=\"599\" src=\"https:\/\/i0.wp.com\/blogdoeloiltoncajuhy.com.br\/site\/wp-content\/uploads\/2024\/01\/BMW-onde-corpos-foram-achados-em-SC-%E2%80%94-Foto-Felipe-Sales-NSC-TV.png?resize=800%2C599&#038;ssl=1\" alt=\"\" class=\"wp-image-78413\" style=\"width:717px;height:auto\" srcset=\"https:\/\/i0.wp.com\/blogdoeloiltoncajuhy.com.br\/site\/wp-content\/uploads\/2024\/01\/BMW-onde-corpos-foram-achados-em-SC-%E2%80%94-Foto-Felipe-Sales-NSC-TV.png?w=832&amp;ssl=1 832w, https:\/\/i0.wp.com\/blogdoeloiltoncajuhy.com.br\/site\/wp-content\/uploads\/2024\/01\/BMW-onde-corpos-foram-achados-em-SC-%E2%80%94-Foto-Felipe-Sales-NSC-TV.png?resize=300%2C225&amp;ssl=1 300w, https:\/\/i0.wp.com\/blogdoeloiltoncajuhy.com.br\/site\/wp-content\/uploads\/2024\/01\/BMW-onde-corpos-foram-achados-em-SC-%E2%80%94-Foto-Felipe-Sales-NSC-TV.png?resize=768%2C575&amp;ssl=1 768w\" sizes=\"(max-width: 800px) 100vw, 800px\" \/><\/a><figcaption class=\"wp-element-caption\"><sub>BMW onde corpos foram achados em parada cardiorrespirat\u00f3rio em SC \u2014 Foto: Felipe Sales\/NSC TV<\/sub><\/figcaption><\/figure>\n\n\n\n<p>Os quatro jovens que morreram com suspeita de intoxica\u00e7\u00e3o dentro de uma BMW em Balne\u00e1rio Cambori\u00fa, no Litoral Norte de Santa Catarina, ficaram cerca de quatro horas dentro do carro ligado com o ar-condicionado funcionando, segundo o delegado Bruno Effori. Eles foram encontrados desmaiados na manh\u00e3 desta segunda-feira (1\u00ba).<\/p>\n\n\n\n<p>Segundo informa\u00e7\u00f5es preliminares da pol\u00edcia, uma falha mec\u00e2nica na BMW\/320I M Sport, fabricada em 2022, teria levado mon\u00f3xido de carbono para dentro do ve\u00edculo, o que pode ter causado a morte do grupo.<\/p>\n\n\n\n<p>Ao delegado Bruno Effori, a fam\u00edlia disse que o ve\u00edculo havia passado por uma customiza\u00e7\u00e3o recente no sistema de escapamento. A pol\u00edcia busca saber se tem rela\u00e7\u00e3o com o vazamento.<\/p>\n\n\n\n<p class=\"has-black-color has-text-color has-link-color has-medium-font-size wp-elements-39d3b2c88a4ce32b5ca75277fbdae32c\"><strong>&#8220;H\u00e1 necessidade de exames complementares, mas a per\u00edcia apontou uma perfura\u00e7\u00e3o no escape entre o motor e o painel do autom\u00f3vel, e que teria vazado mon\u00f3xido de carbono para dentro do ve\u00edculo, que teria causado asfixia e parada cardiorrespirat\u00f3ria nos ocupantes&#8221;, disse o delegado Bruno Effori.<\/strong><\/p>\n\n\n\n<p>As v\u00edtimas eram naturais de Paracatu, em Minas Gerais, mas moravam na Grande Florian\u00f3polis h\u00e1 um m\u00eas. Elas foram identificadas pela pol\u00edcia. <strong><mark style=\"background-color:rgba(0, 0, 0, 0)\" class=\"has-inline-color has-black-color\">Confira:<\/mark><\/strong><\/p>\n\n\n\n<ul class=\"wp-block-list\">\n<li>Gustavo Pereira Silveira Elias, 24 anos.<\/li>\n\n\n\n<li>Karla Aparecida dos Santos ,19 anos.<\/li>\n\n\n\n<li>Tiago de Lima Ribeiro, 21 anos.<\/li>\n\n\n\n<li>Nicolas Kovaleski, 16 anos.<\/li>\n<\/ul>\n\n\n\n<p><\/p>\n\n\n\n<figure class=\"wp-block-image aligncenter size-full is-resized\"><a href=\"https:\/\/i0.wp.com\/blogdoeloiltoncajuhy.com.br\/site\/wp-content\/uploads\/2024\/01\/vitimas-mortas-intoxicacao-sc.webp?ssl=1\"><img data-recalc-dims=\"1\" decoding=\"async\" width=\"800\" height=\"800\" src=\"https:\/\/i0.wp.com\/blogdoeloiltoncajuhy.com.br\/site\/wp-content\/uploads\/2024\/01\/vitimas-mortas-intoxicacao-sc.webp?resize=800%2C800&#038;ssl=1\" alt=\"\" class=\"wp-image-78415\" style=\"width:690px;height:auto\" srcset=\"https:\/\/i0.wp.com\/blogdoeloiltoncajuhy.com.br\/site\/wp-content\/uploads\/2024\/01\/vitimas-mortas-intoxicacao-sc.webp?w=984&amp;ssl=1 984w, https:\/\/i0.wp.com\/blogdoeloiltoncajuhy.com.br\/site\/wp-content\/uploads\/2024\/01\/vitimas-mortas-intoxicacao-sc.webp?resize=300%2C300&amp;ssl=1 300w, https:\/\/i0.wp.com\/blogdoeloiltoncajuhy.com.br\/site\/wp-content\/uploads\/2024\/01\/vitimas-mortas-intoxicacao-sc.webp?resize=150%2C150&amp;ssl=1 150w, https:\/\/i0.wp.com\/blogdoeloiltoncajuhy.com.br\/site\/wp-content\/uploads\/2024\/01\/vitimas-mortas-intoxicacao-sc.webp?resize=768%2C768&amp;ssl=1 768w\" sizes=\"(max-width: 800px) 100vw, 800px\" \/><\/a><figcaption class=\"wp-element-caption\"><sub>Gustavo Pereira Silveira Elias, Karla Aparecida dos Santos, Tiago de Lima Ribeiro e Nicolas Kovaleski \u2014 Foto: Redes sociais\/Divulga\u00e7\u00e3o<\/sub><\/figcaption><\/figure>\n\n\n\n<p>Ainda, segundo o delegado, imagens de c\u00e2meras de monitoramento do Terminal Rodovi\u00e1rio de Balne\u00e1rio Cambori\u00fa, onde o carro estava estacionado quando as v\u00edtimas foram encontradas, foram analisadas.<\/p>\n\n\n\n<p>Ap\u00f3s checagem da investiga\u00e7\u00e3o, o delegado deu detalhes sobre a din\u00e2mica do caso. Segundo Effori, a mulher que sobreviveu foi a que menos ficou dentro do carro. Ela chegou de Minas Gerais de \u00f4nibus, por volta das 3h e ficou aguardando os ocupantes da BMW, que iriam encontr\u00e1-la.<\/p>\n\n\n\n<p class=\"has-black-color has-text-color has-link-color has-medium-font-size wp-elements-59c66fd4ed0c2d046361601ec6d9ada9\"><strong>&#8220;Ela chega aproximadamente 2h antes do ve\u00edculo e fica aguardando na rodovi\u00e1ria. A\u00ed o ve\u00edculo chega e eles (ocupantes) avisam para ela que est\u00e3o passando mal. Eles relatam n\u00e1usea, tontura, tremedeira, entenderam por bem esperar at\u00e9 melhorar&#8221;, relata.<\/strong><\/p>\n\n\n\n<p>Neste tempo, a jovem entra e sai do carro seguidas vezes, explica o delegado. &#8220;Ela n\u00e3o permaneceu o tempo todo dentro do ve\u00edculo, que ficou ligado por cerca de 3h a 4h, com ar condicionado ligado.<\/p>\n\n\n\n<p>O delegado confirmou que n\u00e3o h\u00e1 sinais de viol\u00eancia nas v\u00edtimas, mas ainda ser\u00e1 apurado se h\u00e1 participa\u00e7\u00e3o de &#8220;terceira pessoa&#8221;.<\/p>\n\n\n\n<p>O carro passou por per\u00edcia. A Pol\u00edcia Cient\u00edfica informou que o laudo do carro e dos corpos pode demorar alguns dias para ser conclu\u00eddo.<\/p>\n\n\n\n<figure class=\"wp-block-image aligncenter size-full is-resized\"><a href=\"https:\/\/i0.wp.com\/blogdoeloiltoncajuhy.com.br\/site\/wp-content\/uploads\/2024\/01\/BMW-estacionada-na-rodoviaria-de-Balneario-Camboriu-%E2%80%94-Foto-Felipe-Sales-NSC-TV.png?ssl=1\"><img data-recalc-dims=\"1\" decoding=\"async\" width=\"800\" height=\"601\" src=\"https:\/\/i0.wp.com\/blogdoeloiltoncajuhy.com.br\/site\/wp-content\/uploads\/2024\/01\/BMW-estacionada-na-rodoviaria-de-Balneario-Camboriu-%E2%80%94-Foto-Felipe-Sales-NSC-TV.png?resize=800%2C601&#038;ssl=1\" alt=\"\" class=\"wp-image-78414\" style=\"width:717px;height:auto\" srcset=\"https:\/\/i0.wp.com\/blogdoeloiltoncajuhy.com.br\/site\/wp-content\/uploads\/2024\/01\/BMW-estacionada-na-rodoviaria-de-Balneario-Camboriu-%E2%80%94-Foto-Felipe-Sales-NSC-TV.png?w=826&amp;ssl=1 826w, https:\/\/i0.wp.com\/blogdoeloiltoncajuhy.com.br\/site\/wp-content\/uploads\/2024\/01\/BMW-estacionada-na-rodoviaria-de-Balneario-Camboriu-%E2%80%94-Foto-Felipe-Sales-NSC-TV.png?resize=300%2C226&amp;ssl=1 300w, https:\/\/i0.wp.com\/blogdoeloiltoncajuhy.com.br\/site\/wp-content\/uploads\/2024\/01\/BMW-estacionada-na-rodoviaria-de-Balneario-Camboriu-%E2%80%94-Foto-Felipe-Sales-NSC-TV.png?resize=768%2C577&amp;ssl=1 768w\" sizes=\"(max-width: 800px) 100vw, 800px\" \/><\/a><figcaption class=\"wp-element-caption\"><sub>BMW estacionada em rodovi\u00e1ria de Balne\u00e1rio Cambori\u00fa onde corpos foram achados \u2014 Foto: Felipe Sales\/NSC TV<\/sub><\/figcaption><\/figure>\n\n\n\n<p class=\"has-black-color has-text-color has-link-color has-medium-font-size wp-elements-7882a4419241421c99aa9b6564effc52\"><strong>Localiza\u00e7\u00e3o dos corpos<\/strong><\/p>\n\n\n\n<p>O Corpo de Bombeiros foi chamado \u00e0s 7h30 desta segunda-feira para dar apoio \u00e0 equipe do Samu, que atendia uma ocorr\u00eancia com quatro jovens em parada cardiorrespirat\u00f3ria no Terminal Rodovi\u00e1rio de Balne\u00e1rio Cambori\u00fa.<\/p>\n\n\n\n<p>Quando os bombeiros chegaram, as v\u00edtimas tinham sido retiradas de dentro do ve\u00edculo, onde foram encontradas, e estavam deitadas no ch\u00e3o, recebendo atendimento de reanima\u00e7\u00e3o.<\/p>\n\n\n\n<p>Ap\u00f3s 40 minutos de procedimentos avan\u00e7ados de reanima\u00e7\u00e3o e nenhuma resposta aos procedimentos realizados, a equipe m\u00e9dica do Samu decretou o \u00f3bito do grupo.<\/p>\n","protected":false},"excerpt":{"rendered":"<p>Fam\u00edlia disse que o ve\u00edculo havia passado por uma customiza\u00e7\u00e3o recente no sistema de escapamento. A pol\u00edcia busca saber se tem rela\u00e7\u00e3o com o vazamento suspeito de causar as mortes. Por Clar\u00ecssa Bat\u00ecstela, Felipe Sales, g1 SC e NSC TV Os quatro jovens que morreram com suspeita de intoxica\u00e7\u00e3o dentro de uma BMW em Balne\u00e1rio [&hellip;]<\/p>\n","protected":false},"author":2,"featured_media":78415,"comment_status":"open","ping_status":"open","sticky":false,"template":"","format":"standard","meta":{"_acf_changed":false,"_monsterinsights_skip_tracking":false,"_monsterinsights_sitenote_active":false,"_monsterinsights_sitenote_note":"","_monsterinsights_sitenote_category":0,"_jetpack_memberships_contains_paid_content":false,"footnotes":"","jetpack_publicize_message":"","jetpack_publicize_feature_enabled":true,"jetpack_social_post_already_shared":true,"jetpack_social_options":{"image_generator_settings":{"template":"highway","default_image_id":0,"font":"","enabled":false},"version":2}},"categories":[5],"tags":[],"class_list":["post-78412","post","type-post","status-publish","format-standard","has-post-thumbnail","hentry","category-cotidiano"],"acf":[],"jetpack_publicize_connections":[],"jetpack_featured_media_url":"https:\/\/i0.wp.com\/blogdoeloiltoncajuhy.com.br\/site\/wp-content\/uploads\/2024\/01\/vitimas-mortas-intoxicacao-sc.webp?fit=984%2C984&ssl=1","jetpack_sharing_enabled":true,"publishpress_future_workflow_manual_trigger":{"enabledWorkflows":[]},"_links":{"self":[{"href":"https:\/\/blogdoeloiltoncajuhy.com.br\/site\/wp-json\/wp\/v2\/posts\/78412","targetHints":{"allow":["GET"]}}],"collection":[{"href":"https:\/\/blogdoeloiltoncajuhy.com.br\/site\/wp-json\/wp\/v2\/posts"}],"about":[{"href":"https:\/\/blogdoeloiltoncajuhy.com.br\/site\/wp-json\/wp\/v2\/types\/post"}],"author":[{"embeddable":true,"href":"https:\/\/blogdoeloiltoncajuhy.com.br\/site\/wp-json\/wp\/v2\/users\/2"}],"replies":[{"embeddable":true,"href":"https:\/\/blogdoeloiltoncajuhy.com.br\/site\/wp-json\/wp\/v2\/comments?post=78412"}],"version-history":[{"count":1,"href":"https:\/\/blogdoeloiltoncajuhy.com.br\/site\/wp-json\/wp\/v2\/posts\/78412\/revisions"}],"predecessor-version":[{"id":78416,"href":"https:\/\/blogdoeloiltoncajuhy.com.br\/site\/wp-json\/wp\/v2\/posts\/78412\/revisions\/78416"}],"wp:featuredmedia":[{"embeddable":true,"href":"https:\/\/blogdoeloiltoncajuhy.com.br\/site\/wp-json\/wp\/v2\/media\/78415"}],"wp:attachment":[{"href":"https:\/\/blogdoeloiltoncajuhy.com.br\/site\/wp-json\/wp\/v2\/media?parent=78412"}],"wp:term":[{"taxonomy":"category","embeddable":true,"href":"https:\/\/blogdoeloiltoncajuhy.com.br\/site\/wp-json\/wp\/v2\/categories?post=78412"},{"taxonomy":"post_tag","embeddable":true,"href":"https:\/\/blogdoeloiltoncajuhy.com.br\/site\/wp-json\/wp\/v2\/tags?post=78412"}],"curies":[{"name":"wp","href":"https:\/\/api.w.org\/{rel}","templated":true}]}}