{"id":78405,"date":"2024-01-01T19:57:08","date_gmt":"2024-01-01T22:57:08","guid":{"rendered":"https:\/\/blogdoeloiltoncajuhy.com.br\/site\/?p=78405"},"modified":"2024-01-01T19:57:10","modified_gmt":"2024-01-01T22:57:10","slug":"homem-de-34-anos-morre-em-acidente-de-moto-na-entrada-de-andorinha","status":"publish","type":"post","link":"https:\/\/blogdoeloiltoncajuhy.com.br\/site\/homem-de-34-anos-morre-em-acidente-de-moto-na-entrada-de-andorinha\/","title":{"rendered":"Homem de 34 anos morre em acidente de moto na entrada de Andorinha"},"content":{"rendered":"\n<p><strong>Blog do Eloilton Cajuhy<\/strong><\/p>\n\n\n\n<figure class=\"wp-block-image aligncenter size-full\"><a href=\"https:\/\/i0.wp.com\/blogdoeloiltoncajuhy.com.br\/site\/wp-content\/uploads\/2024\/01\/Manelito-Andorinha-News-010124.png\"><img data-recalc-dims=\"1\" fetchpriority=\"high\" decoding=\"async\" width=\"800\" height=\"451\" src=\"https:\/\/i0.wp.com\/blogdoeloiltoncajuhy.com.br\/site\/wp-content\/uploads\/2024\/01\/Manelito-Andorinha-News-010124.png?resize=800%2C451\" alt=\"\" class=\"wp-image-78406\" srcset=\"https:\/\/i0.wp.com\/blogdoeloiltoncajuhy.com.br\/site\/wp-content\/uploads\/2024\/01\/Manelito-Andorinha-News-010124.png?w=923&amp;ssl=1 923w, https:\/\/i0.wp.com\/blogdoeloiltoncajuhy.com.br\/site\/wp-content\/uploads\/2024\/01\/Manelito-Andorinha-News-010124.png?resize=300%2C169&amp;ssl=1 300w, https:\/\/i0.wp.com\/blogdoeloiltoncajuhy.com.br\/site\/wp-content\/uploads\/2024\/01\/Manelito-Andorinha-News-010124.png?resize=768%2C433&amp;ssl=1 768w\" sizes=\"(max-width: 800px) 100vw, 800px\" \/><\/a><figcaption class=\"wp-element-caption\"><sub>Foto: Andorinha News<\/sub><\/figcaption><\/figure>\n\n\n\n<p>Um acidente de moto, ocorrido na manh\u00e3 desta segunda-feira, 1\u00ba de janeiro, na BA-220, entrada de Andorinha, terminou com a morte de Manelito Francisco, de 34 anos de idade, que morava na Fazenda Mandi, interior daquele munic\u00edpio. A informa\u00e7\u00e3o e do <strong>Portal Andorinha News<\/strong>.<\/p>\n\n\n\n<p>Segundo as informa\u00e7\u00f5es, Manelito Francisco retornava de uma festa realizada no Povoado Caldeir\u00e3o da Vaca, tamb\u00e9m no munic\u00edpio de Andorinha, quando caiu da moto que conduzia.<\/p>\n\n\n\n<p>Devido \u00e0 gravidade dos ferimentos, ele n\u00e3o resistiu e morreu no local do acidente. A Pol\u00edcia Rodovi\u00e1ria Estadual (PRE) investiga as circunst\u00e2ncias do acidente. O corpo da v\u00edtima permaneceu no local at\u00e9 a chegada de peritos da Pol\u00edcia T\u00e9cnica de Senhor do Bonfim. A morte de Manelito deixou consternada a cidade de Andorinha.<\/p>\n","protected":false},"excerpt":{"rendered":"<p>Blog do Eloilton Cajuhy Um acidente de moto, ocorrido na manh\u00e3 desta segunda-feira, 1\u00ba de janeiro, na BA-220, entrada de Andorinha, terminou com a morte de Manelito Francisco, de 34 anos de idade, que morava na Fazenda Mandi, interior daquele munic\u00edpio. A informa\u00e7\u00e3o e do Portal Andorinha News. Segundo as informa\u00e7\u00f5es, Manelito Francisco retornava de [&hellip;]<\/p>\n","protected":false},"author":2,"featured_media":78406,"comment_status":"open","ping_status":"open","sticky":false,"template":"","format":"standard","meta":{"_acf_changed":false,"_monsterinsights_skip_tracking":false,"_monsterinsights_sitenote_active":false,"_monsterinsights_sitenote_note":"","_monsterinsights_sitenote_category":0,"_jetpack_memberships_contains_paid_content":false,"footnotes":"","jetpack_publicize_message":"","jetpack_publicize_feature_enabled":true,"jetpack_social_post_already_shared":true,"jetpack_social_options":{"image_generator_settings":{"template":"highway","default_image_id":0,"font":"","enabled":false},"version":2}},"categories":[11],"tags":[],"class_list":["post-78405","post","type-post","status-publish","format-standard","has-post-thumbnail","hentry","category-regional"],"acf":[],"jetpack_publicize_connections":[],"jetpack_featured_media_url":"https:\/\/i0.wp.com\/blogdoeloiltoncajuhy.com.br\/site\/wp-content\/uploads\/2024\/01\/Manelito-Andorinha-News-010124.png?fit=923%2C520&ssl=1","jetpack_sharing_enabled":true,"publishpress_future_workflow_manual_trigger":{"enabledWorkflows":[]},"_links":{"self":[{"href":"https:\/\/blogdoeloiltoncajuhy.com.br\/site\/wp-json\/wp\/v2\/posts\/78405","targetHints":{"allow":["GET"]}}],"collection":[{"href":"https:\/\/blogdoeloiltoncajuhy.com.br\/site\/wp-json\/wp\/v2\/posts"}],"about":[{"href":"https:\/\/blogdoeloiltoncajuhy.com.br\/site\/wp-json\/wp\/v2\/types\/post"}],"author":[{"embeddable":true,"href":"https:\/\/blogdoeloiltoncajuhy.com.br\/site\/wp-json\/wp\/v2\/users\/2"}],"replies":[{"embeddable":true,"href":"https:\/\/blogdoeloiltoncajuhy.com.br\/site\/wp-json\/wp\/v2\/comments?post=78405"}],"version-history":[{"count":1,"href":"https:\/\/blogdoeloiltoncajuhy.com.br\/site\/wp-json\/wp\/v2\/posts\/78405\/revisions"}],"predecessor-version":[{"id":78407,"href":"https:\/\/blogdoeloiltoncajuhy.com.br\/site\/wp-json\/wp\/v2\/posts\/78405\/revisions\/78407"}],"wp:featuredmedia":[{"embeddable":true,"href":"https:\/\/blogdoeloiltoncajuhy.com.br\/site\/wp-json\/wp\/v2\/media\/78406"}],"wp:attachment":[{"href":"https:\/\/blogdoeloiltoncajuhy.com.br\/site\/wp-json\/wp\/v2\/media?parent=78405"}],"wp:term":[{"taxonomy":"category","embeddable":true,"href":"https:\/\/blogdoeloiltoncajuhy.com.br\/site\/wp-json\/wp\/v2\/categories?post=78405"},{"taxonomy":"post_tag","embeddable":true,"href":"https:\/\/blogdoeloiltoncajuhy.com.br\/site\/wp-json\/wp\/v2\/tags?post=78405"}],"curies":[{"name":"wp","href":"https:\/\/api.w.org\/{rel}","templated":true}]}}