{"id":78400,"date":"2023-12-30T12:05:42","date_gmt":"2023-12-30T15:05:42","guid":{"rendered":"https:\/\/blogdoeloiltoncajuhy.com.br\/site\/?p=78400"},"modified":"2023-12-30T12:05:44","modified_gmt":"2023-12-30T15:05:44","slug":"aneel-mantem-bandeira-verde-nas-contas-de-luz-em-janeiro-de-2024","status":"publish","type":"post","link":"https:\/\/blogdoeloiltoncajuhy.com.br\/site\/aneel-mantem-bandeira-verde-nas-contas-de-luz-em-janeiro-de-2024\/","title":{"rendered":"Aneel mant\u00e9m bandeira verde nas contas de luz em janeiro de 2024"},"content":{"rendered":"\n<p class=\"has-text-align-center has-medium-font-size\"><strong>Consumidor n\u00e3o paga custo extra pela energia desde abril de 2022.<\/strong><\/p>\n\n\n\n<p><strong>Por Ag\u00eancia Brasil<\/strong><\/p>\n\n\n\n<figure class=\"wp-block-image aligncenter size-large is-resized\"><a href=\"https:\/\/i0.wp.com\/blogdoeloiltoncajuhy.com.br\/site\/wp-content\/uploads\/2022\/04\/Conta-de-Luz-16042022.jpg\"><img data-recalc-dims=\"1\" fetchpriority=\"high\" decoding=\"async\" width=\"800\" height=\"479\" src=\"https:\/\/i0.wp.com\/blogdoeloiltoncajuhy.com.br\/site\/wp-content\/uploads\/2022\/04\/Conta-de-Luz-16042022.jpg?resize=800%2C479\" alt=\"\" class=\"wp-image-64261\" style=\"width:673px;height:auto\" srcset=\"https:\/\/i0.wp.com\/blogdoeloiltoncajuhy.com.br\/site\/wp-content\/uploads\/2022\/04\/Conta-de-Luz-16042022.jpg?resize=1024%2C613&amp;ssl=1 1024w, https:\/\/i0.wp.com\/blogdoeloiltoncajuhy.com.br\/site\/wp-content\/uploads\/2022\/04\/Conta-de-Luz-16042022.jpg?resize=300%2C179&amp;ssl=1 300w, https:\/\/i0.wp.com\/blogdoeloiltoncajuhy.com.br\/site\/wp-content\/uploads\/2022\/04\/Conta-de-Luz-16042022.jpg?resize=768%2C459&amp;ssl=1 768w, https:\/\/i0.wp.com\/blogdoeloiltoncajuhy.com.br\/site\/wp-content\/uploads\/2022\/04\/Conta-de-Luz-16042022.jpg?w=1170&amp;ssl=1 1170w\" sizes=\"(max-width: 800px) 100vw, 800px\" \/><\/a><figcaption class=\"wp-element-caption\"><sub>Foto: Marcelo Camargo\/Ag\u00eancia Brasil<\/sub><\/figcaption><\/figure>\n\n\n\n<p>A Ag\u00eancia Nacional de Energia El\u00e9trica (Aneel) informou nesta sexta-feira (29) que no m\u00eas de janeiro a bandeira tarif\u00e1ria ser\u00e1 verde. Desta forma, os consumidores n\u00e3o ter\u00e3o custo extra nas contas de luz.<\/p>\n\n\n\n<p>De acordo com a ag\u00eancia, a continua\u00e7\u00e3o da bandeira verde no in\u00edcio do pr\u00f3ximo ano \u00e9 porque as condi\u00e7\u00f5es favor\u00e1veis de gera\u00e7\u00e3o de energia permanecem. H\u00e1 21 meses o pa\u00eds tem adotado a bandeira verde ap\u00f3s o fim da escassez h\u00eddrica, que durou de setembro de 2021 at\u00e9 meados de abril de 2022.<\/p>\n\n\n\n<p class=\"has-black-color has-text-color has-link-color has-medium-font-size wp-elements-f8fcb1f3715e17018e237dc144d96cf3\"><strong>O que s\u00e3o as bandeiras tarif\u00e1rias<\/strong><\/p>\n\n\n\n<p>Criadas em 2015 pela Aneel, as bandeiras tarif\u00e1rias refletem os custos vari\u00e1veis da gera\u00e7\u00e3o de energia el\u00e9trica. Divididas em n\u00edveis, as bandeiras indicam quanto est\u00e1 custando para o SIN gerar a energia usada nas casas, em estabelecimentos comerciais e nas ind\u00fastrias.<\/p>\n\n\n\n<p>Quando a conta de luz \u00e9 calculada pela bandeira verde, n\u00e3o h\u00e1 nenhum acr\u00e9scimo. Quando s\u00e3o aplicadas as bandeiras vermelha ou amarela, a conta sofre acr\u00e9scimos, que variam de R$ 2,989 (bandeira amarela) a R$ 9,795 (bandeira vermelha patamar 2) a cada 100 quilowatts-hora (kWh) consumidos. Quando a bandeira de escassez h\u00eddrica vigorou, de setembro de 2021 a 15 de abril de 2022, o consumidor pagava R$ 14,20 extras a cada 100 kWh.<\/p>\n\n\n\n<p>O Sistema Interligado Nacional \u00e9 dividido em quatro subsistemas: Sudeste\/Centro-Oeste, Sul, Nordeste e Norte. Praticamente todo o pa\u00eds \u00e9 coberto pelo SIN. A exce\u00e7\u00e3o s\u00e3o algumas partes de estados da Regi\u00e3o Norte e de Mato Grosso, al\u00e9m de todo o estado de Roraima. Atualmente, h\u00e1 212 localidades isoladas do SIN, nas quais o consumo \u00e9 baixo e representa menos de 1% da carga total do pa\u00eds. A demanda por energia nessas regi\u00f5es \u00e9 suprida, principalmente, por t\u00e9rmicas a \u00f3leo diesel.<\/p>\n","protected":false},"excerpt":{"rendered":"<p>Consumidor n\u00e3o paga custo extra pela energia desde abril de 2022. Por Ag\u00eancia Brasil A Ag\u00eancia Nacional de Energia El\u00e9trica (Aneel) informou nesta sexta-feira (29) que no m\u00eas de janeiro a bandeira tarif\u00e1ria ser\u00e1 verde. Desta forma, os consumidores n\u00e3o ter\u00e3o custo extra nas contas de luz. De acordo com a ag\u00eancia, a continua\u00e7\u00e3o da [&hellip;]<\/p>\n","protected":false},"author":2,"featured_media":64261,"comment_status":"open","ping_status":"open","sticky":false,"template":"","format":"standard","meta":{"_acf_changed":false,"_monsterinsights_skip_tracking":false,"_monsterinsights_sitenote_active":false,"_monsterinsights_sitenote_note":"","_monsterinsights_sitenote_category":0,"_jetpack_memberships_contains_paid_content":false,"footnotes":"","jetpack_publicize_message":"","jetpack_publicize_feature_enabled":true,"jetpack_social_post_already_shared":true,"jetpack_social_options":{"image_generator_settings":{"template":"highway","default_image_id":0,"font":"","enabled":false},"version":2}},"categories":[31],"tags":[],"class_list":["post-78400","post","type-post","status-publish","format-standard","has-post-thumbnail","hentry","category-economia"],"acf":[],"jetpack_publicize_connections":[],"jetpack_featured_media_url":"https:\/\/i0.wp.com\/blogdoeloiltoncajuhy.com.br\/site\/wp-content\/uploads\/2022\/04\/Conta-de-Luz-16042022.jpg?fit=1170%2C700&ssl=1","jetpack_sharing_enabled":true,"publishpress_future_workflow_manual_trigger":{"enabledWorkflows":[]},"_links":{"self":[{"href":"https:\/\/blogdoeloiltoncajuhy.com.br\/site\/wp-json\/wp\/v2\/posts\/78400","targetHints":{"allow":["GET"]}}],"collection":[{"href":"https:\/\/blogdoeloiltoncajuhy.com.br\/site\/wp-json\/wp\/v2\/posts"}],"about":[{"href":"https:\/\/blogdoeloiltoncajuhy.com.br\/site\/wp-json\/wp\/v2\/types\/post"}],"author":[{"embeddable":true,"href":"https:\/\/blogdoeloiltoncajuhy.com.br\/site\/wp-json\/wp\/v2\/users\/2"}],"replies":[{"embeddable":true,"href":"https:\/\/blogdoeloiltoncajuhy.com.br\/site\/wp-json\/wp\/v2\/comments?post=78400"}],"version-history":[{"count":1,"href":"https:\/\/blogdoeloiltoncajuhy.com.br\/site\/wp-json\/wp\/v2\/posts\/78400\/revisions"}],"predecessor-version":[{"id":78401,"href":"https:\/\/blogdoeloiltoncajuhy.com.br\/site\/wp-json\/wp\/v2\/posts\/78400\/revisions\/78401"}],"wp:featuredmedia":[{"embeddable":true,"href":"https:\/\/blogdoeloiltoncajuhy.com.br\/site\/wp-json\/wp\/v2\/media\/64261"}],"wp:attachment":[{"href":"https:\/\/blogdoeloiltoncajuhy.com.br\/site\/wp-json\/wp\/v2\/media?parent=78400"}],"wp:term":[{"taxonomy":"category","embeddable":true,"href":"https:\/\/blogdoeloiltoncajuhy.com.br\/site\/wp-json\/wp\/v2\/categories?post=78400"},{"taxonomy":"post_tag","embeddable":true,"href":"https:\/\/blogdoeloiltoncajuhy.com.br\/site\/wp-json\/wp\/v2\/tags?post=78400"}],"curies":[{"name":"wp","href":"https:\/\/api.w.org\/{rel}","templated":true}]}}