{"id":78397,"date":"2023-12-30T11:39:24","date_gmt":"2023-12-30T14:39:24","guid":{"rendered":"https:\/\/blogdoeloiltoncajuhy.com.br\/site\/?p=78397"},"modified":"2023-12-30T11:39:26","modified_gmt":"2023-12-30T14:39:26","slug":"compadre-washington-passa-por-cirurgia-de-apendice-em-salvador","status":"publish","type":"post","link":"https:\/\/blogdoeloiltoncajuhy.com.br\/site\/compadre-washington-passa-por-cirurgia-de-apendice-em-salvador\/","title":{"rendered":"Compadre Washington passa por cirurgia de ap\u00eandice em Salvador"},"content":{"rendered":"\n<p class=\"has-medium-font-size\"><strong>Artista passou mal na madrugada desta sexta-feira (29), e est\u00e1 em um hospital particular na capital baiana.<\/strong><\/p>\n\n\n\n<p><strong>Por g1 BA<\/strong><\/p>\n\n\n\n<figure class=\"wp-block-image aligncenter size-full is-resized\"><a href=\"https:\/\/i0.wp.com\/blogdoeloiltoncajuhy.com.br\/site\/wp-content\/uploads\/2023\/12\/Compadre-Washington-E-o-Tchan-%E2%80%94-Foto-Van-Campos-Foto-Arena-Estadao-Conteudo.png?ssl=1\"><img data-recalc-dims=\"1\" fetchpriority=\"high\" decoding=\"async\" width=\"800\" height=\"506\" src=\"https:\/\/i0.wp.com\/blogdoeloiltoncajuhy.com.br\/site\/wp-content\/uploads\/2023\/12\/Compadre-Washington-E-o-Tchan-%E2%80%94-Foto-Van-Campos-Foto-Arena-Estadao-Conteudo.png?resize=800%2C506&#038;ssl=1\" alt=\"\" class=\"wp-image-78398\" style=\"width:709px;height:auto\" srcset=\"https:\/\/i0.wp.com\/blogdoeloiltoncajuhy.com.br\/site\/wp-content\/uploads\/2023\/12\/Compadre-Washington-E-o-Tchan-%E2%80%94-Foto-Van-Campos-Foto-Arena-Estadao-Conteudo.png?w=829&amp;ssl=1 829w, https:\/\/i0.wp.com\/blogdoeloiltoncajuhy.com.br\/site\/wp-content\/uploads\/2023\/12\/Compadre-Washington-E-o-Tchan-%E2%80%94-Foto-Van-Campos-Foto-Arena-Estadao-Conteudo.png?resize=300%2C190&amp;ssl=1 300w, https:\/\/i0.wp.com\/blogdoeloiltoncajuhy.com.br\/site\/wp-content\/uploads\/2023\/12\/Compadre-Washington-E-o-Tchan-%E2%80%94-Foto-Van-Campos-Foto-Arena-Estadao-Conteudo.png?resize=768%2C485&amp;ssl=1 768w\" sizes=\"(max-width: 800px) 100vw, 800px\" \/><\/a><figcaption class=\"wp-element-caption\"><sub>Compadre Washington durante show do &#8220;\u00c9 o Tchan&#8221; na Virada Cultural 2019 \u2014 Foto: Van Campos\/FotoArena\/Estad\u00e3o Conte\u00fado<\/sub><\/figcaption><\/figure>\n\n\n\n<p>O cantor Compadre Washington, vocalista do grupo \u00c9 o Tchan, passou por uma cirurgia de apendicectomia ap\u00f3s ser hospitalizado nesta madrugada desta sexta-feira (29). Ele sofreu desconforto abdominal e foi diagnosticado com apendicite aguda.<\/p>\n\n\n\n<p>O boletim m\u00e9dico emitido pelo Hospital MaterDei, onde o artista est\u00e1 internado, apontou que o quadro de sa\u00fade do paciente \u00e9 considerado est\u00e1vel, por\u00e9m, ainda n\u00e3o h\u00e1 previs\u00e3o de alta.<\/p>\n\n\n\n<p>Compadre Washington realizou o procedimento por videolaparoscopia, t\u00e9cnica feita com o aux\u00edlio de uma c\u00e2mera ligada a uma \u00f3tica e introduzida atrav\u00e9s da parede abdominal. A cirurgia \u00e9 feita de forma minimamente invasiva.<\/p>\n\n\n\n<p>A apendicite aguda acontece quando o ap\u00eandice fica inflamado e cheio de pus, causando dor. Por muitas vezes \u00e9 acompanhada de n\u00e1useas, v\u00f4mitos, falta de apetite, febre e calafrios. O tratamento \u00e9 feito com uso de antibi\u00f3ticos e cirurgia e caso n\u00e3o seja tratado, pode causar infec\u00e7\u00e3o generalizada.<\/p>\n\n\n\n<p>Na agenda do \u00c9 o Tchan est\u00e3o programados shows no s\u00e1bado (30), em Ipojuca, no estado de Pernambuco, no domingo (31), em S\u00e3o Jo\u00e3o da Barra, no Rio de Janeiro, e na segunda-feira (1\u00b0), no munic\u00edpio de Ouro Branco, em Alagoas. Segundo a assessoria da banda, a agenda ser\u00e1 cumprida normalmente pelo outro cantor do grupo, Beto Jamaica.<\/p>\n\n\n\n<p>Compadre Washington \u00e9 conhecido nacionalmente por integrar a banda de pagode baiano \u00c9 o Tchan, formada em 1993. Ao lado do parceiro, ele fez hist\u00f3ria no ax\u00e9 music e dividiu palco com dan\u00e7arinos como Carla Perez, D\u00e9bora Brasil, Jacar\u00e9, Scheila Carvalho e Sheila Melo. Em 2023, o grupo completa 30 anos de carreira.<\/p>\n","protected":false},"excerpt":{"rendered":"<p>Artista passou mal na madrugada desta sexta-feira (29), e est\u00e1 em um hospital particular na capital baiana. Por g1 BA O cantor Compadre Washington, vocalista do grupo \u00c9 o Tchan, passou por uma cirurgia de apendicectomia ap\u00f3s ser hospitalizado nesta madrugada desta sexta-feira (29). Ele sofreu desconforto abdominal e foi diagnosticado com apendicite aguda. O [&hellip;]<\/p>\n","protected":false},"author":2,"featured_media":78398,"comment_status":"open","ping_status":"open","sticky":false,"template":"","format":"standard","meta":{"_acf_changed":false,"_monsterinsights_skip_tracking":false,"_monsterinsights_sitenote_active":false,"_monsterinsights_sitenote_note":"","_monsterinsights_sitenote_category":0,"_jetpack_memberships_contains_paid_content":false,"footnotes":"","jetpack_publicize_message":"","jetpack_publicize_feature_enabled":true,"jetpack_social_post_already_shared":true,"jetpack_social_options":{"image_generator_settings":{"template":"highway","default_image_id":0,"font":"","enabled":false},"version":2}},"categories":[8],"tags":[],"class_list":["post-78397","post","type-post","status-publish","format-standard","has-post-thumbnail","hentry","category-cultura"],"acf":[],"jetpack_publicize_connections":[],"jetpack_featured_media_url":"https:\/\/i0.wp.com\/blogdoeloiltoncajuhy.com.br\/site\/wp-content\/uploads\/2023\/12\/Compadre-Washington-E-o-Tchan-%E2%80%94-Foto-Van-Campos-Foto-Arena-Estadao-Conteudo.png?fit=829%2C524&ssl=1","jetpack_sharing_enabled":true,"publishpress_future_workflow_manual_trigger":{"enabledWorkflows":[]},"_links":{"self":[{"href":"https:\/\/blogdoeloiltoncajuhy.com.br\/site\/wp-json\/wp\/v2\/posts\/78397","targetHints":{"allow":["GET"]}}],"collection":[{"href":"https:\/\/blogdoeloiltoncajuhy.com.br\/site\/wp-json\/wp\/v2\/posts"}],"about":[{"href":"https:\/\/blogdoeloiltoncajuhy.com.br\/site\/wp-json\/wp\/v2\/types\/post"}],"author":[{"embeddable":true,"href":"https:\/\/blogdoeloiltoncajuhy.com.br\/site\/wp-json\/wp\/v2\/users\/2"}],"replies":[{"embeddable":true,"href":"https:\/\/blogdoeloiltoncajuhy.com.br\/site\/wp-json\/wp\/v2\/comments?post=78397"}],"version-history":[{"count":1,"href":"https:\/\/blogdoeloiltoncajuhy.com.br\/site\/wp-json\/wp\/v2\/posts\/78397\/revisions"}],"predecessor-version":[{"id":78399,"href":"https:\/\/blogdoeloiltoncajuhy.com.br\/site\/wp-json\/wp\/v2\/posts\/78397\/revisions\/78399"}],"wp:featuredmedia":[{"embeddable":true,"href":"https:\/\/blogdoeloiltoncajuhy.com.br\/site\/wp-json\/wp\/v2\/media\/78398"}],"wp:attachment":[{"href":"https:\/\/blogdoeloiltoncajuhy.com.br\/site\/wp-json\/wp\/v2\/media?parent=78397"}],"wp:term":[{"taxonomy":"category","embeddable":true,"href":"https:\/\/blogdoeloiltoncajuhy.com.br\/site\/wp-json\/wp\/v2\/categories?post=78397"},{"taxonomy":"post_tag","embeddable":true,"href":"https:\/\/blogdoeloiltoncajuhy.com.br\/site\/wp-json\/wp\/v2\/tags?post=78397"}],"curies":[{"name":"wp","href":"https:\/\/api.w.org\/{rel}","templated":true}]}}