{"id":78395,"date":"2023-12-29T16:57:51","date_gmt":"2023-12-29T19:57:51","guid":{"rendered":"https:\/\/blogdoeloiltoncajuhy.com.br\/site\/?p=78395"},"modified":"2023-12-29T16:57:53","modified_gmt":"2023-12-29T19:57:53","slug":"nao-vem-sem-ancelotti-veja-cinco-nomes-com-perfil-para-assumir-a-selecao-brasileira","status":"publish","type":"post","link":"https:\/\/blogdoeloiltoncajuhy.com.br\/site\/nao-vem-sem-ancelotti-veja-cinco-nomes-com-perfil-para-assumir-a-selecao-brasileira\/","title":{"rendered":"N\u00e3o vem: Sem Ancelotti, veja cinco nomes com perfil para assumir a Sele\u00e7\u00e3o Brasileira"},"content":{"rendered":"\n<p class=\"has-text-align-center has-medium-font-size\"><strong>Fernando Diniz, atual t\u00e9cnico interino, tem contrato com a CBF at\u00e9 junho de 2024.<\/strong><\/p>\n\n\n\n<p><strong>Lance!<\/strong><\/p>\n\n\n\n<figure class=\"wp-block-image aligncenter size-full\"><a href=\"https:\/\/i0.wp.com\/blogdoeloiltoncajuhy.com.br\/site\/wp-content\/uploads\/2016\/08\/sele%C3%A7%C3%A3o3.jpg\"><img data-recalc-dims=\"1\" fetchpriority=\"high\" decoding=\"async\" width=\"800\" height=\"533\" src=\"https:\/\/i0.wp.com\/blogdoeloiltoncajuhy.com.br\/site\/wp-content\/uploads\/2016\/08\/sele%C3%A7%C3%A3o3.jpg?resize=800%2C533\" alt=\"\" class=\"wp-image-11537\" srcset=\"https:\/\/i0.wp.com\/blogdoeloiltoncajuhy.com.br\/site\/wp-content\/uploads\/2016\/08\/sele%C3%A7%C3%A3o3.jpg?w=800&amp;ssl=1 800w, https:\/\/i0.wp.com\/blogdoeloiltoncajuhy.com.br\/site\/wp-content\/uploads\/2016\/08\/sele%C3%A7%C3%A3o3.jpg?resize=300%2C200&amp;ssl=1 300w, https:\/\/i0.wp.com\/blogdoeloiltoncajuhy.com.br\/site\/wp-content\/uploads\/2016\/08\/sele%C3%A7%C3%A3o3.jpg?resize=768%2C512&amp;ssl=1 768w, https:\/\/i0.wp.com\/blogdoeloiltoncajuhy.com.br\/site\/wp-content\/uploads\/2016\/08\/sele%C3%A7%C3%A3o3.jpg?resize=250%2C167&amp;ssl=1 250w\" sizes=\"(max-width: 800px) 100vw, 800px\" \/><\/a><figcaption class=\"wp-element-caption\"><sub>Reprodu\u00e7\u00e3o<\/sub><\/figcaption><\/figure>\n\n\n\n<p>O final de ano foi marcado pelo &#8216;Dia do Fico&#8217;. Nesta sexta-feira (29), o Real Madrid anunciou a renova\u00e7\u00e3o de Carlo Ancelotti por mais duas temporadas, cotado para assumir a Sele\u00e7\u00e3o Brasileira a partir de junho de 2024, e o cargo t\u00e9cnico da pentacampe\u00e3 mundial segue em aberto.<\/p>\n\n\n\n<p>Com a impossibilidade da vinda do treinador italiano, a CBF (Confedera\u00e7\u00e3o Brasileira de Futebol), que vive crise interna por conta da destitui\u00e7\u00e3o de Ednaldo Rodrigues da presid\u00eancia, ter\u00e1 que pensar em novas op\u00e7\u00f5es para o cargo t\u00e9cnico. O <strong>Lance!<\/strong> traz cinco treinadores mais pedidos pelos torcedores nas redes sociais.<\/p>\n\n\n\n<p><strong><mark style=\"background-color:rgba(0, 0, 0, 0)\" class=\"has-inline-color has-black-color\">JOS\u00c9 MOURINHO<\/mark><\/strong> &#8211; Um dos maiores treinadores da hist\u00f3ria do futebol e o nome mais poderoso para assumir a Sele\u00e7\u00e3o brasileira, Jos\u00e9 Mourinho se tornou o nome mais pedido pelos torcedores nas redes sociais.<\/p>\n\n\n\n<p>O portugu\u00eas tem contrato com a Roma at\u00e9 junho de 2024, podendo assumir a &#8216;Canarinha&#8217; \u00e0s v\u00e9speras da Copa Am\u00e9rica. Emblem\u00e1tico no Chelsea, Mourinho soma 26 t\u00edtulos na carreira, incluindo duas Champions e quatro Mundiais de Clubes.<\/p>\n\n\n\n<p><strong><mark style=\"background-color:rgba(0, 0, 0, 0)\" class=\"has-inline-color has-black-color\">ABEL FERREIRA<\/mark><\/strong> &#8211; Seguindo com a lista dos portugueses, Abel Ferreira, o treinador mais vitorioso dos \u00faltimos anos no Brasil, pode pintar na Granja Comary. Em todas as vezes em que foi perguntado sobre a possibilidade, Abel despistou e reafirmou o foco no Palmeiras.<\/p>\n\n\n\n<p>No Brasil desde 2020, o treinador tem contrato at\u00e9 dezembro de 2024 e coleciona nove t\u00edtulos com a equipe paulista, atr\u00e1s somente de Oswaldo Brand\u00e3o, com dez.<\/p>\n\n\n\n<p><strong><mark style=\"background-color:rgba(0, 0, 0, 0)\" class=\"has-inline-color has-black-color\">JORGE JESUS, O MISTER<\/mark><\/strong> &#8211; Considerado por muitos como o maior treinador da hist\u00f3ria do Flamengo por conta da temporada 2019\/20, Jorge Jesus se tornou a terceira op\u00e7\u00e3o portuguesa para a Sele\u00e7\u00e3o Brasileira.<\/p>\n\n\n\n<p>Atualmente no Al-Hilal, da Ar\u00e1bia Saudita, e time de Neymar, o &#8216;Mister&#8217; tem v\u00ednculo com os sauditas at\u00e9 junho de 2024.<\/p>\n\n\n\n<p><strong><mark style=\"background-color:rgba(0, 0, 0, 0)\" class=\"has-inline-color has-black-color\">RENATO GA\u00daCHO<\/mark><\/strong> &#8211; Abrindo a lista de poss\u00edveis treinadores n\u00e3o-estrangeiros, Renato Ga\u00facho ter\u00e1 o contrato com o Gr\u00eamio encerrado a partir de 31 de dezembro deste ano. A renova\u00e7\u00e3o com o Gr\u00eamio ainda n\u00e3o foi sacramentada, mas o treinador afirmou que faltam apenas &#8216;detalhes&#8217;.<\/p>\n\n\n\n<p>No Brasil, Renato j\u00e1 foi treinador de Fluminense, Vasco, Bahia, Athletico-PR, Flamengo e Gr\u00eamio, somando dez t\u00edtulos, sendo duas Copas do Brasil, uma Libertadores, uma Recopa Sul-Americana, quatro Campeonatos Ga\u00facho e uma Recopa Ga\u00facha.<\/p>\n\n\n\n<p><strong><mark style=\"background-color:rgba(0, 0, 0, 0)\" class=\"has-inline-color has-black-color\">FERNANDO DINIZ<\/mark><\/strong> &#8211; Atual treinador interino da Sele\u00e7\u00e3o Brasileira, Diniz tem contrato com a CBF at\u00e9 junho de 2024 e tem grande possibilidade de ser efetivado, apesar do baixo aproveitamento (38,9%) nos quatro jogos.<\/p>\n\n\n\n<p>Entretanto, a sa\u00edda de Fernando Diniz do Fluminense n\u00e3o \u00e9 vista como f\u00e1cil, j\u00e1 que o treinador se tornou campe\u00e3o da Libertadores e vice-campe\u00e3o do Mundial de Clubes, garantindo mais um ano \u00e0 frente do clube carioca.<\/p>\n","protected":false},"excerpt":{"rendered":"<p>Fernando Diniz, atual t\u00e9cnico interino, tem contrato com a CBF at\u00e9 junho de 2024. Lance! O final de ano foi marcado pelo &#8216;Dia do Fico&#8217;. Nesta sexta-feira (29), o Real Madrid anunciou a renova\u00e7\u00e3o de Carlo Ancelotti por mais duas temporadas, cotado para assumir a Sele\u00e7\u00e3o Brasileira a partir de junho de 2024, e o [&hellip;]<\/p>\n","protected":false},"author":2,"featured_media":60810,"comment_status":"open","ping_status":"open","sticky":false,"template":"","format":"standard","meta":{"_acf_changed":false,"_monsterinsights_skip_tracking":false,"_monsterinsights_sitenote_active":false,"_monsterinsights_sitenote_note":"","_monsterinsights_sitenote_category":0,"_jetpack_memberships_contains_paid_content":false,"footnotes":"","jetpack_publicize_message":"","jetpack_publicize_feature_enabled":true,"jetpack_social_post_already_shared":true,"jetpack_social_options":{"image_generator_settings":{"template":"highway","default_image_id":0,"font":"","enabled":false},"version":2}},"categories":[6],"tags":[],"class_list":["post-78395","post","type-post","status-publish","format-standard","has-post-thumbnail","hentry","category-esportes"],"acf":[],"jetpack_publicize_connections":[],"jetpack_featured_media_url":"https:\/\/i0.wp.com\/blogdoeloiltoncajuhy.com.br\/site\/wp-content\/uploads\/2021\/11\/Selecao-Brasileiro-12112021-02.jpg?fit=845%2C475&ssl=1","jetpack_sharing_enabled":true,"publishpress_future_workflow_manual_trigger":{"enabledWorkflows":[]},"_links":{"self":[{"href":"https:\/\/blogdoeloiltoncajuhy.com.br\/site\/wp-json\/wp\/v2\/posts\/78395","targetHints":{"allow":["GET"]}}],"collection":[{"href":"https:\/\/blogdoeloiltoncajuhy.com.br\/site\/wp-json\/wp\/v2\/posts"}],"about":[{"href":"https:\/\/blogdoeloiltoncajuhy.com.br\/site\/wp-json\/wp\/v2\/types\/post"}],"author":[{"embeddable":true,"href":"https:\/\/blogdoeloiltoncajuhy.com.br\/site\/wp-json\/wp\/v2\/users\/2"}],"replies":[{"embeddable":true,"href":"https:\/\/blogdoeloiltoncajuhy.com.br\/site\/wp-json\/wp\/v2\/comments?post=78395"}],"version-history":[{"count":1,"href":"https:\/\/blogdoeloiltoncajuhy.com.br\/site\/wp-json\/wp\/v2\/posts\/78395\/revisions"}],"predecessor-version":[{"id":78396,"href":"https:\/\/blogdoeloiltoncajuhy.com.br\/site\/wp-json\/wp\/v2\/posts\/78395\/revisions\/78396"}],"wp:featuredmedia":[{"embeddable":true,"href":"https:\/\/blogdoeloiltoncajuhy.com.br\/site\/wp-json\/wp\/v2\/media\/60810"}],"wp:attachment":[{"href":"https:\/\/blogdoeloiltoncajuhy.com.br\/site\/wp-json\/wp\/v2\/media?parent=78395"}],"wp:term":[{"taxonomy":"category","embeddable":true,"href":"https:\/\/blogdoeloiltoncajuhy.com.br\/site\/wp-json\/wp\/v2\/categories?post=78395"},{"taxonomy":"post_tag","embeddable":true,"href":"https:\/\/blogdoeloiltoncajuhy.com.br\/site\/wp-json\/wp\/v2\/tags?post=78395"}],"curies":[{"name":"wp","href":"https:\/\/api.w.org\/{rel}","templated":true}]}}