{"id":78392,"date":"2023-12-29T16:30:33","date_gmt":"2023-12-29T19:30:33","guid":{"rendered":"https:\/\/blogdoeloiltoncajuhy.com.br\/site\/?p=78392"},"modified":"2023-12-29T16:30:35","modified_gmt":"2023-12-29T19:30:35","slug":"choquei-investigacao-segue-com-suspeita-de-inducao-ao-suicidio-e-quebra-de-sigilo-diz-delegado","status":"publish","type":"post","link":"https:\/\/blogdoeloiltoncajuhy.com.br\/site\/choquei-investigacao-segue-com-suspeita-de-inducao-ao-suicidio-e-quebra-de-sigilo-diz-delegado\/","title":{"rendered":"&#8216;Choquei&#8217;: Investiga\u00e7\u00e3o segue com suspeita de indu\u00e7\u00e3o ao suic\u00eddio e quebra de sigilo, diz delegado"},"content":{"rendered":"\n<p class=\"has-medium-font-size\"><strong>Em entrevista ao GLOBO, o condutor do inqu\u00e9rito afirma que outras plataformas respons\u00e1veis por compartilhar a fake news sobre J\u00e9ssica Canedo tamb\u00e9m ser\u00e3o ouvidas.<\/strong><\/p>\n\n\n\n<p><strong>Por Giovanna Dur\u00e3es\/O Globo<\/strong> \u2014 Rio de Janeiro<\/p>\n\n\n\n<figure class=\"wp-block-image aligncenter size-full\"><a href=\"https:\/\/i0.wp.com\/blogdoeloiltoncajuhy.com.br\/site\/wp-content\/uploads\/2023\/12\/Jessica-Canedo-Choquei-Raphael-Souza-%E2%80%94-Foto-Reproducao-Redes-sociais.webp?ssl=1\"><img data-recalc-dims=\"1\" fetchpriority=\"high\" decoding=\"async\" width=\"800\" height=\"477\" src=\"https:\/\/i0.wp.com\/blogdoeloiltoncajuhy.com.br\/site\/wp-content\/uploads\/2023\/12\/Jessica-Canedo-Choquei-Raphael-Souza-%E2%80%94-Foto-Reproducao-Redes-sociais.webp?resize=800%2C477&#038;ssl=1\" alt=\"\" class=\"wp-image-78393\" srcset=\"https:\/\/i0.wp.com\/blogdoeloiltoncajuhy.com.br\/site\/wp-content\/uploads\/2023\/12\/Jessica-Canedo-Choquei-Raphael-Souza-%E2%80%94-Foto-Reproducao-Redes-sociais.webp?w=888&amp;ssl=1 888w, https:\/\/i0.wp.com\/blogdoeloiltoncajuhy.com.br\/site\/wp-content\/uploads\/2023\/12\/Jessica-Canedo-Choquei-Raphael-Souza-%E2%80%94-Foto-Reproducao-Redes-sociais.webp?resize=300%2C179&amp;ssl=1 300w, https:\/\/i0.wp.com\/blogdoeloiltoncajuhy.com.br\/site\/wp-content\/uploads\/2023\/12\/Jessica-Canedo-Choquei-Raphael-Souza-%E2%80%94-Foto-Reproducao-Redes-sociais.webp?resize=768%2C458&amp;ssl=1 768w\" sizes=\"(max-width: 800px) 100vw, 800px\" \/><\/a><figcaption class=\"wp-element-caption\"><sub>Jessica Canedo morreu ap\u00f3s sofrer com fake news publicada pelo perfil &#8216;Choquei&#8217;, comandado por Raphael Souza \u2014 Foto: Reprodu\u00e7\u00e3o\/Redes sociais<\/sub><\/figcaption><\/figure>\n\n\n\n<p>O perfil &#8220;Choquei&#8221; est\u00e1 sendo investigado por suspeita de indu\u00e7\u00e3o ao suic\u00eddio ap\u00f3s a morte da jovem J\u00e9ssica Canedo, v\u00edtima de uma fake news sobre um poss\u00edvel relacionamento amoroso com o influenciador Whindersson Nunes. De acordo com o delegado Felipe Monteiro, da Pol\u00edcia Civil de Minas Gerais, respons\u00e1vel pelo inqu\u00e9rito, foi solicitada a quebra de sigilo das p\u00e1ginas do ve\u00edculo nas redes sociais. Plataformas que compartilharam a not\u00edcia falsa publicada pela &#8220;Choquei&#8221; tamb\u00e9m est\u00e3o sendo ouvidas.<\/p>\n\n\n\n<p>\u2013 Para dar prosseguimento \u00e0 investiga\u00e7\u00e3o, que avalia o crime doloso de indu\u00e7\u00e3o ao suic\u00eddio, estamos aguardando a aprova\u00e7\u00e3o do pedido de quebra de sigilo das contas das contas do ve\u00edculo nas redes sociais. Tamb\u00e9m estamos avaliando quem ser\u00e3o as pr\u00f3ximas pessoas interrogadas \u2013 afirmou o delegado.<\/p>\n\n\n\n<p>Nesta quinta-feira, Raphael Souza, dono do perfil de not\u00edcias &#8220;Choquei&#8221;, deu depoimento \u00e0 pol\u00edcia. Diante das declara\u00e7\u00f5es do empres\u00e1rio, o delegado Monteiro confirmou, em entrevista ao GLOBO, que a Pol\u00edcia Civil aguarda a libera\u00e7\u00e3o para examinar os perfis, diante da possibilidade de condena\u00e7\u00e3o dos envolvidos pelo crime de indu\u00e7\u00e3o ao suic\u00eddio.<\/p>\n\n\n\n<p>\u2013 A fam\u00edlia, por meio do advogado, tamb\u00e9m tem interesse em instaurar um inqu\u00e9rito por crime contra a honra, que s\u00f3 pode ser solicitado pela fam\u00edlia ou pela pr\u00f3pria v\u00edtima. No entanto, ainda n\u00e3o recebemos uma a\u00e7\u00e3o efetiva dos familiares \u2013 afirmou Monteiro.<\/p>\n\n\n\n<p>Ao GLOBO, o advogado da fam\u00edlia confirmou que os parentes colhem provas para enquadrar a conduta da p\u00e1gina em outros crimes na justi\u00e7a, al\u00e9m do que est\u00e1 sendo investigado no atual inqu\u00e9rito.<\/p>\n\n\n\n<p>No \u00faltimo dia 18, falsos prints que simulavam uma conversa entre J\u00e9ssica e Whindersson foram publicados em p\u00e1ginas de redes sociais com grande alcance, como a \u201cChoquei\u201d, que soma 21 milh\u00f5es de seguidores. Isso fez da jovem alvo de uma intensa campanha de \u00f3dio.<\/p>\n\n\n\n<p>Outros ve\u00edculos, que tamb\u00e9m publicaram a not\u00edcia falsa de que Jessica teria um relacionamento amoroso com o influenciador Whindersson Nunes, est\u00e3o sendo convidados pela Pol\u00edcia Civil a dar depoimento. No entanto, de acordo com o delegado, apenas uma plataforma foi contatada, mas ainda n\u00e3o deu retorno.<\/p>\n\n\n\n<p>&#8220;Jamais imaginei ter que vir aqui me pronunciar sobre seja l\u00e1 o que for. Afinal, n\u00e3o sou famosa e nem nunca quis ser. Toda essa palha\u00e7ada n\u00e3o passa de uma brincadeira muito sem gra\u00e7a. Ficou bem \u00f3bvio que o intuito disso \u00e9 me ridicularizar. (\u2026) N\u00e3o posso lidar com esse tipo de exposi\u00e7\u00e3o. Esse foi o mais dif\u00edcil ano da minha vida, s\u00f3 agrade\u00e7o por ter chegado em dezembro com vida&#8221;, publicou a jovem na ocasi\u00e3o.<\/p>\n\n\n\n<p>Procurada pelo GLOBO, a defesas do perfil &#8220;Choquei&#8221; n\u00e3o deu retorno at\u00e9 o momento da publica\u00e7\u00e3o desta reportagem. O espa\u00e7o segue aberto para qualquer esclarecimento.<\/p>\n\n\n\n<p>&#8216;N\u00e3o ocorreu qualquer irregularidade&#8217;, diz p\u00e1gina<br>Ap\u00f3s Raphael Souza prestar esclarecimento \u00e0 pol\u00edcia, o perfil &#8220;Choquei&#8221; publicou uma nota de esclarecimento a respeito da morte de J\u00e9ssica. A p\u00e1gina n\u00e3o publicava qualquer conte\u00fado desde o ocorrido.<\/p>\n\n\n\n<p>&#8220;Foram fornecidas provas sobre o fato gerador da not\u00edcia falsa que foi publicada originalmente por um outro perfil e republicada posteriormente pela Choquei &#8211; e foram disponibilizadas imagens de di\u00e1logos que mostram os procedimentos adotados assim que a falsidade foi descoberta, como a retirada imediata do conte\u00fado falso republicado&#8221;, diz a publica\u00e7\u00e3o.<\/p>\n\n\n\n<p>O perfil afirma ainda que &#8220;passa por um profundo processo de reavalia\u00e7\u00e3o interna dos m\u00e9todos adotados visando a implementa\u00e7\u00e3o de filtros e c\u00f3digos de conduta para evitar que epis\u00f3dios dessa natureza voltem a acontecer&#8221;.<\/p>\n\n\n\n<p>Leia abaixo a nota oficial divulgada nas redes sociais do perfil:<\/p>\n\n\n\n<p><em>O perfil Choquei lamenta profundamente o ocorrido com J\u00e9ssica Vit\u00f3ria Canedo e se solidariza com sua fam\u00edlia. Informamos aos seguidores que, em sinal de respeito pelo tr\u00e1gico acontecimento, as redes da Choquei estavam paralisadas at\u00e9 este momento.<\/em><\/p>\n\n\n\n<p><em>Nesta quinta-feira, dia 28 de dezembro, o propriet\u00e1rio do perfil Choquei prestou esclarecimentos \u00e0 Pol\u00edcia Civil de Minas Gerais e apresentou fatos e documentos que contribuem para elucidar o epis\u00f3dio e dar a real dimens\u00e3o do papel da Choquei no caso.<\/em><\/p>\n\n\n\n<p><em>Foram fornecidas provas sobre o fato gerador da not\u00edcia falsa que foi publicada originalmente por um outro perfil e republicada posteriormente pela Choquei &#8211; e foram disponibilizadas imagens de di\u00e1logos que mostram os procedimentos adotados assim que a falsidade foi descoberta, como a retirada imediata do conte\u00fado falso republicado.<\/em><\/p>\n\n\n\n<p><em>Neste momento, a Choquei passa por um profundo processo de reavalia\u00e7\u00e3o interna dos m\u00e9todos adotados visando a implementa\u00e7\u00e3o de filtros e c\u00f3digos de conduta para evitar que epis\u00f3dios dessa natureza voltem a acontecer.<\/em><\/p>\n\n\n\n<p><em>A Choquei est\u00e1 \u00e0 disposi\u00e7\u00e3o para contribuir com os \u00f3rg\u00e3os de investiga\u00e7\u00e3o, assim como colaborar para o aprimoramento do setor de not\u00edcias online.<\/em><\/p>\n\n\n\n<p><em>Reiteramos nossa solidariedade e total apoio \u00e0 fam\u00edlia de J\u00e9ssica Vit\u00f3ria Canedo.<\/em><\/p>\n","protected":false},"excerpt":{"rendered":"<p>Em entrevista ao GLOBO, o condutor do inqu\u00e9rito afirma que outras plataformas respons\u00e1veis por compartilhar a fake news sobre J\u00e9ssica Canedo tamb\u00e9m ser\u00e3o ouvidas. Por Giovanna Dur\u00e3es\/O Globo \u2014 Rio de Janeiro O perfil &#8220;Choquei&#8221; est\u00e1 sendo investigado por suspeita de indu\u00e7\u00e3o ao suic\u00eddio ap\u00f3s a morte da jovem J\u00e9ssica Canedo, v\u00edtima de uma fake [&hellip;]<\/p>\n","protected":false},"author":2,"featured_media":78393,"comment_status":"open","ping_status":"open","sticky":false,"template":"","format":"standard","meta":{"_acf_changed":false,"_monsterinsights_skip_tracking":false,"_monsterinsights_sitenote_active":false,"_monsterinsights_sitenote_note":"","_monsterinsights_sitenote_category":0,"_jetpack_memberships_contains_paid_content":false,"footnotes":"","jetpack_publicize_message":"","jetpack_publicize_feature_enabled":true,"jetpack_social_post_already_shared":true,"jetpack_social_options":{"image_generator_settings":{"template":"highway","default_image_id":0,"font":"","enabled":false},"version":2}},"categories":[15],"tags":[],"class_list":["post-78392","post","type-post","status-publish","format-standard","has-post-thumbnail","hentry","category-policia"],"acf":[],"jetpack_publicize_connections":[],"jetpack_featured_media_url":"https:\/\/i0.wp.com\/blogdoeloiltoncajuhy.com.br\/site\/wp-content\/uploads\/2023\/12\/Jessica-Canedo-Choquei-Raphael-Souza-%E2%80%94-Foto-Reproducao-Redes-sociais.webp?fit=888%2C530&ssl=1","jetpack_sharing_enabled":true,"publishpress_future_workflow_manual_trigger":{"enabledWorkflows":[]},"_links":{"self":[{"href":"https:\/\/blogdoeloiltoncajuhy.com.br\/site\/wp-json\/wp\/v2\/posts\/78392","targetHints":{"allow":["GET"]}}],"collection":[{"href":"https:\/\/blogdoeloiltoncajuhy.com.br\/site\/wp-json\/wp\/v2\/posts"}],"about":[{"href":"https:\/\/blogdoeloiltoncajuhy.com.br\/site\/wp-json\/wp\/v2\/types\/post"}],"author":[{"embeddable":true,"href":"https:\/\/blogdoeloiltoncajuhy.com.br\/site\/wp-json\/wp\/v2\/users\/2"}],"replies":[{"embeddable":true,"href":"https:\/\/blogdoeloiltoncajuhy.com.br\/site\/wp-json\/wp\/v2\/comments?post=78392"}],"version-history":[{"count":1,"href":"https:\/\/blogdoeloiltoncajuhy.com.br\/site\/wp-json\/wp\/v2\/posts\/78392\/revisions"}],"predecessor-version":[{"id":78394,"href":"https:\/\/blogdoeloiltoncajuhy.com.br\/site\/wp-json\/wp\/v2\/posts\/78392\/revisions\/78394"}],"wp:featuredmedia":[{"embeddable":true,"href":"https:\/\/blogdoeloiltoncajuhy.com.br\/site\/wp-json\/wp\/v2\/media\/78393"}],"wp:attachment":[{"href":"https:\/\/blogdoeloiltoncajuhy.com.br\/site\/wp-json\/wp\/v2\/media?parent=78392"}],"wp:term":[{"taxonomy":"category","embeddable":true,"href":"https:\/\/blogdoeloiltoncajuhy.com.br\/site\/wp-json\/wp\/v2\/categories?post=78392"},{"taxonomy":"post_tag","embeddable":true,"href":"https:\/\/blogdoeloiltoncajuhy.com.br\/site\/wp-json\/wp\/v2\/tags?post=78392"}],"curies":[{"name":"wp","href":"https:\/\/api.w.org\/{rel}","templated":true}]}}