{"id":78386,"date":"2023-12-29T09:04:24","date_gmt":"2023-12-29T12:04:24","guid":{"rendered":"https:\/\/blogdoeloiltoncajuhy.com.br\/site\/?p=78386"},"modified":"2023-12-29T09:04:27","modified_gmt":"2023-12-29T12:04:27","slug":"mulher-morre-apos-ser-esfaqueada-vitima-tentou-defender-amiga-de-violencia-domestica-durante-briga","status":"publish","type":"post","link":"https:\/\/blogdoeloiltoncajuhy.com.br\/site\/mulher-morre-apos-ser-esfaqueada-vitima-tentou-defender-amiga-de-violencia-domestica-durante-briga\/","title":{"rendered":"Mulher morre ap\u00f3s ser esfaqueada; v\u00edtima tentou defender amiga de viol\u00eancia dom\u00e9stica durante briga"},"content":{"rendered":"\n<p class=\"has-text-align-center has-medium-font-size\"><strong>Caso aconteceu em Jacobina. Marido da amiga da v\u00edtima, suspeito ainda n\u00e3o foi preso.<\/strong><\/p>\n\n\n\n<p><strong>Por g1 BA<\/strong><\/p>\n\n\n\n<figure class=\"wp-block-image aligncenter size-full\"><a href=\"https:\/\/i0.wp.com\/blogdoeloiltoncajuhy.com.br\/site\/wp-content\/uploads\/2023\/12\/Mulher-morta-em-Jacobina_291223_reproducao-TV-Bahia.jpeg?ssl=1\"><img data-recalc-dims=\"1\" fetchpriority=\"high\" decoding=\"async\" width=\"501\" height=\"435\" src=\"https:\/\/i0.wp.com\/blogdoeloiltoncajuhy.com.br\/site\/wp-content\/uploads\/2023\/12\/Mulher-morta-em-Jacobina_291223_reproducao-TV-Bahia.jpeg?resize=501%2C435&#038;ssl=1\" alt=\"\" class=\"wp-image-78387\" srcset=\"https:\/\/i0.wp.com\/blogdoeloiltoncajuhy.com.br\/site\/wp-content\/uploads\/2023\/12\/Mulher-morta-em-Jacobina_291223_reproducao-TV-Bahia.jpeg?w=501&amp;ssl=1 501w, https:\/\/i0.wp.com\/blogdoeloiltoncajuhy.com.br\/site\/wp-content\/uploads\/2023\/12\/Mulher-morta-em-Jacobina_291223_reproducao-TV-Bahia.jpeg?resize=300%2C260&amp;ssl=1 300w\" sizes=\"(max-width: 501px) 100vw, 501px\" \/><\/a><figcaption class=\"wp-element-caption\"><sub>Corpo de mulher morta a facadas em Jacobina \u00e9 enterrado na cidade de Sa\u00fade &#8211; Foto: Reprodu\u00e7\u00e3o\/TV Bahia<\/sub><\/figcaption><\/figure>\n\n\n\n<p>Uma mulher morreu em Jacobina, no norte da Bahia, ap\u00f3s ser esfaqueada enquanto tentava ajudar uma amiga, que brigada com o marido. Jeane da Silva, de 32 anos, foi atingida com golpes de faca no abd\u00f4men e, ap\u00f3s quatro dias internada, n\u00e3o resistiu. Ela veio a \u00f3bito na quarta-feira (27), enquanto o suspeito ainda n\u00e3o foi detido.<\/p>\n\n\n\n<p>O crime ocorreu no s\u00e1bado (23). Segundo a TV S\u00e3o Francisco, Jeane havia sido convidada a ir \u00e0 casa da amiga, no distrito de Novo Para\u00edso, zona rural da cidade, e presenciou uma discuss\u00e3o entre o casal.<\/p>\n\n\n\n<p>Em meio \u00e0 briga, o suspeito pegou uma faca para atacar a esposa. Nesse momento, Jeane interveio e foi atingida.<\/p>\n\n\n\n<p>A mulher chegou a ser levada para uma Unidade de Pronto Atendimento (UPA) e depois transferida para o Hospital Regional de Jacobina, mas n\u00e3o resistiu \u00e0s complica\u00e7\u00f5es e morreu na quarta-feira.<\/p>\n\n\n\n<p>O caso \u00e9 investigado pela Pol\u00edcia Civil, que n\u00e3o divulgou informa\u00e7\u00f5es sobre o suspeito. Tamb\u00e9m n\u00e3o foi informado se a esposa do suspeito e amiga de Jeane da Silva sofreu algum ferimento.<\/p>\n","protected":false},"excerpt":{"rendered":"<p>Caso aconteceu em Jacobina. Marido da amiga da v\u00edtima, suspeito ainda n\u00e3o foi preso. Por g1 BA Uma mulher morreu em Jacobina, no norte da Bahia, ap\u00f3s ser esfaqueada enquanto tentava ajudar uma amiga, que brigada com o marido. Jeane da Silva, de 32 anos, foi atingida com golpes de faca no abd\u00f4men e, ap\u00f3s [&hellip;]<\/p>\n","protected":false},"author":2,"featured_media":78387,"comment_status":"open","ping_status":"open","sticky":false,"template":"","format":"standard","meta":{"_acf_changed":false,"_monsterinsights_skip_tracking":false,"_monsterinsights_sitenote_active":false,"_monsterinsights_sitenote_note":"","_monsterinsights_sitenote_category":0,"_jetpack_memberships_contains_paid_content":false,"footnotes":"","jetpack_publicize_message":"","jetpack_publicize_feature_enabled":true,"jetpack_social_post_already_shared":true,"jetpack_social_options":{"image_generator_settings":{"template":"highway","default_image_id":0,"font":"","enabled":false},"version":2}},"categories":[15],"tags":[],"class_list":["post-78386","post","type-post","status-publish","format-standard","has-post-thumbnail","hentry","category-policia"],"acf":[],"jetpack_publicize_connections":[],"jetpack_featured_media_url":"https:\/\/i0.wp.com\/blogdoeloiltoncajuhy.com.br\/site\/wp-content\/uploads\/2023\/12\/Mulher-morta-em-Jacobina_291223_reproducao-TV-Bahia.jpeg?fit=501%2C435&ssl=1","jetpack_sharing_enabled":true,"publishpress_future_workflow_manual_trigger":{"enabledWorkflows":[]},"_links":{"self":[{"href":"https:\/\/blogdoeloiltoncajuhy.com.br\/site\/wp-json\/wp\/v2\/posts\/78386","targetHints":{"allow":["GET"]}}],"collection":[{"href":"https:\/\/blogdoeloiltoncajuhy.com.br\/site\/wp-json\/wp\/v2\/posts"}],"about":[{"href":"https:\/\/blogdoeloiltoncajuhy.com.br\/site\/wp-json\/wp\/v2\/types\/post"}],"author":[{"embeddable":true,"href":"https:\/\/blogdoeloiltoncajuhy.com.br\/site\/wp-json\/wp\/v2\/users\/2"}],"replies":[{"embeddable":true,"href":"https:\/\/blogdoeloiltoncajuhy.com.br\/site\/wp-json\/wp\/v2\/comments?post=78386"}],"version-history":[{"count":1,"href":"https:\/\/blogdoeloiltoncajuhy.com.br\/site\/wp-json\/wp\/v2\/posts\/78386\/revisions"}],"predecessor-version":[{"id":78388,"href":"https:\/\/blogdoeloiltoncajuhy.com.br\/site\/wp-json\/wp\/v2\/posts\/78386\/revisions\/78388"}],"wp:featuredmedia":[{"embeddable":true,"href":"https:\/\/blogdoeloiltoncajuhy.com.br\/site\/wp-json\/wp\/v2\/media\/78387"}],"wp:attachment":[{"href":"https:\/\/blogdoeloiltoncajuhy.com.br\/site\/wp-json\/wp\/v2\/media?parent=78386"}],"wp:term":[{"taxonomy":"category","embeddable":true,"href":"https:\/\/blogdoeloiltoncajuhy.com.br\/site\/wp-json\/wp\/v2\/categories?post=78386"},{"taxonomy":"post_tag","embeddable":true,"href":"https:\/\/blogdoeloiltoncajuhy.com.br\/site\/wp-json\/wp\/v2\/tags?post=78386"}],"curies":[{"name":"wp","href":"https:\/\/api.w.org\/{rel}","templated":true}]}}