{"id":78384,"date":"2023-12-29T08:35:53","date_gmt":"2023-12-29T11:35:53","guid":{"rendered":"https:\/\/blogdoeloiltoncajuhy.com.br\/site\/?p=78384"},"modified":"2023-12-29T08:35:55","modified_gmt":"2023-12-29T11:35:55","slug":"jeronimo-autoriza-antecipacao-do-icms-e-do-fundeb-aos-417-municipios-baianos","status":"publish","type":"post","link":"https:\/\/blogdoeloiltoncajuhy.com.br\/site\/jeronimo-autoriza-antecipacao-do-icms-e-do-fundeb-aos-417-municipios-baianos\/","title":{"rendered":"Jer\u00f4nimo autoriza antecipa\u00e7\u00e3o do ICMS e do Fundeb aos 417 munic\u00edpios baianos"},"content":{"rendered":"\n<p><strong>Secom-BA<\/strong><\/p>\n\n\n\n<figure class=\"wp-block-image aligncenter size-full\"><a href=\"https:\/\/i0.wp.com\/blogdoeloiltoncajuhy.com.br\/site\/wp-content\/uploads\/2017\/02\/dinheiro-marcos-santos-usp-imagens-e1487065792154.jpg\"><img data-recalc-dims=\"1\" fetchpriority=\"high\" decoding=\"async\" width=\"600\" height=\"400\" src=\"https:\/\/i0.wp.com\/blogdoeloiltoncajuhy.com.br\/site\/wp-content\/uploads\/2017\/02\/dinheiro-marcos-santos-usp-imagens-e1487065792154.jpg?resize=600%2C400\" alt=\"\" class=\"wp-image-15436\"\/><\/a><figcaption class=\"wp-element-caption\"><sub>Reprodu\u00e7\u00e3o<\/sub><\/figcaption><\/figure>\n\n\n\n<p>O governador Jer\u00f4nimo Rodrigues autorizou e a Secretaria da Fazenda do Estado (Sefaz-BA) antecipou aos 417 munic\u00edpios baianos, nesta quinta-feira (28), as respectivas cotas do Imposto sobre Circula\u00e7\u00e3o de Mercadorias e Servi\u00e7os (ICMS) e do Fundo de Manuten\u00e7\u00e3o e Desenvolvimento da Educa\u00e7\u00e3o B\u00e1sica e de Valoriza\u00e7\u00e3o dos Profissionais da Educa\u00e7\u00e3o (Fundeb) a serem apuradas com base na arrecada\u00e7\u00e3o do per\u00edodo entre os dias 25 e 27. Levando-se em conta o calend\u00e1rio das transfer\u00eancias constitucionais, estes recursos seriam repassados apenas em janeiro.<\/p>\n\n\n\n<p>A antecipa\u00e7\u00e3o foi solicitada pela Uni\u00e3o dos Munic\u00edpios da Bahia (UPB) como forma de melhorar a situa\u00e7\u00e3o financeira das administra\u00e7\u00f5es municipais e ajudar no fechamento das contas nesta reta final do ano. Ap\u00f3s entendimento do Estado com o Banco do Brasil, foi definido o cronograma de repasses para a virada do ano. A arrecada\u00e7\u00e3o relativa \u00e0 movimenta\u00e7\u00e3o econ\u00f4mica do per\u00edodo de 28 a 30 de dezembro ser\u00e1 repassada em 3 de janeiro.<\/p>\n\n\n\n<p>De acordo com o secret\u00e1rio da Fazenda do Estado, Manoel Vit\u00f3rio, o governo baiano chega ao final de 2023 com as contas em equil\u00edbrio ap\u00f3s enfrentar muitas dificuldades para manter os n\u00edveis de arrecada\u00e7\u00e3o devido \u00e0s perdas impostas pelas leis complementares 192 e 194, aprovadas sob press\u00e3o do governo federal no ano passado, com ampla repercuss\u00e3o nos setores de combust\u00edveis, energia e telecomunica\u00e7\u00f5es. Vit\u00f3rio ressalta que a Bahia \u00e9 um dos estados menos endividados do Brasil e se mant\u00e9m como o segundo estado que mais investe no pa\u00eds.<\/p>\n","protected":false},"excerpt":{"rendered":"<p>Secom-BA O governador Jer\u00f4nimo Rodrigues autorizou e a Secretaria da Fazenda do Estado (Sefaz-BA) antecipou aos 417 munic\u00edpios baianos, nesta quinta-feira (28), as respectivas cotas do Imposto sobre Circula\u00e7\u00e3o de Mercadorias e Servi\u00e7os (ICMS) e do Fundo de Manuten\u00e7\u00e3o e Desenvolvimento da Educa\u00e7\u00e3o B\u00e1sica e de Valoriza\u00e7\u00e3o dos Profissionais da Educa\u00e7\u00e3o (Fundeb) a serem apuradas [&hellip;]<\/p>\n","protected":false},"author":2,"featured_media":24471,"comment_status":"open","ping_status":"open","sticky":false,"template":"","format":"standard","meta":{"_acf_changed":false,"_monsterinsights_skip_tracking":false,"_monsterinsights_sitenote_active":false,"_monsterinsights_sitenote_note":"","_monsterinsights_sitenote_category":0,"_jetpack_memberships_contains_paid_content":false,"footnotes":"","jetpack_publicize_message":"","jetpack_publicize_feature_enabled":true,"jetpack_social_post_already_shared":true,"jetpack_social_options":{"image_generator_settings":{"template":"highway","default_image_id":0,"font":"","enabled":false},"version":2}},"categories":[3],"tags":[],"class_list":["post-78384","post","type-post","status-publish","format-standard","has-post-thumbnail","hentry","category-politica"],"acf":[],"jetpack_publicize_connections":[],"jetpack_featured_media_url":"https:\/\/i0.wp.com\/blogdoeloiltoncajuhy.com.br\/site\/wp-content\/uploads\/2018\/04\/dinheiros.jpg?fit=600%2C396&ssl=1","jetpack_sharing_enabled":true,"publishpress_future_workflow_manual_trigger":{"enabledWorkflows":[]},"_links":{"self":[{"href":"https:\/\/blogdoeloiltoncajuhy.com.br\/site\/wp-json\/wp\/v2\/posts\/78384","targetHints":{"allow":["GET"]}}],"collection":[{"href":"https:\/\/blogdoeloiltoncajuhy.com.br\/site\/wp-json\/wp\/v2\/posts"}],"about":[{"href":"https:\/\/blogdoeloiltoncajuhy.com.br\/site\/wp-json\/wp\/v2\/types\/post"}],"author":[{"embeddable":true,"href":"https:\/\/blogdoeloiltoncajuhy.com.br\/site\/wp-json\/wp\/v2\/users\/2"}],"replies":[{"embeddable":true,"href":"https:\/\/blogdoeloiltoncajuhy.com.br\/site\/wp-json\/wp\/v2\/comments?post=78384"}],"version-history":[{"count":1,"href":"https:\/\/blogdoeloiltoncajuhy.com.br\/site\/wp-json\/wp\/v2\/posts\/78384\/revisions"}],"predecessor-version":[{"id":78385,"href":"https:\/\/blogdoeloiltoncajuhy.com.br\/site\/wp-json\/wp\/v2\/posts\/78384\/revisions\/78385"}],"wp:featuredmedia":[{"embeddable":true,"href":"https:\/\/blogdoeloiltoncajuhy.com.br\/site\/wp-json\/wp\/v2\/media\/24471"}],"wp:attachment":[{"href":"https:\/\/blogdoeloiltoncajuhy.com.br\/site\/wp-json\/wp\/v2\/media?parent=78384"}],"wp:term":[{"taxonomy":"category","embeddable":true,"href":"https:\/\/blogdoeloiltoncajuhy.com.br\/site\/wp-json\/wp\/v2\/categories?post=78384"},{"taxonomy":"post_tag","embeddable":true,"href":"https:\/\/blogdoeloiltoncajuhy.com.br\/site\/wp-json\/wp\/v2\/tags?post=78384"}],"curies":[{"name":"wp","href":"https:\/\/api.w.org\/{rel}","templated":true}]}}