{"id":78376,"date":"2023-12-28T16:27:37","date_gmt":"2023-12-28T19:27:37","guid":{"rendered":"https:\/\/blogdoeloiltoncajuhy.com.br\/site\/?p=78376"},"modified":"2023-12-28T16:27:40","modified_gmt":"2023-12-28T19:27:40","slug":"brasil-cria-130-mil-empregos-formais-em-novembro-e-saldo-de-vagas-no-ano-chega-a-191-milhao","status":"publish","type":"post","link":"https:\/\/blogdoeloiltoncajuhy.com.br\/site\/brasil-cria-130-mil-empregos-formais-em-novembro-e-saldo-de-vagas-no-ano-chega-a-191-milhao\/","title":{"rendered":"Brasil cria 130 mil empregos formais em novembro, e saldo de vagas no ano chega a 1,91 milh\u00e3o"},"content":{"rendered":"\n<p class=\"has-medium-font-size\"><strong>Setor de Servi\u00e7os abriu 1,06 milh\u00e3o de postos formais de trabalho de janeiro a novembro, 59,8% do total gerado pelo pa\u00eds.<\/strong><\/p>\n\n\n\n<p><strong>Por Renan Monteiro\/O Globo<\/strong> \u2014 Bras\u00edlia<\/p>\n\n\n\n<figure class=\"wp-block-image aligncenter size-full is-resized\"><a href=\"https:\/\/i0.wp.com\/blogdoeloiltoncajuhy.com.br\/site\/wp-content\/uploads\/2022\/08\/vagas-emprego-carteira-de-trabalho_2.webp\"><img data-recalc-dims=\"1\" fetchpriority=\"high\" decoding=\"async\" width=\"800\" height=\"507\" src=\"https:\/\/i0.wp.com\/blogdoeloiltoncajuhy.com.br\/site\/wp-content\/uploads\/2022\/08\/vagas-emprego-carteira-de-trabalho_2.webp?resize=800%2C507\" alt=\"\" class=\"wp-image-67094\" style=\"width:692px;height:auto\" srcset=\"https:\/\/i0.wp.com\/blogdoeloiltoncajuhy.com.br\/site\/wp-content\/uploads\/2022\/08\/vagas-emprego-carteira-de-trabalho_2.webp?w=984&amp;ssl=1 984w, https:\/\/i0.wp.com\/blogdoeloiltoncajuhy.com.br\/site\/wp-content\/uploads\/2022\/08\/vagas-emprego-carteira-de-trabalho_2.webp?resize=300%2C190&amp;ssl=1 300w, https:\/\/i0.wp.com\/blogdoeloiltoncajuhy.com.br\/site\/wp-content\/uploads\/2022\/08\/vagas-emprego-carteira-de-trabalho_2.webp?resize=768%2C487&amp;ssl=1 768w\" sizes=\"(max-width: 800px) 100vw, 800px\" \/><\/a><figcaption class=\"wp-element-caption\"><sub>Reprodu\u00e7\u00e3o<\/sub><\/figcaption><\/figure>\n\n\n\n<p>A economia brasileira gerou 130,097 mil postos de trabalho com carteira assinada no m\u00eas de novembro de 2023, um leve aumento (1,7%) em rela\u00e7\u00e3o ao mesmo per\u00edodo do ano passado. No m\u00eas de novembro de 2022, foram 127,832 mil vagas geradas.<\/p>\n\n\n\n<p>De janeiro a novembro, foram gerados no pa\u00eds 1,91 milh\u00e3o de postos de trabalho. No acumulado do ano, o resultado foi positivo nos 5 grandes grupamentos econ\u00f4micos e nas 27 Unidades da Federa\u00e7\u00e3o.<\/p>\n\n\n\n<p>O n\u00famero at\u00e9 novembro de 2023, contudo, \u00e9 menor que o acumulado no mesmo intervalo no ano de 2021 e 2022. Nesses anos, foram 3,07 milh\u00f5es e 2,46 milh\u00f5es, respectivamente.<\/p>\n\n\n\n<p>Os dados constam no Cadastro Geral de Empregados e Desempregados (Caged), atualizado pelo Minist\u00e9rio do Trabalho nesta quinta-feira. Os n\u00fameros representam o saldo l\u00edquido (contrata\u00e7\u00f5es menos demiss\u00f5es) da gera\u00e7\u00e3o de empregos formais.<\/p>\n\n\n\n<p>\u2014 O dado (de novembro) confirma a expectativa de desacelera\u00e7\u00e3o do mercado de trabalho, em linha com os outros indicadores da atividade que apontam a maior fraqueza no 4\u00ba trimestre \u2014 analisa Rafaela Vit\u00f3ria, economista-chefe do Inter.<\/p>\n\n\n\n<p>Os estados de S\u00e3o Paulo, Minas Gerais e Rio de Janeiro lideram em cria\u00e7\u00e3o de empregos no ac\u00famulo de 2023, enquanto Acre, Roraima e Amap\u00e1 tiveram os menores saldos.<\/p>\n\n\n\n<p>Tamb\u00e9m no intervalo de 11 meses, o maior crescimento do emprego formal ocorreu no setor de Servi\u00e7os, com saldo de 1,067 milh\u00e3o de postos formais de trabalho (59,8% do total). Na sequ\u00eancia vem:<\/p>\n\n\n\n<ul class=\"wp-block-list\">\n<li>Com\u00e9rcio (284,1 mil postos);<\/li>\n\n\n\n<li>Ind\u00fastria (238,3 mil);<\/li>\n\n\n\n<li>Constru\u00e7\u00e3o (235,9 mil);<\/li>\n\n\n\n<li>Agropecu\u00e1ria (88,7 mil).<\/li>\n<\/ul>\n\n\n\n<p><\/p>\n\n\n\n<p>\u2014 O volume de vagas criadas no setor de servi\u00e7os n\u00e3o destoa de seu comportamento hist\u00f3rico, refor\u00e7ando a perspectiva positiva e demonstrando que o ciclo de arrefecimento do n\u00edvel de atividade tamb\u00e9m pode ser sentido pelo mercado de trabalho \u2014 avalia Matheus Pizzani, economista da CM Capital.<\/p>\n\n\n\n<p>O ministro do Trabalho e Emprego, Luiz Marinho, vinha estimando a cria\u00e7\u00e3o de 2 milh\u00f5es de empregos formais at\u00e9 o fim do ano. Como o saldo de dezembro geralmente \u00e9 negativo, essa proje\u00e7\u00e3o pode n\u00e3o ser atingida. Em dezembro de 2022, por exemplo, houve cortes de 455 mil vagas, por quest\u00f5es sazonais.<\/p>\n","protected":false},"excerpt":{"rendered":"<p>Setor de Servi\u00e7os abriu 1,06 milh\u00e3o de postos formais de trabalho de janeiro a novembro, 59,8% do total gerado pelo pa\u00eds. Por Renan Monteiro\/O Globo \u2014 Bras\u00edlia A economia brasileira gerou 130,097 mil postos de trabalho com carteira assinada no m\u00eas de novembro de 2023, um leve aumento (1,7%) em rela\u00e7\u00e3o ao mesmo per\u00edodo do [&hellip;]<\/p>\n","protected":false},"author":2,"featured_media":7403,"comment_status":"open","ping_status":"open","sticky":false,"template":"","format":"standard","meta":{"_acf_changed":false,"_monsterinsights_skip_tracking":false,"_monsterinsights_sitenote_active":false,"_monsterinsights_sitenote_note":"","_monsterinsights_sitenote_category":0,"_jetpack_memberships_contains_paid_content":false,"footnotes":"","jetpack_publicize_message":"","jetpack_publicize_feature_enabled":true,"jetpack_social_post_already_shared":true,"jetpack_social_options":{"image_generator_settings":{"template":"highway","default_image_id":0,"font":"","enabled":false},"version":2}},"categories":[31],"tags":[],"class_list":["post-78376","post","type-post","status-publish","format-standard","has-post-thumbnail","hentry","category-economia"],"acf":[],"jetpack_publicize_connections":[],"jetpack_featured_media_url":"https:\/\/i0.wp.com\/blogdoeloiltoncajuhy.com.br\/site\/wp-content\/uploads\/2016\/02\/carteiras-de-trababalho.jpg?fit=600%2C450&ssl=1","jetpack_sharing_enabled":true,"publishpress_future_workflow_manual_trigger":{"enabledWorkflows":[]},"_links":{"self":[{"href":"https:\/\/blogdoeloiltoncajuhy.com.br\/site\/wp-json\/wp\/v2\/posts\/78376","targetHints":{"allow":["GET"]}}],"collection":[{"href":"https:\/\/blogdoeloiltoncajuhy.com.br\/site\/wp-json\/wp\/v2\/posts"}],"about":[{"href":"https:\/\/blogdoeloiltoncajuhy.com.br\/site\/wp-json\/wp\/v2\/types\/post"}],"author":[{"embeddable":true,"href":"https:\/\/blogdoeloiltoncajuhy.com.br\/site\/wp-json\/wp\/v2\/users\/2"}],"replies":[{"embeddable":true,"href":"https:\/\/blogdoeloiltoncajuhy.com.br\/site\/wp-json\/wp\/v2\/comments?post=78376"}],"version-history":[{"count":1,"href":"https:\/\/blogdoeloiltoncajuhy.com.br\/site\/wp-json\/wp\/v2\/posts\/78376\/revisions"}],"predecessor-version":[{"id":78377,"href":"https:\/\/blogdoeloiltoncajuhy.com.br\/site\/wp-json\/wp\/v2\/posts\/78376\/revisions\/78377"}],"wp:featuredmedia":[{"embeddable":true,"href":"https:\/\/blogdoeloiltoncajuhy.com.br\/site\/wp-json\/wp\/v2\/media\/7403"}],"wp:attachment":[{"href":"https:\/\/blogdoeloiltoncajuhy.com.br\/site\/wp-json\/wp\/v2\/media?parent=78376"}],"wp:term":[{"taxonomy":"category","embeddable":true,"href":"https:\/\/blogdoeloiltoncajuhy.com.br\/site\/wp-json\/wp\/v2\/categories?post=78376"},{"taxonomy":"post_tag","embeddable":true,"href":"https:\/\/blogdoeloiltoncajuhy.com.br\/site\/wp-json\/wp\/v2\/tags?post=78376"}],"curies":[{"name":"wp","href":"https:\/\/api.w.org\/{rel}","templated":true}]}}