{"id":78361,"date":"2023-12-27T20:30:00","date_gmt":"2023-12-27T23:30:00","guid":{"rendered":"https:\/\/blogdoeloiltoncajuhy.com.br\/site\/?p=78361"},"modified":"2023-12-27T20:23:15","modified_gmt":"2023-12-27T23:23:15","slug":"vereador-e-preso-por-porte-ilegal-de-arma-de-fogo-apos-tentar-impedir-agressao-a-gestante-na-bahia","status":"publish","type":"post","link":"https:\/\/blogdoeloiltoncajuhy.com.br\/site\/vereador-e-preso-por-porte-ilegal-de-arma-de-fogo-apos-tentar-impedir-agressao-a-gestante-na-bahia\/","title":{"rendered":"Vereador \u00e9 preso por porte ilegal de arma de fogo ap\u00f3s tentar impedir agress\u00e3o a gestante na Bahia"},"content":{"rendered":"\n<p class=\"has-medium-font-size\"><strong>Crime aconteceu em Feira de Santana e suspeito de agredir mulher tamb\u00e9m foi preso.<\/strong><\/p>\n\n\n\n<p><strong>Por g1 BA<\/strong><\/p>\n\n\n\n<figure class=\"wp-block-image aligncenter size-full is-resized\"><a href=\"https:\/\/i0.wp.com\/blogdoeloiltoncajuhy.com.br\/site\/wp-content\/uploads\/2023\/12\/Deam-de-Feira-de-Santana-%E2%80%94-Foto-Reproducao-TV-Subae.jpeg?ssl=1\"><img data-recalc-dims=\"1\" fetchpriority=\"high\" decoding=\"async\" width=\"800\" height=\"364\" src=\"https:\/\/i0.wp.com\/blogdoeloiltoncajuhy.com.br\/site\/wp-content\/uploads\/2023\/12\/Deam-de-Feira-de-Santana-%E2%80%94-Foto-Reproducao-TV-Subae.jpeg?resize=800%2C364&#038;ssl=1\" alt=\"\" class=\"wp-image-78362\" style=\"width:703px;height:auto\" srcset=\"https:\/\/i0.wp.com\/blogdoeloiltoncajuhy.com.br\/site\/wp-content\/uploads\/2023\/12\/Deam-de-Feira-de-Santana-%E2%80%94-Foto-Reproducao-TV-Subae.jpeg?w=984&amp;ssl=1 984w, https:\/\/i0.wp.com\/blogdoeloiltoncajuhy.com.br\/site\/wp-content\/uploads\/2023\/12\/Deam-de-Feira-de-Santana-%E2%80%94-Foto-Reproducao-TV-Subae.jpeg?resize=300%2C137&amp;ssl=1 300w, https:\/\/i0.wp.com\/blogdoeloiltoncajuhy.com.br\/site\/wp-content\/uploads\/2023\/12\/Deam-de-Feira-de-Santana-%E2%80%94-Foto-Reproducao-TV-Subae.jpeg?resize=768%2C350&amp;ssl=1 768w\" sizes=\"(max-width: 800px) 100vw, 800px\" \/><\/a><figcaption class=\"wp-element-caption\"><sub>Caso \u00e9 investigado na Deam de Feira de Santana \u2014 Foto: Reprodu\u00e7\u00e3o\/TV Suba\u00e9<\/sub><\/figcaption><\/figure>\n\n\n\n<p>Um vereador foi preso ap\u00f3s tentar defender uma mulher gr\u00e1vida que estava sendo agredida em Feira de Santana, na ter\u00e7a-feira (26). Segundo a Pol\u00edcia Civil, o suspeito de agredir a gestante tamb\u00e9m foi preso e n\u00e3o teve o nome divulgado.<\/p>\n\n\n\n<p>O vereador foi identificado como Ronaldo Almeida Carib\u00e9, mais conhecido como Ron do Povo, filiado ao Movimento Democr\u00e1tico Brasileiro (MDB). Ainda conforme foi informado pela pol\u00edcia, ele passava pelo bairro Concei\u00e7\u00e3o, quando viu que uma gestante era agredida por um homem.<\/p>\n\n\n\n<p>Para defender a v\u00edtima, o vereador deu tiros para cima. O problema, segundo a pol\u00edcia, \u00e9 que ele n\u00e3o tinha o porte da arma de fogo utilizada.<\/p>\n\n\n\n<p>Por isso, os dois homens envolvidos na confus\u00e3o foram encaminhados \u00e0 delegacia pela Pol\u00edcia Militar. <strong><mark style=\"background-color:rgba(0, 0, 0, 0)\" class=\"has-inline-color has-black-color\">Entenda:<\/mark><\/strong><\/p>\n\n\n\n<p><strong><mark style=\"background-color:rgba(0, 0, 0, 0)\" class=\"has-inline-color has-black-color\">Suspeito de agredir a gestante:<\/mark><\/strong> preso em flagrante por les\u00e3o corporal dolosa, no \u00e2mbito da Lei Maria da Penha;<\/p>\n\n\n\n<p><strong><mark style=\"background-color:rgba(0, 0, 0, 0)\" class=\"has-inline-color has-black-color\">Vereador Ron do Povo:<\/mark><\/strong> preso em flagrante por porte ilegal de arma de fogo.<\/p>\n\n\n\n<p>De acordo com apura\u00e7\u00f5es da TV Suba\u00e9, o vereador e o suspeito de agress\u00e3o foram levados para a Delegacia Especializada de Atendimento \u00e0 Mulher (Deam). Ron do Povo teria sido levado para o local por falta de vagas no Complexo Policial do Sobradinho.<\/p>\n\n\n\n<p>Em nota, a assessoria do vereador afirmou que ele foi solto na noite desta quarta-feira (27) ap\u00f3s pedido de libera\u00e7\u00e3o no Plant\u00e3o Judici\u00e1rio.<\/p>\n\n\n\n<p>Ainda em nota, a equipe do vereador disse que ele agiu em defesa e integridade da vida da v\u00edtima.<\/p>\n\n\n\n<p>O <strong>g1<\/strong> procurou o partido do vereador para um posicionamento oficial. Por\u00e9m, de acordo com o presidente de honra da sigla, L\u00facio Vieira Lima, n\u00e3o haver\u00e1 pronunciamento enquanto o caso estiver em fase de investiga\u00e7\u00e3o. Ele sinalizou que o partido aguarda o avan\u00e7o do apura\u00e7\u00e3o policial para que seja identificado se houve excesso na conduta do vereador.<\/p>\n","protected":false},"excerpt":{"rendered":"<p>Crime aconteceu em Feira de Santana e suspeito de agredir mulher tamb\u00e9m foi preso. Por g1 BA Um vereador foi preso ap\u00f3s tentar defender uma mulher gr\u00e1vida que estava sendo agredida em Feira de Santana, na ter\u00e7a-feira (26). Segundo a Pol\u00edcia Civil, o suspeito de agredir a gestante tamb\u00e9m foi preso e n\u00e3o teve o [&hellip;]<\/p>\n","protected":false},"author":2,"featured_media":78362,"comment_status":"open","ping_status":"open","sticky":false,"template":"","format":"standard","meta":{"_acf_changed":false,"_monsterinsights_skip_tracking":false,"_monsterinsights_sitenote_active":false,"_monsterinsights_sitenote_note":"","_monsterinsights_sitenote_category":0,"_jetpack_memberships_contains_paid_content":false,"footnotes":"","jetpack_publicize_message":"","jetpack_publicize_feature_enabled":true,"jetpack_social_post_already_shared":true,"jetpack_social_options":{"image_generator_settings":{"template":"highway","default_image_id":0,"font":"","enabled":false},"version":2}},"categories":[15],"tags":[],"class_list":["post-78361","post","type-post","status-publish","format-standard","has-post-thumbnail","hentry","category-policia"],"acf":[],"jetpack_publicize_connections":[],"jetpack_featured_media_url":"https:\/\/i0.wp.com\/blogdoeloiltoncajuhy.com.br\/site\/wp-content\/uploads\/2023\/12\/Deam-de-Feira-de-Santana-%E2%80%94-Foto-Reproducao-TV-Subae.jpeg?fit=984%2C448&ssl=1","jetpack_sharing_enabled":true,"publishpress_future_workflow_manual_trigger":{"enabledWorkflows":[]},"_links":{"self":[{"href":"https:\/\/blogdoeloiltoncajuhy.com.br\/site\/wp-json\/wp\/v2\/posts\/78361","targetHints":{"allow":["GET"]}}],"collection":[{"href":"https:\/\/blogdoeloiltoncajuhy.com.br\/site\/wp-json\/wp\/v2\/posts"}],"about":[{"href":"https:\/\/blogdoeloiltoncajuhy.com.br\/site\/wp-json\/wp\/v2\/types\/post"}],"author":[{"embeddable":true,"href":"https:\/\/blogdoeloiltoncajuhy.com.br\/site\/wp-json\/wp\/v2\/users\/2"}],"replies":[{"embeddable":true,"href":"https:\/\/blogdoeloiltoncajuhy.com.br\/site\/wp-json\/wp\/v2\/comments?post=78361"}],"version-history":[{"count":1,"href":"https:\/\/blogdoeloiltoncajuhy.com.br\/site\/wp-json\/wp\/v2\/posts\/78361\/revisions"}],"predecessor-version":[{"id":78363,"href":"https:\/\/blogdoeloiltoncajuhy.com.br\/site\/wp-json\/wp\/v2\/posts\/78361\/revisions\/78363"}],"wp:featuredmedia":[{"embeddable":true,"href":"https:\/\/blogdoeloiltoncajuhy.com.br\/site\/wp-json\/wp\/v2\/media\/78362"}],"wp:attachment":[{"href":"https:\/\/blogdoeloiltoncajuhy.com.br\/site\/wp-json\/wp\/v2\/media?parent=78361"}],"wp:term":[{"taxonomy":"category","embeddable":true,"href":"https:\/\/blogdoeloiltoncajuhy.com.br\/site\/wp-json\/wp\/v2\/categories?post=78361"},{"taxonomy":"post_tag","embeddable":true,"href":"https:\/\/blogdoeloiltoncajuhy.com.br\/site\/wp-json\/wp\/v2\/tags?post=78361"}],"curies":[{"name":"wp","href":"https:\/\/api.w.org\/{rel}","templated":true}]}}