{"id":78355,"date":"2023-12-27T20:10:00","date_gmt":"2023-12-27T23:10:00","guid":{"rendered":"https:\/\/blogdoeloiltoncajuhy.com.br\/site\/?p=78355"},"modified":"2023-12-27T19:29:46","modified_gmt":"2023-12-27T22:29:46","slug":"dores-cronicas-ciencia-revela-7-fatores-que-podem-prevenir-e-evitar-este-sofrimento","status":"publish","type":"post","link":"https:\/\/blogdoeloiltoncajuhy.com.br\/site\/dores-cronicas-ciencia-revela-7-fatores-que-podem-prevenir-e-evitar-este-sofrimento\/","title":{"rendered":"Dores cr\u00f4nicas: Ci\u00eancia revela 7 fatores que podem prevenir e evitar este sofrimento"},"content":{"rendered":"\n<p class=\"has-text-align-center has-medium-font-size\"><strong>Dor cr\u00f4nica \u00e9 a nova epidemia.<\/strong><\/p>\n\n\n\n<p><strong>Jo\u00e3o Almeida<\/strong><\/p>\n\n\n\n<figure class=\"wp-block-image aligncenter size-full is-resized\"><a href=\"https:\/\/i0.wp.com\/blogdoeloiltoncajuhy.com.br\/site\/wp-content\/uploads\/2023\/12\/Dores-Cronicas-Foto_Freepik.jpg?ssl=1\"><img data-recalc-dims=\"1\" fetchpriority=\"high\" decoding=\"async\" width=\"626\" height=\"417\" src=\"https:\/\/i0.wp.com\/blogdoeloiltoncajuhy.com.br\/site\/wp-content\/uploads\/2023\/12\/Dores-Cronicas-Foto_Freepik.jpg?resize=626%2C417&#038;ssl=1\" alt=\"\" class=\"wp-image-78356\" style=\"width:740px;height:auto\" srcset=\"https:\/\/i0.wp.com\/blogdoeloiltoncajuhy.com.br\/site\/wp-content\/uploads\/2023\/12\/Dores-Cronicas-Foto_Freepik.jpg?w=626&amp;ssl=1 626w, https:\/\/i0.wp.com\/blogdoeloiltoncajuhy.com.br\/site\/wp-content\/uploads\/2023\/12\/Dores-Cronicas-Foto_Freepik.jpg?resize=300%2C200&amp;ssl=1 300w\" sizes=\"(max-width: 626px) 100vw, 626px\" \/><\/a><figcaption class=\"wp-element-caption\"><sub>Foto: Freepik<\/sub><\/figcaption><\/figure>\n\n\n\n<p>Um estudo recente feito por pesquisadores ligados \u00e0 Sociedade Brasileira para o Estudo da Dor (Sbed) revela: 45,59% da popula\u00e7\u00e3o brasileira sofre de algum tipo de dor cr\u00f4nica, e ainda de acordo com a Sbed, quase a metade das pessoas que relataram dores cr\u00f4nicas, sofrem de alguma doen\u00e7a ligada a problemas reum\u00e1ticos, ou mesmo dor nas articula\u00e7\u00f5es.<\/p>\n\n\n\n<p>As dores cr\u00f4nicas ligadas \u00e0 problemas reum\u00e1ticos costumam se manifestar ou se intensificar mais em pessoas com mais de 50 anos de idade, mas h\u00e1 casos em que at\u00e9 mesmo adolescentes relatam algum tipo de dor cr\u00f4nica, como artrite reumatoide, artrose, lombalgia, dores musculares ou fibromialgia, entre outras.<\/p>\n\n\n\n<p class=\"has-medium-font-size\"><strong>Epidemia mundial<\/strong><\/p>\n\n\n\n<p>A pesquisa da Sociedade Brasileira para o Estudo da Dor chega a afirmar que a dor cr\u00f4nica j\u00e1 \u00e9 considerada uma epidemia mundial. Os resultados de outras pesquisas feitas pelo mundo confirmam a tend\u00eancia de epidemia. De acordo com o peri\u00f3dico Journal of the Americam Medical Association, um estudo recente analisou os dados de meio milh\u00e3o de pessoas nos Estados Unidos, que afirmaram sofrer de algum tipo de dor cr\u00f4nica. Com os resultados os m\u00e9dicos apontaram como as principais causas das dores, problemas como noites mal dormidas, alto n\u00edvel de estresse, falta de atividade f\u00edsica e m\u00e1 alimenta\u00e7\u00e3o, entre outras.<\/p>\n\n\n\n<p>Tamb\u00e9m com base nos estudos, os autores sugerem 7 maneiras de prevenir e at\u00e9 mesmo eliminar as dores cr\u00f4nicas. <strong><mark style=\"background-color:rgba(0, 0, 0, 0)\" class=\"has-inline-color has-black-color\">S\u00e3o elas:<\/mark><\/strong><\/p>\n\n\n\n<p class=\"has-black-color has-text-color has-link-color wp-elements-e84eb5e880efffa3576a15b9040e0542\"><strong>1 \u2013 Manter um peso saud\u00e1vel<\/strong><\/p>\n\n\n\n<p>O excesso de peso \u00e9 um fator de risco para muitas causas de dor cr\u00f4nica, como artrite, dor lombar e dor muscular.<\/p>\n\n\n\n<p class=\"has-black-color has-text-color has-link-color wp-elements-a6426efc5a7f6f24e446003690eece7c\"><strong>2 \u2013 Realizar atividades f\u00edsicas regulares<\/strong><\/p>\n\n\n\n<p>Atividades f\u00edsicas regulares ajudam a fortalecer os m\u00fasculos e as articula\u00e7\u00f5es, o que pode ajudar a prevenir les\u00f5es e dor.<\/p>\n\n\n\n<p class=\"has-black-color has-text-color has-link-color wp-elements-8f2186b84f5a3e6e2519d3cbbcb05a9b\"><strong>3 \u2013 Evitar atividades que causem estresse nas articula\u00e7\u00f5es<\/strong><\/p>\n\n\n\n<p>Atividades que causam estresse nas articula\u00e7\u00f5es, como levantar pesos pesados ou praticar esportes de impacto, podem aumentar o risco de les\u00f5es e dor.<\/p>\n\n\n\n<p class=\"has-black-color has-text-color has-link-color wp-elements-27cd51897003c8af37849a74ff13cfc1\"><strong>4 \u2013 Manter a boa postura<\/strong><\/p>\n\n\n\n<p>Manter a boa postura ajuda a reduzir o estresse nas articula\u00e7\u00f5es.<\/p>\n\n\n\n<p class=\"has-black-color has-text-color has-link-color wp-elements-067f17d001084de6a7d8c63922e53868\"><strong>5 \u2013 Gerenciar o estresse<\/strong><\/p>\n\n\n\n<p>O estresse pode aumentar a sensibilidade \u00e0 dor.<\/p>\n\n\n\n<p class=\"has-black-color has-text-color has-link-color wp-elements-2cd0eafa2283cbd7990dcbd7b5f7a30b\"><strong>6 \u2013 Ter uma dieta saud\u00e1vel<\/strong><\/p>\n\n\n\n<p>Uma dieta saud\u00e1vel ajuda a manter um peso saud\u00e1vel e fornece nutrientes essenciais para a sa\u00fade das articula\u00e7\u00f5es.<\/p>\n\n\n\n<p class=\"has-black-color has-text-color has-link-color wp-elements-e29179e9c24c903fd9ca548c06346682\"><strong>7 \u2013 Adotar um tratamento \u00e0 base de produtos 100% naturais<\/strong><\/p>\n\n\n\n<p>Evite rem\u00e9dios, que al\u00e9m de terem efeitos de pouca dura\u00e7\u00e3o, ainda causam depend\u00eancia e geram uma s\u00e9rie de efeitos colaterais.<\/p>\n","protected":false},"excerpt":{"rendered":"<p>Dor cr\u00f4nica \u00e9 a nova epidemia. Jo\u00e3o Almeida Um estudo recente feito por pesquisadores ligados \u00e0 Sociedade Brasileira para o Estudo da Dor (Sbed) revela: 45,59% da popula\u00e7\u00e3o brasileira sofre de algum tipo de dor cr\u00f4nica, e ainda de acordo com a Sbed, quase a metade das pessoas que relataram dores cr\u00f4nicas, sofrem de alguma [&hellip;]<\/p>\n","protected":false},"author":2,"featured_media":78357,"comment_status":"open","ping_status":"open","sticky":false,"template":"","format":"standard","meta":{"_acf_changed":false,"_monsterinsights_skip_tracking":false,"_monsterinsights_sitenote_active":false,"_monsterinsights_sitenote_note":"","_monsterinsights_sitenote_category":0,"_jetpack_memberships_contains_paid_content":false,"footnotes":"","jetpack_publicize_message":"","jetpack_publicize_feature_enabled":true,"jetpack_social_post_already_shared":true,"jetpack_social_options":{"image_generator_settings":{"template":"highway","default_image_id":0,"font":"","enabled":false},"version":2}},"categories":[7],"tags":[],"class_list":["post-78355","post","type-post","status-publish","format-standard","has-post-thumbnail","hentry","category-saude"],"acf":[],"jetpack_publicize_connections":[],"jetpack_featured_media_url":"https:\/\/i0.wp.com\/blogdoeloiltoncajuhy.com.br\/site\/wp-content\/uploads\/2023\/12\/Dores-Cronicas02-Foto_Freepik.jpg?fit=626%2C418&ssl=1","jetpack_sharing_enabled":true,"publishpress_future_workflow_manual_trigger":{"enabledWorkflows":[]},"_links":{"self":[{"href":"https:\/\/blogdoeloiltoncajuhy.com.br\/site\/wp-json\/wp\/v2\/posts\/78355","targetHints":{"allow":["GET"]}}],"collection":[{"href":"https:\/\/blogdoeloiltoncajuhy.com.br\/site\/wp-json\/wp\/v2\/posts"}],"about":[{"href":"https:\/\/blogdoeloiltoncajuhy.com.br\/site\/wp-json\/wp\/v2\/types\/post"}],"author":[{"embeddable":true,"href":"https:\/\/blogdoeloiltoncajuhy.com.br\/site\/wp-json\/wp\/v2\/users\/2"}],"replies":[{"embeddable":true,"href":"https:\/\/blogdoeloiltoncajuhy.com.br\/site\/wp-json\/wp\/v2\/comments?post=78355"}],"version-history":[{"count":1,"href":"https:\/\/blogdoeloiltoncajuhy.com.br\/site\/wp-json\/wp\/v2\/posts\/78355\/revisions"}],"predecessor-version":[{"id":78358,"href":"https:\/\/blogdoeloiltoncajuhy.com.br\/site\/wp-json\/wp\/v2\/posts\/78355\/revisions\/78358"}],"wp:featuredmedia":[{"embeddable":true,"href":"https:\/\/blogdoeloiltoncajuhy.com.br\/site\/wp-json\/wp\/v2\/media\/78357"}],"wp:attachment":[{"href":"https:\/\/blogdoeloiltoncajuhy.com.br\/site\/wp-json\/wp\/v2\/media?parent=78355"}],"wp:term":[{"taxonomy":"category","embeddable":true,"href":"https:\/\/blogdoeloiltoncajuhy.com.br\/site\/wp-json\/wp\/v2\/categories?post=78355"},{"taxonomy":"post_tag","embeddable":true,"href":"https:\/\/blogdoeloiltoncajuhy.com.br\/site\/wp-json\/wp\/v2\/tags?post=78355"}],"curies":[{"name":"wp","href":"https:\/\/api.w.org\/{rel}","templated":true}]}}