{"id":78352,"date":"2023-12-27T18:11:25","date_gmt":"2023-12-27T21:11:25","guid":{"rendered":"https:\/\/blogdoeloiltoncajuhy.com.br\/site\/?p=78352"},"modified":"2023-12-27T18:11:27","modified_gmt":"2023-12-27T21:11:27","slug":"motorista-de-carro-e-resgatado-com-metade-do-corpo-para-fora-do-veiculo-apos-batida-com-caminhao","status":"publish","type":"post","link":"https:\/\/blogdoeloiltoncajuhy.com.br\/site\/motorista-de-carro-e-resgatado-com-metade-do-corpo-para-fora-do-veiculo-apos-batida-com-caminhao\/","title":{"rendered":"Motorista de carro \u00e9 resgatado com metade do corpo para fora do ve\u00edculo ap\u00f3s batida com caminh\u00e3o"},"content":{"rendered":"\n<p class=\"has-text-align-center has-medium-font-size\"><strong>Acidente aconteceu na BA-120, em Riach\u00e3o do Jacu\u00edpe.<\/strong><\/p>\n\n\n\n<p><strong>Por g1 BA<\/strong><\/p>\n\n\n\n<figure class=\"wp-block-image aligncenter size-full is-resized\"><a href=\"https:\/\/i0.wp.com\/blogdoeloiltoncajuhy.com.br\/site\/wp-content\/uploads\/2023\/12\/Acidente-em-Riachao-do-Jacuipe-261223_Foto_Reproducao-TV-Subae.png?ssl=1\"><img data-recalc-dims=\"1\" fetchpriority=\"high\" decoding=\"async\" width=\"800\" height=\"499\" src=\"https:\/\/i0.wp.com\/blogdoeloiltoncajuhy.com.br\/site\/wp-content\/uploads\/2023\/12\/Acidente-em-Riachao-do-Jacuipe-261223_Foto_Reproducao-TV-Subae.png?resize=800%2C499&#038;ssl=1\" alt=\"\" class=\"wp-image-78353\" style=\"width:668px;height:auto\" srcset=\"https:\/\/i0.wp.com\/blogdoeloiltoncajuhy.com.br\/site\/wp-content\/uploads\/2023\/12\/Acidente-em-Riachao-do-Jacuipe-261223_Foto_Reproducao-TV-Subae.png?w=825&amp;ssl=1 825w, https:\/\/i0.wp.com\/blogdoeloiltoncajuhy.com.br\/site\/wp-content\/uploads\/2023\/12\/Acidente-em-Riachao-do-Jacuipe-261223_Foto_Reproducao-TV-Subae.png?resize=300%2C187&amp;ssl=1 300w, https:\/\/i0.wp.com\/blogdoeloiltoncajuhy.com.br\/site\/wp-content\/uploads\/2023\/12\/Acidente-em-Riachao-do-Jacuipe-261223_Foto_Reproducao-TV-Subae.png?resize=768%2C479&amp;ssl=1 768w\" sizes=\"(max-width: 800px) 100vw, 800px\" \/><\/a><figcaption class=\"wp-element-caption\"><sub>Carro bateu em caminh\u00e3o na Bahia \u2014 Foto: Reprodu\u00e7\u00e3o TV Suba\u00e9<\/sub><\/figcaption><\/figure>\n\n\n\n<p>O motorista de um carro foi resgatado com metade do corpo para fora do ve\u00edculo ap\u00f3s bater em um caminh\u00e3o na BA-120, na regi\u00e3o de Riach\u00e3o do Jacu\u00edpe. Al\u00e9m dele, outro homem que estava no carro ficou ferido, mas n\u00e3o corre risco de morte.<\/p>\n\n\n\n<p>De acordo com a Brigada Volunt\u00e1ria \u00c1guia Resgate, que prestou os primeiros socorros, o acidente aconteceu na noite de ter\u00e7a-feira (26). As duas v\u00edtimas foram socorridas para o Hospital Portugu\u00eas de Concei\u00e7\u00e3o do Coit\u00e9, cidade que fica a 31,4 km de Riach\u00e3o do Jacu\u00edpe.<\/p>\n\n\n\n<p>Ainda n\u00e3o h\u00e1 informa\u00e7\u00f5es sobre a causa do acidente. O condutor do ve\u00edculo foi identificado como Jucelino Almeida da Silva, 47 anos. De acordo com apura\u00e7\u00f5es da TV Suba\u00e9, <strong><mark style=\"background-color:rgba(0, 0, 0, 0)\" class=\"has-inline-color has-black-color\">o motorista do ve\u00edculo estava com o seguinte quadro de sa\u00fade:<\/mark><\/strong><\/p>\n\n\n\n<ul class=\"wp-block-list\">\n<li>hemorragia interna;<\/li>\n<\/ul>\n\n\n\n<ul class=\"wp-block-list\">\n<li>hematomas na cabe\u00e7a e traumatismo craniano;<\/li>\n<\/ul>\n\n\n\n<ul class=\"wp-block-list\">\n<li>corte profundo em um dos bra\u00e7os;<\/li>\n<\/ul>\n\n\n\n<ul class=\"wp-block-list\">\n<li>suspeita de fraturas de f\u00eamur, t\u00edbia e f\u00edbula.<\/li>\n<\/ul>\n\n\n\n<p><\/p>\n\n\n\n<p>Nesta quarta-feira (27), os dois homens foram transferidos para o Hospital Geral Cl\u00e9riston Andrade (HGCA), em Feira de Santana. N\u00e3o h\u00e1 atualiza\u00e7\u00f5es sobre o estado de sa\u00fade deles.<\/p>\n","protected":false},"excerpt":{"rendered":"<p>Acidente aconteceu na BA-120, em Riach\u00e3o do Jacu\u00edpe. Por g1 BA O motorista de um carro foi resgatado com metade do corpo para fora do ve\u00edculo ap\u00f3s bater em um caminh\u00e3o na BA-120, na regi\u00e3o de Riach\u00e3o do Jacu\u00edpe. Al\u00e9m dele, outro homem que estava no carro ficou ferido, mas n\u00e3o corre risco de morte. [&hellip;]<\/p>\n","protected":false},"author":2,"featured_media":78353,"comment_status":"open","ping_status":"open","sticky":false,"template":"","format":"standard","meta":{"_acf_changed":false,"_monsterinsights_skip_tracking":false,"_monsterinsights_sitenote_active":false,"_monsterinsights_sitenote_note":"","_monsterinsights_sitenote_category":0,"_jetpack_memberships_contains_paid_content":false,"footnotes":"","jetpack_publicize_message":"","jetpack_publicize_feature_enabled":true,"jetpack_social_post_already_shared":true,"jetpack_social_options":{"image_generator_settings":{"template":"highway","default_image_id":0,"font":"","enabled":false},"version":2}},"categories":[11],"tags":[],"class_list":["post-78352","post","type-post","status-publish","format-standard","has-post-thumbnail","hentry","category-regional"],"acf":[],"jetpack_publicize_connections":[],"jetpack_featured_media_url":"https:\/\/i0.wp.com\/blogdoeloiltoncajuhy.com.br\/site\/wp-content\/uploads\/2023\/12\/Acidente-em-Riachao-do-Jacuipe-261223_Foto_Reproducao-TV-Subae.png?fit=825%2C515&ssl=1","jetpack_sharing_enabled":true,"publishpress_future_workflow_manual_trigger":{"enabledWorkflows":[]},"_links":{"self":[{"href":"https:\/\/blogdoeloiltoncajuhy.com.br\/site\/wp-json\/wp\/v2\/posts\/78352","targetHints":{"allow":["GET"]}}],"collection":[{"href":"https:\/\/blogdoeloiltoncajuhy.com.br\/site\/wp-json\/wp\/v2\/posts"}],"about":[{"href":"https:\/\/blogdoeloiltoncajuhy.com.br\/site\/wp-json\/wp\/v2\/types\/post"}],"author":[{"embeddable":true,"href":"https:\/\/blogdoeloiltoncajuhy.com.br\/site\/wp-json\/wp\/v2\/users\/2"}],"replies":[{"embeddable":true,"href":"https:\/\/blogdoeloiltoncajuhy.com.br\/site\/wp-json\/wp\/v2\/comments?post=78352"}],"version-history":[{"count":1,"href":"https:\/\/blogdoeloiltoncajuhy.com.br\/site\/wp-json\/wp\/v2\/posts\/78352\/revisions"}],"predecessor-version":[{"id":78354,"href":"https:\/\/blogdoeloiltoncajuhy.com.br\/site\/wp-json\/wp\/v2\/posts\/78352\/revisions\/78354"}],"wp:featuredmedia":[{"embeddable":true,"href":"https:\/\/blogdoeloiltoncajuhy.com.br\/site\/wp-json\/wp\/v2\/media\/78353"}],"wp:attachment":[{"href":"https:\/\/blogdoeloiltoncajuhy.com.br\/site\/wp-json\/wp\/v2\/media?parent=78352"}],"wp:term":[{"taxonomy":"category","embeddable":true,"href":"https:\/\/blogdoeloiltoncajuhy.com.br\/site\/wp-json\/wp\/v2\/categories?post=78352"},{"taxonomy":"post_tag","embeddable":true,"href":"https:\/\/blogdoeloiltoncajuhy.com.br\/site\/wp-json\/wp\/v2\/tags?post=78352"}],"curies":[{"name":"wp","href":"https:\/\/api.w.org\/{rel}","templated":true}]}}