{"id":78346,"date":"2023-12-27T17:34:16","date_gmt":"2023-12-27T20:34:16","guid":{"rendered":"https:\/\/blogdoeloiltoncajuhy.com.br\/site\/?p=78346"},"modified":"2023-12-27T17:34:18","modified_gmt":"2023-12-27T20:34:18","slug":"mec-abre-10-mil-vagas-em-curso-ead-de-tecnologias-digitais","status":"publish","type":"post","link":"https:\/\/blogdoeloiltoncajuhy.com.br\/site\/mec-abre-10-mil-vagas-em-curso-ead-de-tecnologias-digitais\/","title":{"rendered":"MEC abre 10 mil vagas em curso EAD de Tecnologias Digitais"},"content":{"rendered":"\n<p><strong>Horabrasil<\/strong><\/p>\n\n\n\n<figure class=\"wp-block-image aligncenter size-full\"><a href=\"https:\/\/i0.wp.com\/blogdoeloiltoncajuhy.com.br\/site\/wp-content\/uploads\/2023\/12\/GOVFED_MEC-abre-10-mil-vagas-em-curso-EAD-de-Tecnologias-Digitais-Foto_horabrasil.jpg?ssl=1\"><img data-recalc-dims=\"1\" fetchpriority=\"high\" decoding=\"async\" width=\"640\" height=\"427\" src=\"https:\/\/i0.wp.com\/blogdoeloiltoncajuhy.com.br\/site\/wp-content\/uploads\/2023\/12\/GOVFED_MEC-abre-10-mil-vagas-em-curso-EAD-de-Tecnologias-Digitais-Foto_horabrasil.jpg?resize=640%2C427&#038;ssl=1\" alt=\"\" class=\"wp-image-78347\" srcset=\"https:\/\/i0.wp.com\/blogdoeloiltoncajuhy.com.br\/site\/wp-content\/uploads\/2023\/12\/GOVFED_MEC-abre-10-mil-vagas-em-curso-EAD-de-Tecnologias-Digitais-Foto_horabrasil.jpg?w=640&amp;ssl=1 640w, https:\/\/i0.wp.com\/blogdoeloiltoncajuhy.com.br\/site\/wp-content\/uploads\/2023\/12\/GOVFED_MEC-abre-10-mil-vagas-em-curso-EAD-de-Tecnologias-Digitais-Foto_horabrasil.jpg?resize=300%2C200&amp;ssl=1 300w\" sizes=\"(max-width: 640px) 100vw, 640px\" \/><\/a><figcaption class=\"wp-element-caption\"><sub>MEC abre 10 mil vagas em curso EAD de Tecnologias Digitais &#8211; Foto: Horabrasil<\/sub><\/figcaption><\/figure>\n\n\n\n<p>O Minist\u00e9rio da Educa\u00e7\u00e3o (MEC), via plataforma AVAMEC, abriu as inscri\u00e7\u00f5es para preenchimento de 10 mil vagas no curso EAD em Tecnologias Digitais: ferramentas para criatividade e aprendizagem. S\u00e3o duas turmas com 5 mil vagas em cada. O ingresso no curso \u00e9 imediato.<\/p>\n\n\n\n<p>O curso \u00e9 autoinstrucional e todas as atividades a dist\u00e2ncia s\u00e3o ass\u00edncronas.<\/p>\n\n\n\n<p class=\"has-black-color has-text-color has-link-color wp-elements-592b41eb210d0a525763c5e019cd05da\"><strong>Com carga hor\u00e1ria de 180 horas, o curso \u00e9 dividido em 8 m\u00f3dulos:<\/strong><\/p>\n\n\n\n<ul class=\"wp-block-list\">\n<li>M\u00f3dulo 1 \u2013 Produ\u00e7\u00e3o de material did\u00e1tico interativo com Genially<\/li>\n\n\n\n<li>M\u00f3dulo 2 \u2013 Cria\u00e7\u00e3o de sites e portf\u00f3lios com Google Sites<\/li>\n\n\n\n<li>M\u00f3dulo 3 \u2013 Produ\u00e7\u00e3o de podcasts com Anchor<\/li>\n\n\n\n<li>M\u00f3dulo 4 \u2013 Produ\u00e7\u00e3o de v\u00eddeos com Flip<\/li>\n\n\n\n<li>M\u00f3dulo 5 \u2013 Publica\u00e7\u00e3o e transmiss\u00e3o ao vivo no YouTube<\/li>\n\n\n\n<li>M\u00f3dulo 6 \u2013 Curadoria de recursos digitais com Wakelet<\/li>\n\n\n\n<li>M\u00f3dulo 7 \u2013 Li\u00e7\u00f5es interativas e quizzes com o Quizizz<\/li>\n\n\n\n<li>M\u00f3dulo 8 \u2013 Cria\u00e7\u00e3o de jogos educativos com Wordwall<\/li>\n<\/ul>\n\n\n\n<p><\/p>\n\n\n\n<p class=\"has-black-color has-text-color has-link-color has-medium-font-size wp-elements-4d583a694d2f98a00341dca9b4adbc6a\"><strong>P\u00fablico-alvo<\/strong><\/p>\n\n\n\n<p>Professores da educa\u00e7\u00e3o b\u00e1sica, estudantes de licenciatura e profissionais da educa\u00e7\u00e3o em geral.<\/p>\n\n\n\n<p class=\"has-black-color has-text-color has-link-color has-medium-font-size wp-elements-3072b5ea986869edb767b32d279c4e6f\"><strong>Como se inscrever<\/strong><\/p>\n\n\n\n<p>As inscri\u00e7\u00f5es podem ser realizadas at\u00e9 que as vagas se esgotem, no endere\u00e7o eletr\u00f4nico <a href=\"https:\/\/avamec.mec.gov.br\/#\/instituicao\/seb\/curso\/15475\/informacoes\" data-type=\"link\" data-id=\"https:\/\/avamec.mec.gov.br\/#\/instituicao\/seb\/curso\/15475\/informacoes\"><strong><mark style=\"background-color:rgba(0, 0, 0, 0)\" class=\"has-inline-color has-vivid-cyan-blue-color\">https:\/\/avamec.mec.gov.br\/#\/instituicao\/seb\/curso\/15475\/informacoes<\/mark><\/strong><\/a>.<\/p>\n\n\n\n<p>Ap\u00f3s realizar a inscri\u00e7\u00e3o, o participante deve concluir o curso em, no m\u00ednimo, 30 dias, e, no m\u00e1ximo, 320.<\/p>\n\n\n\n<p class=\"has-black-color has-text-color has-link-color has-medium-font-size wp-elements-a8a486c3e1c3faa3dbc7a1dad2f31177\"><strong>Crit\u00e9rios de avalia\u00e7\u00e3o<\/strong><\/p>\n\n\n\n<p>Etapa 1: 7 quest\u00f5es de m\u00faltipla escolha. O inscrito tem tr\u00eas tentativas para acertar cada quest\u00e3o.<\/p>\n\n\n\n<p>Etapa 2: 23 quest\u00f5es de V (verdadeiro) ou F (falso). O inscrito tem apenas uma tentativa para acertar cada quest\u00e3o.<\/p>\n\n\n\n<p class=\"has-black-color has-text-color has-link-color has-medium-font-size wp-elements-f5fa14dd5ee5c60b6c127241dbee5b33\"><strong>Certificado<\/strong><\/p>\n\n\n\n<p>Para obter o certificado do curso, o participante precisa acertar, no m\u00ednimo, 60% das quest\u00f5es do M\u00f3dulo Avaliativo (soma das duas etapas).<\/p>\n\n\n\n<p>Ao concluir o curso, o participante poder\u00e1 acessar o certificado na op\u00e7\u00e3o \u201cCertificado\u201d, localizado no menu do curso, para realizar o download.<\/p>\n","protected":false},"excerpt":{"rendered":"<p>Horabrasil O Minist\u00e9rio da Educa\u00e7\u00e3o (MEC), via plataforma AVAMEC, abriu as inscri\u00e7\u00f5es para preenchimento de 10 mil vagas no curso EAD em Tecnologias Digitais: ferramentas para criatividade e aprendizagem. S\u00e3o duas turmas com 5 mil vagas em cada. O ingresso no curso \u00e9 imediato. O curso \u00e9 autoinstrucional e todas as atividades a dist\u00e2ncia s\u00e3o [&hellip;]<\/p>\n","protected":false},"author":2,"featured_media":78347,"comment_status":"open","ping_status":"open","sticky":false,"template":"","format":"standard","meta":{"_acf_changed":false,"_monsterinsights_skip_tracking":false,"_monsterinsights_sitenote_active":false,"_monsterinsights_sitenote_note":"","_monsterinsights_sitenote_category":0,"_jetpack_memberships_contains_paid_content":false,"footnotes":"","jetpack_publicize_message":"","jetpack_publicize_feature_enabled":true,"jetpack_social_post_already_shared":true,"jetpack_social_options":{"image_generator_settings":{"template":"highway","default_image_id":0,"font":"","enabled":false},"version":2}},"categories":[32],"tags":[],"class_list":["post-78346","post","type-post","status-publish","format-standard","has-post-thumbnail","hentry","category-emprego"],"acf":[],"jetpack_publicize_connections":[],"jetpack_featured_media_url":"https:\/\/i0.wp.com\/blogdoeloiltoncajuhy.com.br\/site\/wp-content\/uploads\/2023\/12\/GOVFED_MEC-abre-10-mil-vagas-em-curso-EAD-de-Tecnologias-Digitais-Foto_horabrasil.jpg?fit=640%2C427&ssl=1","jetpack_sharing_enabled":true,"publishpress_future_workflow_manual_trigger":{"enabledWorkflows":[]},"_links":{"self":[{"href":"https:\/\/blogdoeloiltoncajuhy.com.br\/site\/wp-json\/wp\/v2\/posts\/78346","targetHints":{"allow":["GET"]}}],"collection":[{"href":"https:\/\/blogdoeloiltoncajuhy.com.br\/site\/wp-json\/wp\/v2\/posts"}],"about":[{"href":"https:\/\/blogdoeloiltoncajuhy.com.br\/site\/wp-json\/wp\/v2\/types\/post"}],"author":[{"embeddable":true,"href":"https:\/\/blogdoeloiltoncajuhy.com.br\/site\/wp-json\/wp\/v2\/users\/2"}],"replies":[{"embeddable":true,"href":"https:\/\/blogdoeloiltoncajuhy.com.br\/site\/wp-json\/wp\/v2\/comments?post=78346"}],"version-history":[{"count":1,"href":"https:\/\/blogdoeloiltoncajuhy.com.br\/site\/wp-json\/wp\/v2\/posts\/78346\/revisions"}],"predecessor-version":[{"id":78348,"href":"https:\/\/blogdoeloiltoncajuhy.com.br\/site\/wp-json\/wp\/v2\/posts\/78346\/revisions\/78348"}],"wp:featuredmedia":[{"embeddable":true,"href":"https:\/\/blogdoeloiltoncajuhy.com.br\/site\/wp-json\/wp\/v2\/media\/78347"}],"wp:attachment":[{"href":"https:\/\/blogdoeloiltoncajuhy.com.br\/site\/wp-json\/wp\/v2\/media?parent=78346"}],"wp:term":[{"taxonomy":"category","embeddable":true,"href":"https:\/\/blogdoeloiltoncajuhy.com.br\/site\/wp-json\/wp\/v2\/categories?post=78346"},{"taxonomy":"post_tag","embeddable":true,"href":"https:\/\/blogdoeloiltoncajuhy.com.br\/site\/wp-json\/wp\/v2\/tags?post=78346"}],"curies":[{"name":"wp","href":"https:\/\/api.w.org\/{rel}","templated":true}]}}