{"id":78333,"date":"2023-12-27T08:02:17","date_gmt":"2023-12-27T11:02:17","guid":{"rendered":"https:\/\/blogdoeloiltoncajuhy.com.br\/site\/?p=78333"},"modified":"2023-12-28T08:33:10","modified_gmt":"2023-12-28T11:33:10","slug":"morte-de-dr-joao-soares-deixa-bonfim-consternada","status":"publish","type":"post","link":"https:\/\/blogdoeloiltoncajuhy.com.br\/site\/morte-de-dr-joao-soares-deixa-bonfim-consternada\/","title":{"rendered":"Morte de Dr. Jo\u00e3o Soares deixa Bonfim consternada"},"content":{"rendered":"\n<p><strong>Blog do Eloilton Cajuhy<\/strong><\/p>\n\n\n\n<figure class=\"wp-block-image aligncenter size-full\"><a href=\"https:\/\/i0.wp.com\/blogdoeloiltoncajuhy.com.br\/site\/wp-content\/uploads\/2023\/12\/Dr.-Joao.png?ssl=1\"><img data-recalc-dims=\"1\" fetchpriority=\"high\" decoding=\"async\" width=\"528\" height=\"410\" src=\"https:\/\/i0.wp.com\/blogdoeloiltoncajuhy.com.br\/site\/wp-content\/uploads\/2023\/12\/Dr.-Joao.png?resize=528%2C410&#038;ssl=1\" alt=\"\" class=\"wp-image-78334\" srcset=\"https:\/\/i0.wp.com\/blogdoeloiltoncajuhy.com.br\/site\/wp-content\/uploads\/2023\/12\/Dr.-Joao.png?w=528&amp;ssl=1 528w, https:\/\/i0.wp.com\/blogdoeloiltoncajuhy.com.br\/site\/wp-content\/uploads\/2023\/12\/Dr.-Joao.png?resize=300%2C233&amp;ssl=1 300w\" sizes=\"(max-width: 528px) 100vw, 528px\" \/><\/a><figcaption class=\"wp-element-caption\"><sub>Reprodu\u00e7\u00e3o \/ Redes Sociais<\/sub><\/figcaption><\/figure>\n\n\n\n<p>A cidade de Senhor do Bonfim est\u00e1 consternada com a morte do m\u00e9dico pediatra Dr. Jo\u00e3o Soares de Ara\u00fajo, aos 66 anos, ocorrida na noite de ter\u00e7a-feira (26), em um hospital de Petrolina-PE. Al\u00e9m de servi\u00e7os prestados como pediatra, Dr. Jo\u00e3o Soares deu uma grande contribui\u00e7\u00e3o como secret\u00e1rio de Sa\u00fade do munic\u00edpio durante a primeira gest\u00e3o do ex-prefeito Carlos Brasileiro (2001\/2004).<\/p>\n\n\n\n<p>Nas palavras do tamb\u00e9m ex-secret\u00e1rio de Sa\u00fade, Neto Guimar\u00e3es, &#8220;a evolu\u00e7\u00e3o e progresso do SUS na nossa cidade foram escritos pelas m\u00e3os competentes de Dr. Jo\u00e3o Soares de Ara\u00fajo&#8221;. Para Angeli Matos, que o substituiu na Secretaria de Sa\u00fade do munic\u00edpio, &#8220;Dr. Jo\u00e3o era um ser de luz. Sempre pronto pra servir. Grande falta vai fazer na sa\u00fade p\u00fablica da nossa regi\u00e3o&#8221;.<\/p>\n\n\n\n<p>Dr. Jo\u00e3o vinha enfrentando alguns problemas de sa\u00fade nos \u00faltimos anos. Recentemente, foi submetido a uma cirurgia de f\u00eamur e sofreu uma queda, tendo seu quadro agravado e vindo a falecer noite passada.<\/p>\n\n\n\n<p>Seu corpo foi sepultado no final da tarde de quarta-feira (27), no cemit\u00e9rio do Povoado de Cachoeirinha, interior de Senhor do Bonfim, onde nasceu.<\/p>\n\n\n\n<p>Seu irm\u00e3o, o m\u00e9dico dentista Dr. Aur\u00e9lio Soares de Ara\u00fajo, divulgou nota nas redes sociais. <strong><mark style=\"background-color:rgba(0, 0, 0, 0)\" class=\"has-inline-color has-black-color\">Confira:<\/mark><\/strong><\/p>\n\n\n\n<p><em>Foi chamado para encerrar a sua vida terrena o nosso querido e estimado Dr. Jo\u00e3o Soares de Ara\u00fajo para ir ao encontro do pai Celestial. Aqui na terra, Jo\u00e3o construiu uma hist\u00f3ria de um m\u00e9dico caridoso que estava sempre a receber os seus pacientes independente da sua posi\u00e7\u00e3o social.<\/em><\/p>\n\n\n\n<p><em>Um m\u00e9dico que teve a oportunidade de trabalhar nas UTIs pedi\u00e1tricas nos melhores hospitais de Salvador, mas preferiu vir trabalhar em Senhor do Bonfim, sobretudo para atender aos pacientes do SUS em que era um grande defensor, e que contribuiu muito como secret\u00e1rio de Sa\u00fade do nosso munic\u00edpio. Tamb\u00e9m como auditor da prefeitura e diretor da Hemoba.<\/em><\/p>\n\n\n\n<p><em>Durante essa sua brilhante trajet\u00f3ria de vida, fez grandes amizades atrav\u00e9s da sua capacidade de interagir com as pessoas. Mesmo com sua enfermidade, sempre estava transmitindo alegria no ambiente que frequentava atrav\u00e9s da sua capacidade de supera\u00e7\u00e3o.<\/em><\/p>\n\n\n\n<p><em>Hoje, Dr. Jo\u00e3o Soares, voc\u00ea j\u00e1 est\u00e1 na p\u00e1tria eterna com o acolhimento de Deus em um lugar onde reina a paz. Aqui, n\u00f3s da fam\u00edlia e toda sociedade bonfinense ficaremos com nossas lembran\u00e7as e imorredouras recorda\u00e7\u00f5es de voc\u00ea, que semeou durante a sua vida terrena a semente da paz e do amor.<\/em><\/p>\n\n\n\n<p><em>Nossas eternas saudades de seus irm\u00e3os Jailde, Edvaldo e fam\u00edlia, Janilde e fam\u00edlia, Aur\u00e9lio e fam\u00edlia, Jamile e fam\u00edlia, a fam\u00edlia de Jos\u00e9 Agnaldo (in-memorian), a fam\u00edlia de Get\u00falio (in-memorian), a fam\u00edlia de Ant\u00f4nio (in-memorian) e Maria Concei\u00e7\u00e3o (in-memorian).<\/em><\/p>\n","protected":false},"excerpt":{"rendered":"<p>Blog do Eloilton Cajuhy A cidade de Senhor do Bonfim est\u00e1 consternada com a morte do m\u00e9dico pediatra Dr. Jo\u00e3o Soares de Ara\u00fajo, aos 66 anos, ocorrida na noite de ter\u00e7a-feira (26), em um hospital de Petrolina-PE. Al\u00e9m de servi\u00e7os prestados como pediatra, Dr. Jo\u00e3o Soares deu uma grande contribui\u00e7\u00e3o como secret\u00e1rio de Sa\u00fade do [&hellip;]<\/p>\n","protected":false},"author":2,"featured_media":78335,"comment_status":"open","ping_status":"open","sticky":false,"template":"","format":"standard","meta":{"_acf_changed":false,"_monsterinsights_skip_tracking":false,"_monsterinsights_sitenote_active":false,"_monsterinsights_sitenote_note":"","_monsterinsights_sitenote_category":0,"_jetpack_memberships_contains_paid_content":false,"footnotes":"","jetpack_publicize_message":"","jetpack_publicize_feature_enabled":true,"jetpack_social_post_already_shared":true,"jetpack_social_options":{"image_generator_settings":{"template":"highway","default_image_id":0,"font":"","enabled":false},"version":2}},"categories":[4],"tags":[],"class_list":["post-78333","post","type-post","status-publish","format-standard","has-post-thumbnail","hentry","category-local"],"acf":[],"jetpack_publicize_connections":[],"jetpack_featured_media_url":"https:\/\/i0.wp.com\/blogdoeloiltoncajuhy.com.br\/site\/wp-content\/uploads\/2023\/12\/Dr.-Joao-2.png?fit=303%2C359&ssl=1","jetpack_sharing_enabled":true,"publishpress_future_workflow_manual_trigger":{"enabledWorkflows":[]},"_links":{"self":[{"href":"https:\/\/blogdoeloiltoncajuhy.com.br\/site\/wp-json\/wp\/v2\/posts\/78333","targetHints":{"allow":["GET"]}}],"collection":[{"href":"https:\/\/blogdoeloiltoncajuhy.com.br\/site\/wp-json\/wp\/v2\/posts"}],"about":[{"href":"https:\/\/blogdoeloiltoncajuhy.com.br\/site\/wp-json\/wp\/v2\/types\/post"}],"author":[{"embeddable":true,"href":"https:\/\/blogdoeloiltoncajuhy.com.br\/site\/wp-json\/wp\/v2\/users\/2"}],"replies":[{"embeddable":true,"href":"https:\/\/blogdoeloiltoncajuhy.com.br\/site\/wp-json\/wp\/v2\/comments?post=78333"}],"version-history":[{"count":3,"href":"https:\/\/blogdoeloiltoncajuhy.com.br\/site\/wp-json\/wp\/v2\/posts\/78333\/revisions"}],"predecessor-version":[{"id":78364,"href":"https:\/\/blogdoeloiltoncajuhy.com.br\/site\/wp-json\/wp\/v2\/posts\/78333\/revisions\/78364"}],"wp:featuredmedia":[{"embeddable":true,"href":"https:\/\/blogdoeloiltoncajuhy.com.br\/site\/wp-json\/wp\/v2\/media\/78335"}],"wp:attachment":[{"href":"https:\/\/blogdoeloiltoncajuhy.com.br\/site\/wp-json\/wp\/v2\/media?parent=78333"}],"wp:term":[{"taxonomy":"category","embeddable":true,"href":"https:\/\/blogdoeloiltoncajuhy.com.br\/site\/wp-json\/wp\/v2\/categories?post=78333"},{"taxonomy":"post_tag","embeddable":true,"href":"https:\/\/blogdoeloiltoncajuhy.com.br\/site\/wp-json\/wp\/v2\/tags?post=78333"}],"curies":[{"name":"wp","href":"https:\/\/api.w.org\/{rel}","templated":true}]}}