{"id":78214,"date":"2023-12-20T21:18:29","date_gmt":"2023-12-21T00:18:29","guid":{"rendered":"https:\/\/blogdoeloiltoncajuhy.com.br\/site\/?p=78214"},"modified":"2023-12-20T21:18:31","modified_gmt":"2023-12-21T00:18:31","slug":"suspeitos-de-matar-cantora-gospel-na-ba-queriam-usar-imagem-da-vitima-para-lancar-carreira-de-um-deles-aponta-denuncia-do-mp","status":"publish","type":"post","link":"https:\/\/blogdoeloiltoncajuhy.com.br\/site\/suspeitos-de-matar-cantora-gospel-na-ba-queriam-usar-imagem-da-vitima-para-lancar-carreira-de-um-deles-aponta-denuncia-do-mp\/","title":{"rendered":"Suspeitos de matar cantora gospel na BA queriam usar imagem da v\u00edtima para lan\u00e7ar carreira de um deles, aponta den\u00fancia do MP"},"content":{"rendered":"\n<p class=\"has-medium-font-size\"><strong>Corpo de Sara Freitas foi encontrado no dia 27 de outubro, \u00e0s margens da BA-093, na altura de Dias D\u2019\u00c1vila, na Regi\u00e3o Metropolitana de Salvador.<\/strong><\/p>\n\n\n\n<p><strong>Por g1 BA<\/strong><\/p>\n\n\n\n<figure class=\"wp-block-image aligncenter size-large is-resized\"><a href=\"https:\/\/i0.wp.com\/blogdoeloiltoncajuhy.com.br\/site\/wp-content\/uploads\/2023\/10\/SSA_Sara-Mariano-e-o-marido-Ederlan-Mariano-%E2%80%94-Foto-Reproducao-Redes-Sociais.webp\"><img data-recalc-dims=\"1\" fetchpriority=\"high\" decoding=\"async\" width=\"800\" height=\"988\" src=\"https:\/\/i0.wp.com\/blogdoeloiltoncajuhy.com.br\/site\/wp-content\/uploads\/2023\/10\/SSA_Sara-Mariano-e-o-marido-Ederlan-Mariano-%E2%80%94-Foto-Reproducao-Redes-Sociais.webp?resize=800%2C988\" alt=\"\" class=\"wp-image-77282\" style=\"width:495px;height:auto\" srcset=\"https:\/\/i0.wp.com\/blogdoeloiltoncajuhy.com.br\/site\/wp-content\/uploads\/2023\/10\/SSA_Sara-Mariano-e-o-marido-Ederlan-Mariano-%E2%80%94-Foto-Reproducao-Redes-Sociais.webp?resize=829%2C1024&amp;ssl=1 829w, https:\/\/i0.wp.com\/blogdoeloiltoncajuhy.com.br\/site\/wp-content\/uploads\/2023\/10\/SSA_Sara-Mariano-e-o-marido-Ederlan-Mariano-%E2%80%94-Foto-Reproducao-Redes-Sociais.webp?resize=243%2C300&amp;ssl=1 243w, https:\/\/i0.wp.com\/blogdoeloiltoncajuhy.com.br\/site\/wp-content\/uploads\/2023\/10\/SSA_Sara-Mariano-e-o-marido-Ederlan-Mariano-%E2%80%94-Foto-Reproducao-Redes-Sociais.webp?resize=768%2C949&amp;ssl=1 768w, https:\/\/i0.wp.com\/blogdoeloiltoncajuhy.com.br\/site\/wp-content\/uploads\/2023\/10\/SSA_Sara-Mariano-e-o-marido-Ederlan-Mariano-%E2%80%94-Foto-Reproducao-Redes-Sociais.webp?w=984&amp;ssl=1 984w\" sizes=\"(max-width: 800px) 100vw, 800px\" \/><\/a><figcaption class=\"wp-element-caption\"><sub>Sara Freitas e o marido Ederlan Mariano \u2014 Foto: Reprodu\u00e7\u00e3o\/Redes-Sociais<\/sub><\/figcaption><\/figure>\n\n\n\n<p>Os quatro suspeitos de envolvimento no assassinato da cantora gospel Sara Freitas queriam usar a imagem da artista para lan\u00e7ar a carreira de Victor Gabriel, um deles. A informa\u00e7\u00e3o foi passada pelo Minist\u00e9rio P\u00fablico da Bahia (MP-BA), nesta quarta-feira (20).<\/p>\n\n\n\n<p>Os quatro foram indiciados pelos crimes de homic\u00eddio, oculta\u00e7\u00e3o de cad\u00e1ver e associa\u00e7\u00e3o criminosa. A v\u00edtima foi encontrada morta no dia 27 de outubro, \u00e0s margens da BA-093, na altura de Dias D&#8217;\u00c1vila, cidade da Regi\u00e3o Metropolitana de Salvador. Antes disso, ela ficou desaparecida por quatro dias.<\/p>\n\n\n\n<p>A fam\u00edlia da artista pediu para que a imprensa n\u00e3o chame mais a cantora de &#8220;Sara Mariano&#8221;, com a justificativa de que n\u00e3o quer mais associ\u00e1-la ao sobrenome do marido, preso suspeito de comandar o crime.<\/p>\n\n\n\n<p class=\"has-black-color has-text-color has-link-color has-medium-font-size wp-elements-2264b292c9ec45f71a5850bef77296ee\"><strong>O que diz a den\u00fancia<\/strong><\/p>\n\n\n\n<ul class=\"wp-block-list\">\n<li>O crime cometido por Bispo Zadoque, Victor Gabriel e Gide\u00e3o Duarte, a mando de Ederlan Mariano, tinha o objetivo de \u201cse apoderar da imagem p\u00fablica de Sara Mariano, fazendo uso de toda a estrutura j\u00e1 montada em torno dela, para lan\u00e7ar a carreira de Victor, com o que todos lucrariam futuramente\u201d;<\/li>\n\n\n\n<li>Com isso, a suspeita inicial de que o crime teria sido motivado por ci\u00fame.<\/li>\n<\/ul>\n\n\n\n<p><\/p>\n\n\n\n<figure class=\"wp-block-image aligncenter size-full is-resized\"><a href=\"https:\/\/i0.wp.com\/blogdoeloiltoncajuhy.com.br\/site\/wp-content\/uploads\/2023\/12\/Ederlan-Mariano-Bispo-Zadoque-Gideao-Duarte-e-Victor-Gabriel-%E2%80%94-Foto-Arte-g1-bA.webp?ssl=1\"><img data-recalc-dims=\"1\" decoding=\"async\" width=\"800\" height=\"501\" src=\"https:\/\/i0.wp.com\/blogdoeloiltoncajuhy.com.br\/site\/wp-content\/uploads\/2023\/12\/Ederlan-Mariano-Bispo-Zadoque-Gideao-Duarte-e-Victor-Gabriel-%E2%80%94-Foto-Arte-g1-bA.webp?resize=800%2C501&#038;ssl=1\" alt=\"\" class=\"wp-image-78215\" style=\"width:693px;height:auto\" srcset=\"https:\/\/i0.wp.com\/blogdoeloiltoncajuhy.com.br\/site\/wp-content\/uploads\/2023\/12\/Ederlan-Mariano-Bispo-Zadoque-Gideao-Duarte-e-Victor-Gabriel-%E2%80%94-Foto-Arte-g1-bA.webp?w=984&amp;ssl=1 984w, https:\/\/i0.wp.com\/blogdoeloiltoncajuhy.com.br\/site\/wp-content\/uploads\/2023\/12\/Ederlan-Mariano-Bispo-Zadoque-Gideao-Duarte-e-Victor-Gabriel-%E2%80%94-Foto-Arte-g1-bA.webp?resize=300%2C188&amp;ssl=1 300w, https:\/\/i0.wp.com\/blogdoeloiltoncajuhy.com.br\/site\/wp-content\/uploads\/2023\/12\/Ederlan-Mariano-Bispo-Zadoque-Gideao-Duarte-e-Victor-Gabriel-%E2%80%94-Foto-Arte-g1-bA.webp?resize=768%2C481&amp;ssl=1 768w\" sizes=\"(max-width: 800px) 100vw, 800px\" \/><\/a><figcaption class=\"wp-element-caption\"><sub>Da esquerda para a direita: Ederlan Mariano, Bispo Zadoque, Gide\u00e3o Duarte e Victor Gabriel \u2014 Foto: Arte\/g1 BA<\/sub><\/figcaption><\/figure>\n\n\n\n<p class=\"has-black-color has-text-color has-link-color has-medium-font-size wp-elements-22dec69fd94eb5f135e38a5063e2661a\"><strong>Conclus\u00e3o do inqu\u00e9rito<\/strong><\/p>\n\n\n\n<p>Nesta quarta-feira (20), a Pol\u00edcia Civil informou que a delegacia de Dias D\u2019\u00c1vila, respons\u00e1vel pela investiga\u00e7\u00f5es do caso, concluiu o inqu\u00e9rito que apurava a morte da artista. O procedimento foi encaminhado ao MP-BA, na sexta (15), e os suspeitos foram denunciados \u00e0 Justi\u00e7a na ter\u00e7a-feira (19).<\/p>\n\n\n\n<p>No dia 13 de dezembro, a Justi\u00e7a da Bahia prorrogou as pris\u00f5es tempor\u00e1rias de tr\u00eas suspeitos de envolvimento no caso. Nesta quarta, o Tribunal de Justi\u00e7a da Bahia (TJ-BA) anunciou que as pris\u00f5es de Gide\u00e3o Duarte, Victor Gabriel e Bispo Zadoque foram convertidas em preventivas.<\/p>\n","protected":false},"excerpt":{"rendered":"<p>Corpo de Sara Freitas foi encontrado no dia 27 de outubro, \u00e0s margens da BA-093, na altura de Dias D\u2019\u00c1vila, na Regi\u00e3o Metropolitana de Salvador. Por g1 BA Os quatro suspeitos de envolvimento no assassinato da cantora gospel Sara Freitas queriam usar a imagem da artista para lan\u00e7ar a carreira de Victor Gabriel, um deles. [&hellip;]<\/p>\n","protected":false},"author":2,"featured_media":77279,"comment_status":"open","ping_status":"open","sticky":false,"template":"","format":"standard","meta":{"_acf_changed":false,"_monsterinsights_skip_tracking":false,"_monsterinsights_sitenote_active":false,"_monsterinsights_sitenote_note":"","_monsterinsights_sitenote_category":0,"_jetpack_memberships_contains_paid_content":false,"footnotes":"","jetpack_publicize_message":"","jetpack_publicize_feature_enabled":true,"jetpack_social_post_already_shared":true,"jetpack_social_options":{"image_generator_settings":{"template":"highway","default_image_id":0,"font":"","enabled":false},"version":2}},"categories":[15],"tags":[],"class_list":["post-78214","post","type-post","status-publish","format-standard","has-post-thumbnail","hentry","category-policia"],"acf":[],"jetpack_publicize_connections":[],"jetpack_featured_media_url":"https:\/\/i0.wp.com\/blogdoeloiltoncajuhy.com.br\/site\/wp-content\/uploads\/2023\/10\/SSA_Cantora-gospel-desaparecida-%E2%80%94-Foto-Reproducao-Redes-Sociais.webp?fit=984%2C607&ssl=1","jetpack_sharing_enabled":true,"publishpress_future_workflow_manual_trigger":{"enabledWorkflows":[]},"_links":{"self":[{"href":"https:\/\/blogdoeloiltoncajuhy.com.br\/site\/wp-json\/wp\/v2\/posts\/78214","targetHints":{"allow":["GET"]}}],"collection":[{"href":"https:\/\/blogdoeloiltoncajuhy.com.br\/site\/wp-json\/wp\/v2\/posts"}],"about":[{"href":"https:\/\/blogdoeloiltoncajuhy.com.br\/site\/wp-json\/wp\/v2\/types\/post"}],"author":[{"embeddable":true,"href":"https:\/\/blogdoeloiltoncajuhy.com.br\/site\/wp-json\/wp\/v2\/users\/2"}],"replies":[{"embeddable":true,"href":"https:\/\/blogdoeloiltoncajuhy.com.br\/site\/wp-json\/wp\/v2\/comments?post=78214"}],"version-history":[{"count":1,"href":"https:\/\/blogdoeloiltoncajuhy.com.br\/site\/wp-json\/wp\/v2\/posts\/78214\/revisions"}],"predecessor-version":[{"id":78216,"href":"https:\/\/blogdoeloiltoncajuhy.com.br\/site\/wp-json\/wp\/v2\/posts\/78214\/revisions\/78216"}],"wp:featuredmedia":[{"embeddable":true,"href":"https:\/\/blogdoeloiltoncajuhy.com.br\/site\/wp-json\/wp\/v2\/media\/77279"}],"wp:attachment":[{"href":"https:\/\/blogdoeloiltoncajuhy.com.br\/site\/wp-json\/wp\/v2\/media?parent=78214"}],"wp:term":[{"taxonomy":"category","embeddable":true,"href":"https:\/\/blogdoeloiltoncajuhy.com.br\/site\/wp-json\/wp\/v2\/categories?post=78214"},{"taxonomy":"post_tag","embeddable":true,"href":"https:\/\/blogdoeloiltoncajuhy.com.br\/site\/wp-json\/wp\/v2\/tags?post=78214"}],"curies":[{"name":"wp","href":"https:\/\/api.w.org\/{rel}","templated":true}]}}