{"id":78211,"date":"2023-12-20T19:56:07","date_gmt":"2023-12-20T22:56:07","guid":{"rendered":"https:\/\/blogdoeloiltoncajuhy.com.br\/site\/?p=78211"},"modified":"2023-12-20T19:56:09","modified_gmt":"2023-12-20T22:56:09","slug":"bahia-vai-fazer-pre-temporada-em-manchester-na-inglaterra","status":"publish","type":"post","link":"https:\/\/blogdoeloiltoncajuhy.com.br\/site\/bahia-vai-fazer-pre-temporada-em-manchester-na-inglaterra\/","title":{"rendered":"Bahia vai fazer pr\u00e9-temporada em Manchester, na Inglaterra"},"content":{"rendered":"\n<p class=\"has-text-align-center has-medium-font-size\"><strong>Viagem est\u00e1 marcada para o dia 9 de janeiro.<\/strong><\/p>\n\n\n\n<p><strong>Por Gabrielle Gomes e Rafael Teles\/ge<\/strong> \u2014 Salvador<\/p>\n\n\n\n<figure class=\"wp-block-image aligncenter size-full is-resized\"><a href=\"https:\/\/i0.wp.com\/blogdoeloiltoncajuhy.com.br\/site\/wp-content\/uploads\/2023\/12\/Rogerio-Ceni-vai-fazer-pre-temporada-com-o-Bahia-em-Manchester-%E2%80%94-Foto-Leticia-Martins-EC-Bahia.webp?ssl=1\"><img data-recalc-dims=\"1\" fetchpriority=\"high\" decoding=\"async\" width=\"800\" height=\"533\" src=\"https:\/\/i0.wp.com\/blogdoeloiltoncajuhy.com.br\/site\/wp-content\/uploads\/2023\/12\/Rogerio-Ceni-vai-fazer-pre-temporada-com-o-Bahia-em-Manchester-%E2%80%94-Foto-Leticia-Martins-EC-Bahia.webp?resize=800%2C533&#038;ssl=1\" alt=\"\" class=\"wp-image-78212\" style=\"width:684px;height:auto\" srcset=\"https:\/\/i0.wp.com\/blogdoeloiltoncajuhy.com.br\/site\/wp-content\/uploads\/2023\/12\/Rogerio-Ceni-vai-fazer-pre-temporada-com-o-Bahia-em-Manchester-%E2%80%94-Foto-Leticia-Martins-EC-Bahia.webp?w=984&amp;ssl=1 984w, https:\/\/i0.wp.com\/blogdoeloiltoncajuhy.com.br\/site\/wp-content\/uploads\/2023\/12\/Rogerio-Ceni-vai-fazer-pre-temporada-com-o-Bahia-em-Manchester-%E2%80%94-Foto-Leticia-Martins-EC-Bahia.webp?resize=300%2C200&amp;ssl=1 300w, https:\/\/i0.wp.com\/blogdoeloiltoncajuhy.com.br\/site\/wp-content\/uploads\/2023\/12\/Rogerio-Ceni-vai-fazer-pre-temporada-com-o-Bahia-em-Manchester-%E2%80%94-Foto-Leticia-Martins-EC-Bahia.webp?resize=768%2C512&amp;ssl=1 768w\" sizes=\"(max-width: 800px) 100vw, 800px\" \/><\/a><figcaption class=\"wp-element-caption\"><sub>Rog\u00e9rio Ceni vai fazer pr\u00e9-temporada com o Bahia em Manchester \u2014 Foto: Let\u00edcia Martins\/EC Bahia<\/sub><\/figcaption><\/figure>\n\n\n\n<p>O Bahia vai fazer a pr\u00e9-temporada em Manchester, na Inglaterra, mais precisamente nas instala\u00e7\u00f5es do Manchester City, clube que tamb\u00e9m \u00e9 gerido pelo City Football Group. O conglomerado \u00e9 dono de 90% da SAF do Tricolor e toma conta do futebol do clube desde o in\u00edcio de 2023. A informa\u00e7\u00e3o foi divulgada inicialmente pelo <strong>Correio<\/strong> e confirmada pelo <strong>ge<\/strong> nesta quarta-feira (20).<\/p>\n\n\n\n<p>O ge apurou que jogadores e membros do staff do Bahia j\u00e1 foram avisados da decis\u00e3o. Alguns est\u00e3o providenciando, inclusive, os \u00faltimos documentos para a viagem.<\/p>\n\n\n\n<p>A programa\u00e7\u00e3o do Bahia tem reapresenta\u00e7\u00e3o marcada para o dia 6 de janeiro e viagem para Inglaterra no dia 9. A delega\u00e7\u00e3o fica em Manchester at\u00e9 o dia 21 do mesmo m\u00eas. Ser\u00e3o onze dias de trabalho em solo europeu.<\/p>\n\n\n\n<p class=\"has-black-color has-text-color has-link-color has-medium-font-size wp-elements-7da6e7f08865b08da1f0ac12a89b0fbe\"><strong>Programa\u00e7\u00e3o da pr\u00e9-temporada:<\/strong><\/p>\n\n\n\n<ul class=\"wp-block-list\">\n<li>Reapresenta\u00e7\u00e3o: 6 de janeiro<\/li>\n\n\n\n<li>Viagem para Manchester: 9 de janeiro<\/li>\n\n\n\n<li>Retorno para Salvador: 21 de janeiro<\/li>\n<\/ul>\n\n\n\n<p><\/p>\n\n\n\n<p>Com a pr\u00e9-temporada na Inglaterra, o time principal do Bahia vai perder as duas primeiras rodadas do Campeonato Baiano. O Tricolor vai entrar em campo com a equipe sub-20, treinada por Rog\u00e9rio Ferreira, nas partidas contra Jequi\u00e9 (17 de janeiro) e Atl\u00e9tico de Alagoinhas (21 de janeiro).<\/p>\n\n\n\n<p>A estreia do time principal deve acontecer apenas na terceira rodada, dia 24 de janeiro, quando o Tricolor enfrenta o Jacobina. A partida ainda n\u00e3o tem est\u00e1dio definido.<\/p>\n\n\n\n<p>A ideia de usar o time sub-20 nas primeiras rodadas do Campeonato Baiano j\u00e1 tinha sido antecipada por Rog\u00e9rio Ceni ap\u00f3s a confirma\u00e7\u00e3o da vaga na S\u00e9rie A do Brasileiro em 2024.<\/p>\n\n\n\n<p>&#8211; Vamos ter tempo para fazer uma pr\u00e9-temporada, gastar um ou dois jogos do Baiano com um time sub-20 se for necess\u00e1rio &#8211; disse Ceni em entrevista coletiva ap\u00f3s Bahia 4 x 1 Atl\u00e9tico-MG.<\/p>\n\n\n\n<p>Rog\u00e9rio Ceni, inclusive, est\u00e1 na Europa e tem conhecido as instala\u00e7\u00f5es do CFG durante um per\u00edodo de imers\u00e3o ao conglomerado. O treinador j\u00e1 passou por Inglaterra, onde acompanhou treinos do Manchester City, e Espanha, onde assistiu trabalhos do Girona, l\u00edder e sensa\u00e7\u00e3o do Campeonato Espanhol.<\/p>\n","protected":false},"excerpt":{"rendered":"<p>Viagem est\u00e1 marcada para o dia 9 de janeiro. Por Gabrielle Gomes e Rafael Teles\/ge \u2014 Salvador O Bahia vai fazer a pr\u00e9-temporada em Manchester, na Inglaterra, mais precisamente nas instala\u00e7\u00f5es do Manchester City, clube que tamb\u00e9m \u00e9 gerido pelo City Football Group. O conglomerado \u00e9 dono de 90% da SAF do Tricolor e toma [&hellip;]<\/p>\n","protected":false},"author":2,"featured_media":78212,"comment_status":"open","ping_status":"open","sticky":false,"template":"","format":"standard","meta":{"_acf_changed":false,"_monsterinsights_skip_tracking":false,"_monsterinsights_sitenote_active":false,"_monsterinsights_sitenote_note":"","_monsterinsights_sitenote_category":0,"_jetpack_memberships_contains_paid_content":false,"footnotes":"","jetpack_publicize_message":"","jetpack_publicize_feature_enabled":true,"jetpack_social_post_already_shared":true,"jetpack_social_options":{"image_generator_settings":{"template":"highway","default_image_id":0,"font":"","enabled":false},"version":2}},"categories":[6],"tags":[],"class_list":["post-78211","post","type-post","status-publish","format-standard","has-post-thumbnail","hentry","category-esportes"],"acf":[],"jetpack_publicize_connections":[],"jetpack_featured_media_url":"https:\/\/i0.wp.com\/blogdoeloiltoncajuhy.com.br\/site\/wp-content\/uploads\/2023\/12\/Rogerio-Ceni-vai-fazer-pre-temporada-com-o-Bahia-em-Manchester-%E2%80%94-Foto-Leticia-Martins-EC-Bahia.webp?fit=984%2C656&ssl=1","jetpack_sharing_enabled":true,"publishpress_future_workflow_manual_trigger":{"enabledWorkflows":[]},"_links":{"self":[{"href":"https:\/\/blogdoeloiltoncajuhy.com.br\/site\/wp-json\/wp\/v2\/posts\/78211","targetHints":{"allow":["GET"]}}],"collection":[{"href":"https:\/\/blogdoeloiltoncajuhy.com.br\/site\/wp-json\/wp\/v2\/posts"}],"about":[{"href":"https:\/\/blogdoeloiltoncajuhy.com.br\/site\/wp-json\/wp\/v2\/types\/post"}],"author":[{"embeddable":true,"href":"https:\/\/blogdoeloiltoncajuhy.com.br\/site\/wp-json\/wp\/v2\/users\/2"}],"replies":[{"embeddable":true,"href":"https:\/\/blogdoeloiltoncajuhy.com.br\/site\/wp-json\/wp\/v2\/comments?post=78211"}],"version-history":[{"count":1,"href":"https:\/\/blogdoeloiltoncajuhy.com.br\/site\/wp-json\/wp\/v2\/posts\/78211\/revisions"}],"predecessor-version":[{"id":78213,"href":"https:\/\/blogdoeloiltoncajuhy.com.br\/site\/wp-json\/wp\/v2\/posts\/78211\/revisions\/78213"}],"wp:featuredmedia":[{"embeddable":true,"href":"https:\/\/blogdoeloiltoncajuhy.com.br\/site\/wp-json\/wp\/v2\/media\/78212"}],"wp:attachment":[{"href":"https:\/\/blogdoeloiltoncajuhy.com.br\/site\/wp-json\/wp\/v2\/media?parent=78211"}],"wp:term":[{"taxonomy":"category","embeddable":true,"href":"https:\/\/blogdoeloiltoncajuhy.com.br\/site\/wp-json\/wp\/v2\/categories?post=78211"},{"taxonomy":"post_tag","embeddable":true,"href":"https:\/\/blogdoeloiltoncajuhy.com.br\/site\/wp-json\/wp\/v2\/tags?post=78211"}],"curies":[{"name":"wp","href":"https:\/\/api.w.org\/{rel}","templated":true}]}}