{"id":78182,"date":"2023-12-19T19:24:14","date_gmt":"2023-12-19T22:24:14","guid":{"rendered":"https:\/\/blogdoeloiltoncajuhy.com.br\/site\/?p=78182"},"modified":"2023-12-19T19:24:17","modified_gmt":"2023-12-19T22:24:17","slug":"assistente-social-de-senhor-do-bonfim-esta-entre-os-brasileiros-do-ano-da-revista-isto-e","status":"publish","type":"post","link":"https:\/\/blogdoeloiltoncajuhy.com.br\/site\/assistente-social-de-senhor-do-bonfim-esta-entre-os-brasileiros-do-ano-da-revista-isto-e\/","title":{"rendered":"Assistente Social de Senhor do Bonfim est\u00e1 entre &#8216;Os Brasileiros do Ano&#8217; da revista Isto \u00c9"},"content":{"rendered":"\n<p><strong>Blog do Eloilton Cajuhy<\/strong><\/p>\n\n\n\n<figure class=\"wp-block-image aligncenter size-full is-resized\"><a href=\"https:\/\/i0.wp.com\/blogdoeloiltoncajuhy.com.br\/site\/wp-content\/uploads\/2023\/12\/Gabi_capa.png?ssl=1\"><img data-recalc-dims=\"1\" fetchpriority=\"high\" decoding=\"async\" width=\"710\" height=\"881\" src=\"https:\/\/i0.wp.com\/blogdoeloiltoncajuhy.com.br\/site\/wp-content\/uploads\/2023\/12\/Gabi_capa.png?resize=710%2C881&#038;ssl=1\" alt=\"\" class=\"wp-image-78183\" style=\"width:555px;height:auto\" srcset=\"https:\/\/i0.wp.com\/blogdoeloiltoncajuhy.com.br\/site\/wp-content\/uploads\/2023\/12\/Gabi_capa.png?w=710&amp;ssl=1 710w, https:\/\/i0.wp.com\/blogdoeloiltoncajuhy.com.br\/site\/wp-content\/uploads\/2023\/12\/Gabi_capa.png?resize=242%2C300&amp;ssl=1 242w\" sizes=\"(max-width: 710px) 100vw, 710px\" \/><\/a><figcaption class=\"wp-element-caption\"><sub>Capa Isto \u00c9<\/sub><\/figcaption><\/figure>\n\n\n\n<p>Um fato para orgulhar a cidade de Senhor do Bonfim. A Assistente Social Gabriela Carvalho est\u00e1 entre &#8220;Os Brasileiros do Ano&#8221;, sele\u00e7\u00e3o realizada pela Revista Isto \u00c9, com personalidades de todo o pa\u00eds que se destacam em suas respectivas \u00e1reas de atua\u00e7\u00e3o.<\/p>\n\n\n\n<p>Entre os homenageados deste ano pela revista, est\u00e3o o Presidente do STF, Luiz Roberto Barroso, o Ministro da Justi\u00e7a e Seguran\u00e7a P\u00fablica, Fl\u00e1vio Dino, a atriz Tat\u00e1 Werneck e o apresentador Marcos Mion, dentre tantos outros.<\/p>\n\n\n\n<p>Gabriela atuou na Secretaria de Assist\u00eancia Social do munic\u00edpio de Senhor do Bonfim durante a \u00faltima gest\u00e3o do ex-prefeito Carlos Brasileiro. Criadora da Empresa Ideia Social, ela tem desenvolvido um papel de destaque na \u00e1rea social, dando suporte a v\u00e1rios munic\u00edpios baianos.<\/p>\n\n\n\n<figure class=\"wp-block-image aligncenter size-full is-resized\"><a href=\"https:\/\/i0.wp.com\/blogdoeloiltoncajuhy.com.br\/site\/wp-content\/uploads\/2023\/12\/Gabi_01.png?ssl=1\"><img data-recalc-dims=\"1\" decoding=\"async\" width=\"671\" height=\"836\" src=\"https:\/\/i0.wp.com\/blogdoeloiltoncajuhy.com.br\/site\/wp-content\/uploads\/2023\/12\/Gabi_01.png?resize=671%2C836&#038;ssl=1\" alt=\"\" class=\"wp-image-78184\" style=\"width:514px;height:auto\" srcset=\"https:\/\/i0.wp.com\/blogdoeloiltoncajuhy.com.br\/site\/wp-content\/uploads\/2023\/12\/Gabi_01.png?w=671&amp;ssl=1 671w, https:\/\/i0.wp.com\/blogdoeloiltoncajuhy.com.br\/site\/wp-content\/uploads\/2023\/12\/Gabi_01.png?resize=241%2C300&amp;ssl=1 241w\" sizes=\"(max-width: 671px) 100vw, 671px\" \/><\/a><figcaption class=\"wp-element-caption\"><sub>Gabriela Carvalho \u00e9 destaque em premia\u00e7\u00e3o da Revista Isto \u00c9<\/sub><\/figcaption><\/figure>\n\n\n\n<p class=\"has-black-color has-text-color has-link-color wp-elements-4802d3238e838dae7865f69df0ca9514\"><strong>Em suas redes sociais Gabriela Carvalho comemorou a conquista:<\/strong><\/p>\n\n\n\n<p class=\"has-medium-font-size\"><strong><em><mark style=\"background-color:rgba(0, 0, 0, 0)\" class=\"has-inline-color has-black-color\">&#8220;Na caminhada da vida\u2026 Sempre h\u00e1 muitos desafios, surpresas, tristezas e alegrias. A vida \u00e9 feita assim\u2026 \u00c0s vezes nos deparamos com situa\u00e7\u00f5es que nos afligem, nos fazem sentir e at\u00e9 mesmo chorar\u2026 Mas saiba por certo que, a cada momento da vida, cada l\u00e1grima ca\u00edda, cada sorriso dado, estar\u00e1 tudo anotado no di\u00e1rio de Deus\u2026 E pode ter certeza que em nenhum segundo Ele esqueceu de anotar. Anotou suas lutas, seus choros, mas, com um detalhe: Ele n\u00e3o esqueceu de anotar o dia de sua vit\u00f3ria! Ent\u00e3o deixe eu lhe dizer: n\u00e3o desista de seus projetos e sonhos, porque mesmo antes de eles serem projetados por voc\u00ea, j\u00e1 foram projetados e anotados por Deus! Chegou a hora da colheita!&#8221;<\/mark><\/em><\/strong><\/p>\n\n\n\n<figure class=\"wp-block-image aligncenter size-full is-resized\"><a href=\"https:\/\/i0.wp.com\/blogdoeloiltoncajuhy.com.br\/site\/wp-content\/uploads\/2023\/12\/Gabi_02.png?ssl=1\"><img data-recalc-dims=\"1\" decoding=\"async\" width=\"706\" height=\"887\" src=\"https:\/\/i0.wp.com\/blogdoeloiltoncajuhy.com.br\/site\/wp-content\/uploads\/2023\/12\/Gabi_02.png?resize=706%2C887&#038;ssl=1\" alt=\"\" class=\"wp-image-78185\" style=\"width:585px;height:auto\" srcset=\"https:\/\/i0.wp.com\/blogdoeloiltoncajuhy.com.br\/site\/wp-content\/uploads\/2023\/12\/Gabi_02.png?w=706&amp;ssl=1 706w, https:\/\/i0.wp.com\/blogdoeloiltoncajuhy.com.br\/site\/wp-content\/uploads\/2023\/12\/Gabi_02.png?resize=239%2C300&amp;ssl=1 239w\" sizes=\"(max-width: 706px) 100vw, 706px\" \/><\/a><figcaption class=\"wp-element-caption\"><sub>Gabriela Carvalho \u00e9 destaque em premia\u00e7\u00e3o da Revista Isto \u00c9<\/sub><\/figcaption><\/figure>\n","protected":false},"excerpt":{"rendered":"<p>Blog do Eloilton Cajuhy Um fato para orgulhar a cidade de Senhor do Bonfim. A Assistente Social Gabriela Carvalho est\u00e1 entre &#8220;Os Brasileiros do Ano&#8221;, sele\u00e7\u00e3o realizada pela Revista Isto \u00c9, com personalidades de todo o pa\u00eds que se destacam em suas respectivas \u00e1reas de atua\u00e7\u00e3o. Entre os homenageados deste ano pela revista, est\u00e3o o [&hellip;]<\/p>\n","protected":false},"author":2,"featured_media":78186,"comment_status":"open","ping_status":"open","sticky":false,"template":"","format":"standard","meta":{"_acf_changed":false,"_monsterinsights_skip_tracking":false,"_monsterinsights_sitenote_active":false,"_monsterinsights_sitenote_note":"","_monsterinsights_sitenote_category":0,"_jetpack_memberships_contains_paid_content":false,"footnotes":"","jetpack_publicize_message":"","jetpack_publicize_feature_enabled":true,"jetpack_social_post_already_shared":true,"jetpack_social_options":{"image_generator_settings":{"template":"highway","default_image_id":0,"font":"","enabled":false},"version":2}},"categories":[4],"tags":[],"class_list":["post-78182","post","type-post","status-publish","format-standard","has-post-thumbnail","hentry","category-local"],"acf":[],"jetpack_publicize_connections":[],"jetpack_featured_media_url":"https:\/\/i0.wp.com\/blogdoeloiltoncajuhy.com.br\/site\/wp-content\/uploads\/2023\/12\/Gabi_Insta.png?fit=829%2C555&ssl=1","jetpack_sharing_enabled":true,"publishpress_future_workflow_manual_trigger":{"enabledWorkflows":[]},"_links":{"self":[{"href":"https:\/\/blogdoeloiltoncajuhy.com.br\/site\/wp-json\/wp\/v2\/posts\/78182","targetHints":{"allow":["GET"]}}],"collection":[{"href":"https:\/\/blogdoeloiltoncajuhy.com.br\/site\/wp-json\/wp\/v2\/posts"}],"about":[{"href":"https:\/\/blogdoeloiltoncajuhy.com.br\/site\/wp-json\/wp\/v2\/types\/post"}],"author":[{"embeddable":true,"href":"https:\/\/blogdoeloiltoncajuhy.com.br\/site\/wp-json\/wp\/v2\/users\/2"}],"replies":[{"embeddable":true,"href":"https:\/\/blogdoeloiltoncajuhy.com.br\/site\/wp-json\/wp\/v2\/comments?post=78182"}],"version-history":[{"count":1,"href":"https:\/\/blogdoeloiltoncajuhy.com.br\/site\/wp-json\/wp\/v2\/posts\/78182\/revisions"}],"predecessor-version":[{"id":78187,"href":"https:\/\/blogdoeloiltoncajuhy.com.br\/site\/wp-json\/wp\/v2\/posts\/78182\/revisions\/78187"}],"wp:featuredmedia":[{"embeddable":true,"href":"https:\/\/blogdoeloiltoncajuhy.com.br\/site\/wp-json\/wp\/v2\/media\/78186"}],"wp:attachment":[{"href":"https:\/\/blogdoeloiltoncajuhy.com.br\/site\/wp-json\/wp\/v2\/media?parent=78182"}],"wp:term":[{"taxonomy":"category","embeddable":true,"href":"https:\/\/blogdoeloiltoncajuhy.com.br\/site\/wp-json\/wp\/v2\/categories?post=78182"},{"taxonomy":"post_tag","embeddable":true,"href":"https:\/\/blogdoeloiltoncajuhy.com.br\/site\/wp-json\/wp\/v2\/tags?post=78182"}],"curies":[{"name":"wp","href":"https:\/\/api.w.org\/{rel}","templated":true}]}}