{"id":78176,"date":"2023-12-19T13:52:25","date_gmt":"2023-12-19T16:52:25","guid":{"rendered":"https:\/\/blogdoeloiltoncajuhy.com.br\/site\/?p=78176"},"modified":"2023-12-19T13:52:27","modified_gmt":"2023-12-19T16:52:27","slug":"suicidio-exame-de-sangue-e-a-nova-promessa-da-ciencia-para-identificar-risco-em-depressivos","status":"publish","type":"post","link":"https:\/\/blogdoeloiltoncajuhy.com.br\/site\/suicidio-exame-de-sangue-e-a-nova-promessa-da-ciencia-para-identificar-risco-em-depressivos\/","title":{"rendered":"Suic\u00eddio: exame de sangue \u00e9 a nova promessa da ci\u00eancia para identificar risco em depressivos"},"content":{"rendered":"\n<p><strong>O Sul<\/strong><\/p>\n\n\n\n<figure class=\"wp-block-image aligncenter size-full\"><a href=\"https:\/\/i0.wp.com\/blogdoeloiltoncajuhy.com.br\/site\/wp-content\/uploads\/2023\/12\/Exame-de-sangue_reproducao.jpg?ssl=1\"><img data-recalc-dims=\"1\" fetchpriority=\"high\" decoding=\"async\" width=\"690\" height=\"450\" src=\"https:\/\/i0.wp.com\/blogdoeloiltoncajuhy.com.br\/site\/wp-content\/uploads\/2023\/12\/Exame-de-sangue_reproducao.jpg?resize=690%2C450&#038;ssl=1\" alt=\"\" class=\"wp-image-78177\" srcset=\"https:\/\/i0.wp.com\/blogdoeloiltoncajuhy.com.br\/site\/wp-content\/uploads\/2023\/12\/Exame-de-sangue_reproducao.jpg?w=690&amp;ssl=1 690w, https:\/\/i0.wp.com\/blogdoeloiltoncajuhy.com.br\/site\/wp-content\/uploads\/2023\/12\/Exame-de-sangue_reproducao.jpg?resize=300%2C196&amp;ssl=1 300w\" sizes=\"(max-width: 690px) 100vw, 690px\" \/><\/a><figcaption class=\"wp-element-caption\"><sub>Reprodu\u00e7\u00e3o<\/sub><\/figcaption><\/figure>\n\n\n\n<p>Cientistas trabalham em um exame de sangue com potencial de identificar os sinais de tend\u00eancias suicidas em indiv\u00edduos com depress\u00e3o severa. O teste poderia abrir uma nova era para o tratamento de transtornos mentais, possibilitando a interven\u00e7\u00e3o precoce em casos de risco acentuado.<\/p>\n\n\n\n<p>A depress\u00e3o costuma ser analisada por suas manifesta\u00e7\u00f5es comportamentais. No novo estudo, no entanto, os pesquisadores da Universidade da Calif\u00f3rnia em San Diego, buscam detectar sinais f\u00edsicos do transtorno, especificamente no metabolismo celular.<\/p>\n\n\n\n<p>Os autores focaram a pesquisa nas mitoc\u00f4ndrias, as \u201cusinas de energia\u201d das c\u00e9lulas. Quando a depress\u00e3o se instala, essas organelas deixam de funcionar adequadamente, influenciando uma s\u00e9rie de processos do organismo.<\/p>\n\n\n\n<p>O estudo analisou amostras de sangue de 99 indiv\u00edduos com depress\u00e3o resistente a tratamento (DRT) ou depress\u00e3o refrat\u00e1ria, uma forma mais severa do transtorno. Os pesquisadores encontraram cinco subst\u00e2ncias em circula\u00e7\u00e3o no organismo dessas pessoas, que sinalizam mudan\u00e7as metab\u00f3licas em pessoas com esse quadro que experimentam idea\u00e7\u00e3o suicida.<\/p>\n\n\n\n<p>\u201cSe pegarmos cem pessoas que n\u00e3o t\u00eam depress\u00e3o ou t\u00eam depress\u00e3o e idea\u00e7\u00e3o suicida, conseguir\u00edamos identificar corretamente entre 85 e 90 delas com alto risco baseado em cinco metab\u00f3litos em homens e outros cinco em mulheres\u201d, afirma o coautor do estudo Robert Naviaux, em comunicado. \u201cIsso \u00e9 importante em termos de diagn\u00f3stico, mas tamb\u00e9m amplia o debate cient\u00edfico sobre o que est\u00e1 de fato levando a essas mudan\u00e7as metab\u00f3licas\u201d.<\/p>\n\n\n\n<p>Caso o exame de sangue espec\u00edfico para depress\u00e3o vire realidade, poderia ajudar n\u00e3o s\u00f3 no diagn\u00f3stico como no tratamento desses quadros, com suplementa\u00e7\u00e3o para compensar defici\u00eancias metab\u00f3licas. De acordo com Naviaux, n\u00e3o existe solu\u00e7\u00e3o m\u00e1gica, mas normalizar n\u00edveis de folato ou carnitina seria um caminho para ajustar o metabolismo.<\/p>\n\n\n\n<p>\u201cSe conseguirmos encontrar caminhos para tratar a depress\u00e3o e a idea\u00e7\u00e3o suicida no n\u00edvel metab\u00f3lico, poder\u00edamos controlar os sintomas de muitas doen\u00e7as que levam \u00e0 depress\u00e3o. Muitas doen\u00e7as cr\u00f4nicas, como o estresse p\u00f3s traum\u00e1tico ou a s\u00edndrome da fadiga cr\u00f4nica, n\u00e3o s\u00e3o letais em si, exceto se levaram a pensamentos e atitudes suicidas. Se a ci\u00eancia metab\u00f3lica puder ser usada para identificar as pessoas com risco aumentado, poder\u00edamos salvar mais vidas\u201d, defende Naviaux.<\/p>\n","protected":false},"excerpt":{"rendered":"<p>O Sul Cientistas trabalham em um exame de sangue com potencial de identificar os sinais de tend\u00eancias suicidas em indiv\u00edduos com depress\u00e3o severa. O teste poderia abrir uma nova era para o tratamento de transtornos mentais, possibilitando a interven\u00e7\u00e3o precoce em casos de risco acentuado. A depress\u00e3o costuma ser analisada por suas manifesta\u00e7\u00f5es comportamentais. No [&hellip;]<\/p>\n","protected":false},"author":2,"featured_media":78177,"comment_status":"open","ping_status":"open","sticky":false,"template":"","format":"standard","meta":{"_acf_changed":false,"_monsterinsights_skip_tracking":false,"_monsterinsights_sitenote_active":false,"_monsterinsights_sitenote_note":"","_monsterinsights_sitenote_category":0,"_jetpack_memberships_contains_paid_content":false,"footnotes":"","jetpack_publicize_message":"","jetpack_publicize_feature_enabled":true,"jetpack_social_post_already_shared":true,"jetpack_social_options":{"image_generator_settings":{"template":"highway","default_image_id":0,"font":"","enabled":false},"version":2}},"categories":[7],"tags":[],"class_list":["post-78176","post","type-post","status-publish","format-standard","has-post-thumbnail","hentry","category-saude"],"acf":[],"jetpack_publicize_connections":[],"jetpack_featured_media_url":"https:\/\/i0.wp.com\/blogdoeloiltoncajuhy.com.br\/site\/wp-content\/uploads\/2023\/12\/Exame-de-sangue_reproducao.jpg?fit=690%2C450&ssl=1","jetpack_sharing_enabled":true,"publishpress_future_workflow_manual_trigger":{"enabledWorkflows":[]},"_links":{"self":[{"href":"https:\/\/blogdoeloiltoncajuhy.com.br\/site\/wp-json\/wp\/v2\/posts\/78176","targetHints":{"allow":["GET"]}}],"collection":[{"href":"https:\/\/blogdoeloiltoncajuhy.com.br\/site\/wp-json\/wp\/v2\/posts"}],"about":[{"href":"https:\/\/blogdoeloiltoncajuhy.com.br\/site\/wp-json\/wp\/v2\/types\/post"}],"author":[{"embeddable":true,"href":"https:\/\/blogdoeloiltoncajuhy.com.br\/site\/wp-json\/wp\/v2\/users\/2"}],"replies":[{"embeddable":true,"href":"https:\/\/blogdoeloiltoncajuhy.com.br\/site\/wp-json\/wp\/v2\/comments?post=78176"}],"version-history":[{"count":1,"href":"https:\/\/blogdoeloiltoncajuhy.com.br\/site\/wp-json\/wp\/v2\/posts\/78176\/revisions"}],"predecessor-version":[{"id":78178,"href":"https:\/\/blogdoeloiltoncajuhy.com.br\/site\/wp-json\/wp\/v2\/posts\/78176\/revisions\/78178"}],"wp:featuredmedia":[{"embeddable":true,"href":"https:\/\/blogdoeloiltoncajuhy.com.br\/site\/wp-json\/wp\/v2\/media\/78177"}],"wp:attachment":[{"href":"https:\/\/blogdoeloiltoncajuhy.com.br\/site\/wp-json\/wp\/v2\/media?parent=78176"}],"wp:term":[{"taxonomy":"category","embeddable":true,"href":"https:\/\/blogdoeloiltoncajuhy.com.br\/site\/wp-json\/wp\/v2\/categories?post=78176"},{"taxonomy":"post_tag","embeddable":true,"href":"https:\/\/blogdoeloiltoncajuhy.com.br\/site\/wp-json\/wp\/v2\/tags?post=78176"}],"curies":[{"name":"wp","href":"https:\/\/api.w.org\/{rel}","templated":true}]}}