{"id":78171,"date":"2023-12-18T22:00:05","date_gmt":"2023-12-19T01:00:05","guid":{"rendered":"https:\/\/blogdoeloiltoncajuhy.com.br\/site\/?p=78171"},"modified":"2023-12-18T22:00:08","modified_gmt":"2023-12-19T01:00:08","slug":"sargento-e-a-primeira-mulher-da-pm-a-assumir-uma-cadeira-na-academia-de-letras-de-senhor-do-bonfim","status":"publish","type":"post","link":"https:\/\/blogdoeloiltoncajuhy.com.br\/site\/sargento-e-a-primeira-mulher-da-pm-a-assumir-uma-cadeira-na-academia-de-letras-de-senhor-do-bonfim\/","title":{"rendered":"Sargento \u00e9 a primeira mulher da PM a assumir uma cadeira na Academia de Letras de Senhor do Bonfim"},"content":{"rendered":"\n<p><strong>Blog do Eloilton Cajuhy<\/strong><\/p>\n\n\n\n<figure class=\"wp-block-image aligncenter size-full is-resized\"><a href=\"https:\/\/i0.wp.com\/blogdoeloiltoncajuhy.com.br\/site\/wp-content\/uploads\/2023\/12\/PM-feminina-Aclasb_Divulgacao.jpeg?ssl=1\"><img data-recalc-dims=\"1\" fetchpriority=\"high\" decoding=\"async\" width=\"800\" height=\"577\" src=\"https:\/\/i0.wp.com\/blogdoeloiltoncajuhy.com.br\/site\/wp-content\/uploads\/2023\/12\/PM-feminina-Aclasb_Divulgacao.jpeg?resize=800%2C577&#038;ssl=1\" alt=\"\" class=\"wp-image-78172\" style=\"width:668px;height:auto\" srcset=\"https:\/\/i0.wp.com\/blogdoeloiltoncajuhy.com.br\/site\/wp-content\/uploads\/2023\/12\/PM-feminina-Aclasb_Divulgacao.jpeg?w=984&amp;ssl=1 984w, https:\/\/i0.wp.com\/blogdoeloiltoncajuhy.com.br\/site\/wp-content\/uploads\/2023\/12\/PM-feminina-Aclasb_Divulgacao.jpeg?resize=300%2C216&amp;ssl=1 300w, https:\/\/i0.wp.com\/blogdoeloiltoncajuhy.com.br\/site\/wp-content\/uploads\/2023\/12\/PM-feminina-Aclasb_Divulgacao.jpeg?resize=768%2C554&amp;ssl=1 768w\" sizes=\"(max-width: 800px) 100vw, 800px\" \/><\/a><figcaption class=\"wp-element-caption\"><sub>Foto: Divulga\u00e7\u00e3o\/PM<\/sub><\/figcaption><\/figure>\n\n\n\n<p>A Academia de Letras e Artes de Senhor do Bonfim (Aclasb) empossou novos membros em solenidade ocorrida no \u00faltimo s\u00e1bado (16), na C\u00e2mara Municipal. Entre os novos empossados, a Sargento da Pol\u00edcia Militar da Bahia, lotada no 6\u00ba Batalh\u00e3o, Ana Cristina Dantas Nascimento.<\/p>\n\n\n\n<p>A SGTPM Cristina tem 25 anos de efetivo servi\u00e7o na PM, todos exercidos no 6\u00b0 BPM, dos quais 20 anos dedicados ao Programa Educacional de Resist\u00eancia \u00e0s Drogas e \u00e0 Viol\u00eancia (Proerd). Amante da literatura, tem firmado-se como uma talentosa poetisa bonfinense.<\/p>\n\n\n\n<p>Seu nome foi indicado pela acad\u00eamica e confreira Dr\u00aa Eur\u00eddice Carvalho Melo Pita, sendo aprovada por todos os membros da diretoria da Aclasb. Ela \u00e9 a primeira mulher policial militar a compor uma cadeira na Academia de Letras e Artes de Senhor do Bonfim.<\/p>\n\n\n\n<figure class=\"wp-block-image aligncenter size-full is-resized\"><a href=\"https:\/\/i0.wp.com\/blogdoeloiltoncajuhy.com.br\/site\/wp-content\/uploads\/2023\/12\/PM-feminina-Aclasb-02_Divulgacao.jpeg?ssl=1\"><img data-recalc-dims=\"1\" decoding=\"async\" width=\"637\" height=\"700\" src=\"https:\/\/i0.wp.com\/blogdoeloiltoncajuhy.com.br\/site\/wp-content\/uploads\/2023\/12\/PM-feminina-Aclasb-02_Divulgacao.jpeg?resize=637%2C700&#038;ssl=1\" alt=\"\" class=\"wp-image-78173\" style=\"width:546px;height:auto\" srcset=\"https:\/\/i0.wp.com\/blogdoeloiltoncajuhy.com.br\/site\/wp-content\/uploads\/2023\/12\/PM-feminina-Aclasb-02_Divulgacao.jpeg?w=637&amp;ssl=1 637w, https:\/\/i0.wp.com\/blogdoeloiltoncajuhy.com.br\/site\/wp-content\/uploads\/2023\/12\/PM-feminina-Aclasb-02_Divulgacao.jpeg?resize=273%2C300&amp;ssl=1 273w\" sizes=\"(max-width: 637px) 100vw, 637px\" \/><\/a><figcaption class=\"wp-element-caption\"><sub>Foto: Divulga\u00e7\u00e3o\/PM<\/sub><\/figcaption><\/figure>\n","protected":false},"excerpt":{"rendered":"<p>Blog do Eloilton Cajuhy A Academia de Letras e Artes de Senhor do Bonfim (Aclasb) empossou novos membros em solenidade ocorrida no \u00faltimo s\u00e1bado (16), na C\u00e2mara Municipal. Entre os novos empossados, a Sargento da Pol\u00edcia Militar da Bahia, lotada no 6\u00ba Batalh\u00e3o, Ana Cristina Dantas Nascimento. A SGTPM Cristina tem 25 anos de efetivo [&hellip;]<\/p>\n","protected":false},"author":2,"featured_media":78172,"comment_status":"open","ping_status":"open","sticky":false,"template":"","format":"standard","meta":{"_acf_changed":false,"_monsterinsights_skip_tracking":false,"_monsterinsights_sitenote_active":false,"_monsterinsights_sitenote_note":"","_monsterinsights_sitenote_category":0,"_jetpack_memberships_contains_paid_content":false,"footnotes":"","jetpack_publicize_message":"","jetpack_publicize_feature_enabled":true,"jetpack_social_post_already_shared":true,"jetpack_social_options":{"image_generator_settings":{"template":"highway","default_image_id":0,"font":"","enabled":false},"version":2}},"categories":[8],"tags":[],"class_list":["post-78171","post","type-post","status-publish","format-standard","has-post-thumbnail","hentry","category-cultura"],"acf":[],"jetpack_publicize_connections":[],"jetpack_featured_media_url":"https:\/\/i0.wp.com\/blogdoeloiltoncajuhy.com.br\/site\/wp-content\/uploads\/2023\/12\/PM-feminina-Aclasb_Divulgacao.jpeg?fit=984%2C710&ssl=1","jetpack_sharing_enabled":true,"publishpress_future_workflow_manual_trigger":{"enabledWorkflows":[]},"_links":{"self":[{"href":"https:\/\/blogdoeloiltoncajuhy.com.br\/site\/wp-json\/wp\/v2\/posts\/78171","targetHints":{"allow":["GET"]}}],"collection":[{"href":"https:\/\/blogdoeloiltoncajuhy.com.br\/site\/wp-json\/wp\/v2\/posts"}],"about":[{"href":"https:\/\/blogdoeloiltoncajuhy.com.br\/site\/wp-json\/wp\/v2\/types\/post"}],"author":[{"embeddable":true,"href":"https:\/\/blogdoeloiltoncajuhy.com.br\/site\/wp-json\/wp\/v2\/users\/2"}],"replies":[{"embeddable":true,"href":"https:\/\/blogdoeloiltoncajuhy.com.br\/site\/wp-json\/wp\/v2\/comments?post=78171"}],"version-history":[{"count":1,"href":"https:\/\/blogdoeloiltoncajuhy.com.br\/site\/wp-json\/wp\/v2\/posts\/78171\/revisions"}],"predecessor-version":[{"id":78174,"href":"https:\/\/blogdoeloiltoncajuhy.com.br\/site\/wp-json\/wp\/v2\/posts\/78171\/revisions\/78174"}],"wp:featuredmedia":[{"embeddable":true,"href":"https:\/\/blogdoeloiltoncajuhy.com.br\/site\/wp-json\/wp\/v2\/media\/78172"}],"wp:attachment":[{"href":"https:\/\/blogdoeloiltoncajuhy.com.br\/site\/wp-json\/wp\/v2\/media?parent=78171"}],"wp:term":[{"taxonomy":"category","embeddable":true,"href":"https:\/\/blogdoeloiltoncajuhy.com.br\/site\/wp-json\/wp\/v2\/categories?post=78171"},{"taxonomy":"post_tag","embeddable":true,"href":"https:\/\/blogdoeloiltoncajuhy.com.br\/site\/wp-json\/wp\/v2\/tags?post=78171"}],"curies":[{"name":"wp","href":"https:\/\/api.w.org\/{rel}","templated":true}]}}