{"id":78168,"date":"2023-12-18T21:11:44","date_gmt":"2023-12-19T00:11:44","guid":{"rendered":"https:\/\/blogdoeloiltoncajuhy.com.br\/site\/?p=78168"},"modified":"2023-12-18T21:11:46","modified_gmt":"2023-12-19T00:11:46","slug":"governo-autoriza-processo-licitatorio-para-abertura-de-concurso-para-a-policia-penal","status":"publish","type":"post","link":"https:\/\/blogdoeloiltoncajuhy.com.br\/site\/governo-autoriza-processo-licitatorio-para-abertura-de-concurso-para-a-policia-penal\/","title":{"rendered":"Governo autoriza processo licitat\u00f3rio para abertura de concurso para a Pol\u00edcia Penal"},"content":{"rendered":"\n<p class=\"has-medium-font-size\"><strong>Com o processo seletivo, mais 287 policiais penais v\u00e3o refor\u00e7ar a seguran\u00e7a p\u00fablica no estado.<\/strong><\/p>\n\n\n\n<figure class=\"wp-block-image aligncenter size-full is-resized\"><a href=\"https:\/\/i0.wp.com\/blogdoeloiltoncajuhy.com.br\/site\/wp-content\/uploads\/2023\/12\/Policia-Penal-Foto-Matheus-Landim.png?ssl=1\"><img data-recalc-dims=\"1\" fetchpriority=\"high\" decoding=\"async\" width=\"800\" height=\"532\" src=\"https:\/\/i0.wp.com\/blogdoeloiltoncajuhy.com.br\/site\/wp-content\/uploads\/2023\/12\/Policia-Penal-Foto-Matheus-Landim.png?resize=800%2C532&#038;ssl=1\" alt=\"\" class=\"wp-image-78169\" style=\"width:767px;height:auto\" srcset=\"https:\/\/i0.wp.com\/blogdoeloiltoncajuhy.com.br\/site\/wp-content\/uploads\/2023\/12\/Policia-Penal-Foto-Matheus-Landim.png?w=868&amp;ssl=1 868w, https:\/\/i0.wp.com\/blogdoeloiltoncajuhy.com.br\/site\/wp-content\/uploads\/2023\/12\/Policia-Penal-Foto-Matheus-Landim.png?resize=300%2C199&amp;ssl=1 300w, https:\/\/i0.wp.com\/blogdoeloiltoncajuhy.com.br\/site\/wp-content\/uploads\/2023\/12\/Policia-Penal-Foto-Matheus-Landim.png?resize=768%2C511&amp;ssl=1 768w\" sizes=\"(max-width: 800px) 100vw, 800px\" \/><\/a><figcaption class=\"wp-element-caption\"><sub>Foto: Matheus Landim<\/sub><\/figcaption><\/figure>\n\n\n\n<p>O governador Jer\u00f4nimo Rodrigues assinou, nesta segunda-feira (18), no Centro Administrativo da Bahia (CAB), documento que autoriza a Secretaria da Administra\u00e7\u00e3o Penitenci\u00e1ria e Ressocializa\u00e7\u00e3o (Seap) e a Secretaria da Administra\u00e7\u00e3o (Saeb) a adotarem medidas para a abertura de concurso com 287 vagas para policiais penais. Os agentes dever\u00e3o atender as 28 unidades prisionais da Bahia.<\/p>\n\n\n\n<p>Segundo o chefe do executivo, o concurso \u00e9 parte do projeto de qualifica\u00e7\u00e3o do sistema prisional, atrav\u00e9s n\u00e3o s\u00f3 de investimentos nos equipamentos, como do aumento de efetivo para atender \u00e0s necessidades dos pres\u00eddios em todo o estado. \u201cEssa agenda \u00e9 um compromisso com o nosso programa de governo. Vamos aumentar a qualidade e o efetivo do sistema prisional, para fortalecer o processo de seguran\u00e7a p\u00fablica. Ent\u00e3o, \u00e9 um investimento em revitaliza\u00e7\u00e3o, com moderniza\u00e7\u00e3o dos pres\u00eddios, como fizemos com as delegacias e os pelot\u00f5es. \u00c9 fundamental que, al\u00e9m de equipamentos e armas, tenhamos mais profissionais atuando\u201d, avaliou Jer\u00f4nimo Rodrigues.<\/p>\n\n\n\n<p>Com a assinatura do documento, ser\u00e3o definidos os cronogramas do concurso, conte\u00fado das provas e previs\u00e3o para convoca\u00e7\u00e3o dos aprovados. A expectativa \u00e9 de que os novos agentes iniciem suas atividades na capital e no interior at\u00e9 dezembro de 2024.<\/p>\n\n\n\n<p>O secret\u00e1rio da Seap, Jos\u00e9 Ant\u00f4nio Maia, frisou que a autoriza\u00e7\u00e3o para dar in\u00edcio aos protocolos para abertura do concurso \u00e9 mais um passo na qualifica\u00e7\u00e3o do sistema prisional baiano. \u201c\u00c9 mais um investimento na seguran\u00e7a p\u00fablica do Estado da Bahia, al\u00e9m de todos os que j\u00e1 fizemos. Entregamos armamento, equipamentos, fardamentos, e estamos fazendo outros investimentos tamb\u00e9m que vir\u00e3o no meio desse pacote\u201d.<\/p>\n\n\n\n<p>No \u00faltimo dia 5 de dezembro, foi anunciado um investimento de cerca de R$ 7,2 milh\u00f5es para moderniza\u00e7\u00e3o do sistema prisional do estado. Foram entregues 75 carabinas Taurus.40; 140 espingardas CBC calibre 12, cano 14 polegadas com coronha retr\u00e1til; 2000 espargidores MAX RJC (ou spray de pimenta); 800 coletes bal\u00edsticos tipo 3A; aeronave remotamente pilotada; caminhonete; 122.000 muni\u00e7\u00f5es operacionais de alto impacto; 150 detectores de metais tipo raquete e 50 do tipo banquetas. Al\u00e9m de mil cal\u00e7as t\u00e1ticas e camisas combatshirt e quase 1800 coturnos t\u00e1ticos.<\/p>\n\n\n\n<p>Al\u00e9m do titular da Seap, participaram do ato de assinatura o subsecret\u00e1rio da Seguran\u00e7a P\u00fablica, Marcel Oliveira, representantes do Sindicato dos Servidores Penitenci\u00e1rios do Estado da Bahia (Sinspeb).<\/p>\n\n\n\n<p class=\"has-black-color has-text-color has-link-color wp-elements-67a307378aa074dde68f917d824a4b79\"><strong><em>Rep\u00f3rter Milena Fahel\/GOVBA<\/em><\/strong><\/p>\n","protected":false},"excerpt":{"rendered":"<p>Com o processo seletivo, mais 287 policiais penais v\u00e3o refor\u00e7ar a seguran\u00e7a p\u00fablica no estado. O governador Jer\u00f4nimo Rodrigues assinou, nesta segunda-feira (18), no Centro Administrativo da Bahia (CAB), documento que autoriza a Secretaria da Administra\u00e7\u00e3o Penitenci\u00e1ria e Ressocializa\u00e7\u00e3o (Seap) e a Secretaria da Administra\u00e7\u00e3o (Saeb) a adotarem medidas para a abertura de concurso com [&hellip;]<\/p>\n","protected":false},"author":2,"featured_media":78169,"comment_status":"open","ping_status":"open","sticky":false,"template":"","format":"standard","meta":{"_acf_changed":false,"_monsterinsights_skip_tracking":false,"_monsterinsights_sitenote_active":false,"_monsterinsights_sitenote_note":"","_monsterinsights_sitenote_category":0,"_jetpack_memberships_contains_paid_content":false,"footnotes":"","jetpack_publicize_message":"","jetpack_publicize_feature_enabled":true,"jetpack_social_post_already_shared":true,"jetpack_social_options":{"image_generator_settings":{"template":"highway","default_image_id":0,"font":"","enabled":false},"version":2}},"categories":[5],"tags":[],"class_list":["post-78168","post","type-post","status-publish","format-standard","has-post-thumbnail","hentry","category-cotidiano"],"acf":[],"jetpack_publicize_connections":[],"jetpack_featured_media_url":"https:\/\/i0.wp.com\/blogdoeloiltoncajuhy.com.br\/site\/wp-content\/uploads\/2023\/12\/Policia-Penal-Foto-Matheus-Landim.png?fit=868%2C577&ssl=1","jetpack_sharing_enabled":true,"publishpress_future_workflow_manual_trigger":{"enabledWorkflows":[]},"_links":{"self":[{"href":"https:\/\/blogdoeloiltoncajuhy.com.br\/site\/wp-json\/wp\/v2\/posts\/78168","targetHints":{"allow":["GET"]}}],"collection":[{"href":"https:\/\/blogdoeloiltoncajuhy.com.br\/site\/wp-json\/wp\/v2\/posts"}],"about":[{"href":"https:\/\/blogdoeloiltoncajuhy.com.br\/site\/wp-json\/wp\/v2\/types\/post"}],"author":[{"embeddable":true,"href":"https:\/\/blogdoeloiltoncajuhy.com.br\/site\/wp-json\/wp\/v2\/users\/2"}],"replies":[{"embeddable":true,"href":"https:\/\/blogdoeloiltoncajuhy.com.br\/site\/wp-json\/wp\/v2\/comments?post=78168"}],"version-history":[{"count":1,"href":"https:\/\/blogdoeloiltoncajuhy.com.br\/site\/wp-json\/wp\/v2\/posts\/78168\/revisions"}],"predecessor-version":[{"id":78170,"href":"https:\/\/blogdoeloiltoncajuhy.com.br\/site\/wp-json\/wp\/v2\/posts\/78168\/revisions\/78170"}],"wp:featuredmedia":[{"embeddable":true,"href":"https:\/\/blogdoeloiltoncajuhy.com.br\/site\/wp-json\/wp\/v2\/media\/78169"}],"wp:attachment":[{"href":"https:\/\/blogdoeloiltoncajuhy.com.br\/site\/wp-json\/wp\/v2\/media?parent=78168"}],"wp:term":[{"taxonomy":"category","embeddable":true,"href":"https:\/\/blogdoeloiltoncajuhy.com.br\/site\/wp-json\/wp\/v2\/categories?post=78168"},{"taxonomy":"post_tag","embeddable":true,"href":"https:\/\/blogdoeloiltoncajuhy.com.br\/site\/wp-json\/wp\/v2\/tags?post=78168"}],"curies":[{"name":"wp","href":"https:\/\/api.w.org\/{rel}","templated":true}]}}