{"id":78105,"date":"2023-12-14T19:54:47","date_gmt":"2023-12-14T22:54:47","guid":{"rendered":"https:\/\/blogdoeloiltoncajuhy.com.br\/site\/?p=78105"},"modified":"2023-12-14T19:54:49","modified_gmt":"2023-12-14T22:54:49","slug":"dinheiro-do-dpvat-acaba-e-fazenda-quer-projeto-proprio-para-seguro","status":"publish","type":"post","link":"https:\/\/blogdoeloiltoncajuhy.com.br\/site\/dinheiro-do-dpvat-acaba-e-fazenda-quer-projeto-proprio-para-seguro\/","title":{"rendered":"Dinheiro do DPVAT acaba e Fazenda quer projeto pr\u00f3prio para seguro"},"content":{"rendered":"\n<p class=\"has-medium-font-size\"><strong>Desde meados de novembro n\u00e3o h\u00e1 mais recurso para novas indeniza\u00e7\u00f5es; acidentados ficam sem cobertura.<\/strong><\/p>\n\n\n\n<p><strong>Por Painel S.A\/Folha de S.Paulo<\/strong><\/p>\n\n\n\n<figure class=\"wp-block-image aligncenter size-full is-resized\"><a href=\"https:\/\/i0.wp.com\/blogdoeloiltoncajuhy.com.br\/site\/wp-content\/uploads\/2023\/12\/DPVAT_Foto-Rubens-Cavallari-Folhapress.jpg?ssl=1\"><img data-recalc-dims=\"1\" fetchpriority=\"high\" decoding=\"async\" width=\"800\" height=\"533\" src=\"https:\/\/i0.wp.com\/blogdoeloiltoncajuhy.com.br\/site\/wp-content\/uploads\/2023\/12\/DPVAT_Foto-Rubens-Cavallari-Folhapress.jpg?resize=800%2C533&#038;ssl=1\" alt=\"\" class=\"wp-image-78106\" style=\"width:642px;height:auto\" srcset=\"https:\/\/i0.wp.com\/blogdoeloiltoncajuhy.com.br\/site\/wp-content\/uploads\/2023\/12\/DPVAT_Foto-Rubens-Cavallari-Folhapress.jpg?w=984&amp;ssl=1 984w, https:\/\/i0.wp.com\/blogdoeloiltoncajuhy.com.br\/site\/wp-content\/uploads\/2023\/12\/DPVAT_Foto-Rubens-Cavallari-Folhapress.jpg?resize=300%2C200&amp;ssl=1 300w, https:\/\/i0.wp.com\/blogdoeloiltoncajuhy.com.br\/site\/wp-content\/uploads\/2023\/12\/DPVAT_Foto-Rubens-Cavallari-Folhapress.jpg?resize=768%2C512&amp;ssl=1 768w\" sizes=\"(max-width: 800px) 100vw, 800px\" \/><\/a><figcaption class=\"wp-element-caption\"><sub>DPVAT j\u00e1 pagou 5.748 indeniza\u00e7\u00f5es por ocorr\u00eancias, a maior parte atropelamentos de pedestres, envolvendo \u00f4nibus e minivans em todo pa\u00eds &#8211; Foto: Rubens Cavallari\/Folhapress<\/sub><\/figcaption><\/figure>\n\n\n\n<p>O presidente Lula desistiu da urg\u00eancia no projeto de lei que disp\u00f5e sobre o Seguro Obrigat\u00f3rio para Prote\u00e7\u00e3o de V\u00edtimas de Acidentes de Tr\u00e2nsito, o DPVAT, no momento em que j\u00e1 n\u00e3o existe um centavo no estoque do fundo para novas coberturas.<\/p>\n\n\n\n<p>Levantamento da CNSeg, a confedera\u00e7\u00e3o das seguradoras, mostra que, desde meados de novembro n\u00e3o h\u00e1 mais recurso. O dinheiro existente \u00e9 para sinistros j\u00e1 ocorridos. Ou seja: quem se envolver em acidentes a partir de agora, estar\u00e1 completamente descoberto.<\/p>\n\n\n\n<p>A expectativa do setor era de que o projeto fosse aprovado. No entanto, o Minist\u00e9rio da Fazenda decidiu apresentar uma proposta alternativa, que ainda n\u00e3o foi enviada ao Congresso.<\/p>\n\n\n\n<p>A coluna tentou contato com o Secret\u00e1rio das Microrreformas, Marcos Pinto, mas n\u00e3o obteve retorno. Via assessoria, o minist\u00e9rio disse que n\u00e3o iria se manifestar.<\/p>\n","protected":false},"excerpt":{"rendered":"<p>Desde meados de novembro n\u00e3o h\u00e1 mais recurso para novas indeniza\u00e7\u00f5es; acidentados ficam sem cobertura. Por Painel S.A\/Folha de S.Paulo O presidente Lula desistiu da urg\u00eancia no projeto de lei que disp\u00f5e sobre o Seguro Obrigat\u00f3rio para Prote\u00e7\u00e3o de V\u00edtimas de Acidentes de Tr\u00e2nsito, o DPVAT, no momento em que j\u00e1 n\u00e3o existe um centavo [&hellip;]<\/p>\n","protected":false},"author":2,"featured_media":78106,"comment_status":"open","ping_status":"open","sticky":false,"template":"","format":"standard","meta":{"_acf_changed":false,"_monsterinsights_skip_tracking":false,"_monsterinsights_sitenote_active":false,"_monsterinsights_sitenote_note":"","_monsterinsights_sitenote_category":0,"_jetpack_memberships_contains_paid_content":false,"footnotes":"","jetpack_publicize_message":"","jetpack_publicize_feature_enabled":true,"jetpack_social_post_already_shared":true,"jetpack_social_options":{"image_generator_settings":{"template":"highway","default_image_id":0,"font":"","enabled":false},"version":2}},"categories":[3],"tags":[],"class_list":["post-78105","post","type-post","status-publish","format-standard","has-post-thumbnail","hentry","category-politica"],"acf":[],"jetpack_publicize_connections":[],"jetpack_featured_media_url":"https:\/\/i0.wp.com\/blogdoeloiltoncajuhy.com.br\/site\/wp-content\/uploads\/2023\/12\/DPVAT_Foto-Rubens-Cavallari-Folhapress.jpg?fit=984%2C656&ssl=1","jetpack_sharing_enabled":true,"publishpress_future_workflow_manual_trigger":{"enabledWorkflows":[]},"_links":{"self":[{"href":"https:\/\/blogdoeloiltoncajuhy.com.br\/site\/wp-json\/wp\/v2\/posts\/78105","targetHints":{"allow":["GET"]}}],"collection":[{"href":"https:\/\/blogdoeloiltoncajuhy.com.br\/site\/wp-json\/wp\/v2\/posts"}],"about":[{"href":"https:\/\/blogdoeloiltoncajuhy.com.br\/site\/wp-json\/wp\/v2\/types\/post"}],"author":[{"embeddable":true,"href":"https:\/\/blogdoeloiltoncajuhy.com.br\/site\/wp-json\/wp\/v2\/users\/2"}],"replies":[{"embeddable":true,"href":"https:\/\/blogdoeloiltoncajuhy.com.br\/site\/wp-json\/wp\/v2\/comments?post=78105"}],"version-history":[{"count":1,"href":"https:\/\/blogdoeloiltoncajuhy.com.br\/site\/wp-json\/wp\/v2\/posts\/78105\/revisions"}],"predecessor-version":[{"id":78107,"href":"https:\/\/blogdoeloiltoncajuhy.com.br\/site\/wp-json\/wp\/v2\/posts\/78105\/revisions\/78107"}],"wp:featuredmedia":[{"embeddable":true,"href":"https:\/\/blogdoeloiltoncajuhy.com.br\/site\/wp-json\/wp\/v2\/media\/78106"}],"wp:attachment":[{"href":"https:\/\/blogdoeloiltoncajuhy.com.br\/site\/wp-json\/wp\/v2\/media?parent=78105"}],"wp:term":[{"taxonomy":"category","embeddable":true,"href":"https:\/\/blogdoeloiltoncajuhy.com.br\/site\/wp-json\/wp\/v2\/categories?post=78105"},{"taxonomy":"post_tag","embeddable":true,"href":"https:\/\/blogdoeloiltoncajuhy.com.br\/site\/wp-json\/wp\/v2\/tags?post=78105"}],"curies":[{"name":"wp","href":"https:\/\/api.w.org\/{rel}","templated":true}]}}