{"id":78098,"date":"2023-12-14T16:00:32","date_gmt":"2023-12-14T19:00:32","guid":{"rendered":"https:\/\/blogdoeloiltoncajuhy.com.br\/site\/?p=78098"},"modified":"2023-12-14T16:00:34","modified_gmt":"2023-12-14T19:00:34","slug":"moro-e-advogado-falam-em-deltan-desesperado-durante-votacao-de-dino-ao-stf","status":"publish","type":"post","link":"https:\/\/blogdoeloiltoncajuhy.com.br\/site\/moro-e-advogado-falam-em-deltan-desesperado-durante-votacao-de-dino-ao-stf\/","title":{"rendered":"Moro e advogado falam em Deltan desesperado durante vota\u00e7\u00e3o de Dino ao STF"},"content":{"rendered":"\n<p class=\"has-medium-font-size\"><strong>Conversa por texto em celular do senador ocorreu momentos antes da vota\u00e7\u00e3o da indica\u00e7\u00e3o do ministro de Lula.<\/strong><\/p>\n\n\n\n<p><strong>Por Folha de S.Paulo<\/strong><\/p>\n\n\n\n<figure class=\"wp-block-image aligncenter size-full is-resized\"><a href=\"https:\/\/i0.wp.com\/blogdoeloiltoncajuhy.com.br\/site\/wp-content\/uploads\/2023\/12\/Moro-sabatina_foto-Gabriela-Bilo-folhapress.jpg?ssl=1\"><img data-recalc-dims=\"1\" fetchpriority=\"high\" decoding=\"async\" width=\"800\" height=\"533\" src=\"https:\/\/i0.wp.com\/blogdoeloiltoncajuhy.com.br\/site\/wp-content\/uploads\/2023\/12\/Moro-sabatina_foto-Gabriela-Bilo-folhapress.jpg?resize=800%2C533&#038;ssl=1\" alt=\"\" class=\"wp-image-78099\" style=\"width:789px;height:auto\" srcset=\"https:\/\/i0.wp.com\/blogdoeloiltoncajuhy.com.br\/site\/wp-content\/uploads\/2023\/12\/Moro-sabatina_foto-Gabriela-Bilo-folhapress.jpg?w=984&amp;ssl=1 984w, https:\/\/i0.wp.com\/blogdoeloiltoncajuhy.com.br\/site\/wp-content\/uploads\/2023\/12\/Moro-sabatina_foto-Gabriela-Bilo-folhapress.jpg?resize=300%2C200&amp;ssl=1 300w, https:\/\/i0.wp.com\/blogdoeloiltoncajuhy.com.br\/site\/wp-content\/uploads\/2023\/12\/Moro-sabatina_foto-Gabriela-Bilo-folhapress.jpg?resize=768%2C512&amp;ssl=1 768w\" sizes=\"(max-width: 800px) 100vw, 800px\" \/><\/a><figcaption class=\"wp-element-caption\"><sub>Sergio Moro troca mensagens com advogado ap\u00f3s aprova\u00e7\u00e3o de Flavio Dino na CCJ do Senado e momentos antes da vota\u00e7\u00e3o no plen\u00e1rio do Senado de sua indica\u00e7\u00e3o ao STF &#8211; Foto: Gabriela Bil\u00f3\/Folhapress<\/sub><\/figcaption><\/figure>\n\n\n\n<p>Uma troca de mensagens ocorrida no plen\u00e1rio do Senado entre Sergio Moro (Uni\u00e3o Brasil-PR) e o primeiro suplente de seu mandato, o advogado Luis Felipe Cunha, indica que o ex-procurador e ex-deputado federal Deltan Dallagnol estaria &#8220;desesperado&#8221;.<\/p>\n\n\n\n<p>O di\u00e1logo, captado pela <strong>Folha<\/strong> momentos antes da vota\u00e7\u00e3o que aprovou nesta quarta-feira (13) o nome de Fl\u00e1vio Dino para o Supremo Tribunal Federal, tamb\u00e9m faz men\u00e7\u00e3o a uma estrat\u00e9gia adotada pelo senador.<\/p>\n\n\n\n<p>N\u00e3o h\u00e1 detalhamento sobre qual seria o desespero do ex-chefe da for\u00e7a-tarefa da Lava Jato nem a estrat\u00e9gia adotada por Moro, ex-juiz da opera\u00e7\u00e3o.<\/p>\n\n\n\n<p>Pessoas pr\u00f3ximas, por\u00e9m, afirmaram que a rea\u00e7\u00e3o emocional de Deltan tem a ver com o fato de o ex-juiz da Lava Jato n\u00e3o ter declarado voto contra a indica\u00e7\u00e3o do ministro de Lula e que isso sinalizaria, para ele, que Moro votou pela aprova\u00e7\u00e3o de Dino \u2014 a vota\u00e7\u00e3o \u00e9 secreta.<\/p>\n\n\n\n<p>Na troca de mensagens com seu suplente, o senador \u00e9 questionado pelo suplente se iria &#8220;votar contra&#8221; \u2014 possivelmente em rela\u00e7\u00e3o \u00e0 indica\u00e7\u00e3o de Dino.<\/p>\n\n\n\n<p>Moro n\u00e3o responde por mensagem, mas os dois trocam uma liga\u00e7\u00e3o de \u00e1udio de 5 minutos.<\/p>\n\n\n\n<p>Em mensagem com outra pessoa, identificada em seu aparelho de telefone celular como &#8220;Mestr\u00e3o&#8221;, ele diz que manter\u00e1 seu voto secreto, como &#8220;instrumento de prote\u00e7\u00e3o&#8221; \u2014 essa mensagem foi revelada pelos jornais <strong>O Globo<\/strong> e <strong>O Estado de S. Paulo<\/strong>.<\/p>\n\n\n\n<p>Moro e Deltan foram os protagonistas da Opera\u00e7\u00e3o Lava Jato, que revirou o mundo pol\u00edtico nacional a partir de 2014. Ambos abandonaram o mundo jur\u00eddico \u2014 Deltan saiu do Minist\u00e9rio P\u00fablico e Moro, da magistratura \u2014 e ingressaram na pol\u00edtica, transitando no campo bolsonarista.<\/p>\n\n\n\n<p>Mensagens reveladas pelo site Intercept Brasil e outros ve\u00edculos, entre eles a <strong>Folha<\/strong>, e que ficaram conhecidas como &#8220;Vaza Jato&#8221; mostraram uma rela\u00e7\u00e3o alinhada entre Deltan e Moro na \u00e9poca da Lava Jato, quando o primeiro chefiava a for\u00e7a-tarefa da opera\u00e7\u00e3o e o segundo era o juiz respons\u00e1vel pelo caso.<\/p>\n\n\n\n<p>O Tribunal Superior Eleitoral (TSE) cassou em maio o mandato de deputado federal de Deltan sob o argumento de que ele n\u00e3o poderia ter deixado a carreira de procurador da Rep\u00fablica enquanto respondia a sindic\u00e2ncias, reclama\u00e7\u00f5es disciplinares e pedidos de provide\u0302ncias. Em setembro, o ex-procurador trocou o Podemos pelo partido Novo.<\/p>\n\n\n\n<p>Nas mensagens trocadas no plen\u00e1rio do Senado nesta quarta, Luis Felipe manifesta a Moro a suposta rea\u00e7\u00e3o emocional do aliado, dizendo: &#8220;Deltan desesperado&#8221;, &#8220;me ligou, mandou mensagem e etc.&#8221; e &#8220;s\u00f3 para seu conhecimento&#8221;.<\/p>\n\n\n\n<p>Moro responde dizendo que Deltan tamb\u00e9m mandou mensagem a ele e pergunta ao advogado o que ele deveria responder ao ex-procurador.<\/p>\n\n\n\n<p>&#8220;Amigo, pela estrat\u00e9gia relatada, aparentemente, n\u00e3o h\u00e1 o que ser dito. Eu disse ao Deltan que vc sabe o que faz e que estarei ao seu lado sempre, por lealdade e por saber que voc\u00ea \u00e8 um [sic] cara correto&#8221;, responde Luis Felipe.<\/p>\n\n\n\n<figure class=\"wp-block-image aligncenter size-full is-resized\"><a href=\"https:\/\/i0.wp.com\/blogdoeloiltoncajuhy.com.br\/site\/wp-content\/uploads\/2023\/12\/Moro-sabatina02_foto-Gabriela-Bilo-folhapress.jpg?ssl=1\"><img data-recalc-dims=\"1\" decoding=\"async\" width=\"800\" height=\"533\" src=\"https:\/\/i0.wp.com\/blogdoeloiltoncajuhy.com.br\/site\/wp-content\/uploads\/2023\/12\/Moro-sabatina02_foto-Gabriela-Bilo-folhapress.jpg?resize=800%2C533&#038;ssl=1\" alt=\"\" class=\"wp-image-78100\" style=\"width:756px;height:auto\" srcset=\"https:\/\/i0.wp.com\/blogdoeloiltoncajuhy.com.br\/site\/wp-content\/uploads\/2023\/12\/Moro-sabatina02_foto-Gabriela-Bilo-folhapress.jpg?w=984&amp;ssl=1 984w, https:\/\/i0.wp.com\/blogdoeloiltoncajuhy.com.br\/site\/wp-content\/uploads\/2023\/12\/Moro-sabatina02_foto-Gabriela-Bilo-folhapress.jpg?resize=300%2C200&amp;ssl=1 300w, https:\/\/i0.wp.com\/blogdoeloiltoncajuhy.com.br\/site\/wp-content\/uploads\/2023\/12\/Moro-sabatina02_foto-Gabriela-Bilo-folhapress.jpg?resize=768%2C511&amp;ssl=1 768w\" sizes=\"(max-width: 800px) 100vw, 800px\" \/><\/a><figcaption class=\"wp-element-caption\"><sub>Nas mensagens trocadas entre Sergio Moro e o advogado, \u00e9 mencionado um &#8220;desespero&#8221; de Deltan e uma &#8220;estrat\u00e9gia&#8221; &#8211; Foto: Gabriela Bil\u00f3\/Folhapress<\/sub><\/figcaption><\/figure>\n\n\n\n<p>As mensagens foram trocadas pouco ap\u00f3s a aprova\u00e7\u00e3o do nome de Dino na CCJ (Comiss\u00e3o de Constitui\u00e7\u00e3o e Justi\u00e7a) do Senado, ocasi\u00e3o em que Moro e o ministro de Lula foram fotografados abra\u00e7ados e sorrindo.<\/p>\n\n\n\n<p>Moro chegou a comentar isso na pr\u00f3pria sabatina, reclamando de cr\u00edticas que recebeu em redes sociais.<\/p>\n\n\n\n<p>&#8220;Vossa excel\u00eancia perguntou algo e eu achei gra\u00e7a e dei uma risada. Tiraram v\u00e1rias fotos e j\u00e1 viralizaram, como se isso representasse minha posi\u00e7\u00e3o&#8221;, disse Moro, acrescentando que ambos j\u00e1 foram ju\u00edzes federais.<\/p>\n\n\n\n<p>&#8220;J\u00e1 deixei muito claro que tenho profundas diferen\u00e7as com o atual governo, e vossa excel\u00eancia faz parte do atual governo, mas n\u00e3o perderei a civilidade e acho que esse pa\u00eds precisa disso para diminuir a polariza\u00e7\u00e3o&#8221;, completou, sem dizer se votaria contra ou a favor da indica\u00e7\u00e3o do ministro.<\/p>\n\n\n\n<p>Moro afirmou, via assessoria, que n\u00e3o se manifestar\u00e1 sobre as mensagens relativas a Deltan.<\/p>\n\n\n\n<p>Quanto a mensagens em que ele discute com outra pessoa sobre a rea\u00e7\u00e3o nas redes sociais de suas fotos sorrindo ao lado de Dino, a assessoria do senador divulgou uma nota.<\/p>\n\n\n\n<p>&#8220;A pessoa em quest\u00e3o, sem ter informa\u00e7\u00e3o do voto do senador Sergio Moro, fez a sugest\u00e3o somente porque distorceram o posicionamento do parlamentar nas redes ap\u00f3s cumprimento ao ministro Dino. Em resposta, o senador disse que iria manter o sigilo do voto, que \u00e9 um instrumento de prote\u00e7\u00e3o contra retalia\u00e7\u00e3o.&#8221;<\/p>\n\n\n\n<p>A <strong>Folha<\/strong> encaminhou perguntas ao advogado Luis Felipe Cunha, mas n\u00e3o obteve resposta.<\/p>\n\n\n\n<p>A reportagem n\u00e3o conseguiu falar com Deltan.<\/p>\n\n\n\n<p>Pessoas pr\u00f3ximas ao ex-procurador, entretanto, lembraram que ele estava havia semanas fazendo campanha contra Dino nas redes sociais, com press\u00e3o sobre os senadores para que abrissem o voto contra o ministro de Lula.<\/p>\n\n\n\n<p>Diante disso, dizem, Deltan acreditava que Moro n\u00e3o s\u00f3 iria votar contra Dino como abriria o voto publicamente.<\/p>\n\n\n\n<p>O &#8220;desespero&#8221; teria ocorrido quando surgiram as fotos de Moro sorridente ao lado de Dino e quando o ex-juiz se recusou a dizer como votaria.<\/p>\n\n\n\n<p>Com isso, relatam, Deltan ficou frustrado e decepcionado porque considera Dino no STF como &#8220;a maior irresponsabilidade&#8221; que o Senado cometeu na hist\u00f3ria. Al\u00e9m disso, as pessoas pr\u00f3ximas afirmam que o ex-procurador passou a ter a impress\u00e3o de que Moro votou a favor da indica\u00e7\u00e3o de Dino.<\/p>\n","protected":false},"excerpt":{"rendered":"<p>Conversa por texto em celular do senador ocorreu momentos antes da vota\u00e7\u00e3o da indica\u00e7\u00e3o do ministro de Lula. Por Folha de S.Paulo Uma troca de mensagens ocorrida no plen\u00e1rio do Senado entre Sergio Moro (Uni\u00e3o Brasil-PR) e o primeiro suplente de seu mandato, o advogado Luis Felipe Cunha, indica que o ex-procurador e ex-deputado federal [&hellip;]<\/p>\n","protected":false},"author":2,"featured_media":78100,"comment_status":"open","ping_status":"open","sticky":false,"template":"","format":"standard","meta":{"_acf_changed":false,"_monsterinsights_skip_tracking":false,"_monsterinsights_sitenote_active":false,"_monsterinsights_sitenote_note":"","_monsterinsights_sitenote_category":0,"_jetpack_memberships_contains_paid_content":false,"footnotes":"","jetpack_publicize_message":"","jetpack_publicize_feature_enabled":true,"jetpack_social_post_already_shared":true,"jetpack_social_options":{"image_generator_settings":{"template":"highway","default_image_id":0,"font":"","enabled":false},"version":2}},"categories":[3],"tags":[],"class_list":["post-78098","post","type-post","status-publish","format-standard","has-post-thumbnail","hentry","category-politica"],"acf":[],"jetpack_publicize_connections":[],"jetpack_featured_media_url":"https:\/\/i0.wp.com\/blogdoeloiltoncajuhy.com.br\/site\/wp-content\/uploads\/2023\/12\/Moro-sabatina02_foto-Gabriela-Bilo-folhapress.jpg?fit=984%2C655&ssl=1","jetpack_sharing_enabled":true,"publishpress_future_workflow_manual_trigger":{"enabledWorkflows":[]},"_links":{"self":[{"href":"https:\/\/blogdoeloiltoncajuhy.com.br\/site\/wp-json\/wp\/v2\/posts\/78098","targetHints":{"allow":["GET"]}}],"collection":[{"href":"https:\/\/blogdoeloiltoncajuhy.com.br\/site\/wp-json\/wp\/v2\/posts"}],"about":[{"href":"https:\/\/blogdoeloiltoncajuhy.com.br\/site\/wp-json\/wp\/v2\/types\/post"}],"author":[{"embeddable":true,"href":"https:\/\/blogdoeloiltoncajuhy.com.br\/site\/wp-json\/wp\/v2\/users\/2"}],"replies":[{"embeddable":true,"href":"https:\/\/blogdoeloiltoncajuhy.com.br\/site\/wp-json\/wp\/v2\/comments?post=78098"}],"version-history":[{"count":1,"href":"https:\/\/blogdoeloiltoncajuhy.com.br\/site\/wp-json\/wp\/v2\/posts\/78098\/revisions"}],"predecessor-version":[{"id":78101,"href":"https:\/\/blogdoeloiltoncajuhy.com.br\/site\/wp-json\/wp\/v2\/posts\/78098\/revisions\/78101"}],"wp:featuredmedia":[{"embeddable":true,"href":"https:\/\/blogdoeloiltoncajuhy.com.br\/site\/wp-json\/wp\/v2\/media\/78100"}],"wp:attachment":[{"href":"https:\/\/blogdoeloiltoncajuhy.com.br\/site\/wp-json\/wp\/v2\/media?parent=78098"}],"wp:term":[{"taxonomy":"category","embeddable":true,"href":"https:\/\/blogdoeloiltoncajuhy.com.br\/site\/wp-json\/wp\/v2\/categories?post=78098"},{"taxonomy":"post_tag","embeddable":true,"href":"https:\/\/blogdoeloiltoncajuhy.com.br\/site\/wp-json\/wp\/v2\/tags?post=78098"}],"curies":[{"name":"wp","href":"https:\/\/api.w.org\/{rel}","templated":true}]}}