{"id":78096,"date":"2023-12-14T15:01:26","date_gmt":"2023-12-14T18:01:26","guid":{"rendered":"https:\/\/blogdoeloiltoncajuhy.com.br\/site\/?p=78096"},"modified":"2023-12-14T15:01:28","modified_gmt":"2023-12-14T18:01:28","slug":"prova-do-concurso-unificado-sera-em-maio-e-tem-data-de-inscricao-divulgada-confira-o-calendario","status":"publish","type":"post","link":"https:\/\/blogdoeloiltoncajuhy.com.br\/site\/prova-do-concurso-unificado-sera-em-maio-e-tem-data-de-inscricao-divulgada-confira-o-calendario\/","title":{"rendered":"Prova do concurso unificado ser\u00e1 em maio e tem data de inscri\u00e7\u00e3o divulgada; confira o calend\u00e1rio"},"content":{"rendered":"\n<p class=\"has-text-align-center has-medium-font-size\"><strong>Resultado final ser\u00e1 divulgado em 30 de julho, de acordo com minist\u00e9rio.<\/strong><\/p>\n\n\n\n<p><strong>Por Folha de S.Paulo<\/strong><\/p>\n\n\n\n<figure class=\"wp-block-image aligncenter size-full is-resized\"><a href=\"https:\/\/i0.wp.com\/blogdoeloiltoncajuhy.com.br\/site\/wp-content\/uploads\/2018\/09\/concursos_set2018.jpg\"><img data-recalc-dims=\"1\" fetchpriority=\"high\" decoding=\"async\" width=\"800\" height=\"533\" src=\"https:\/\/i0.wp.com\/blogdoeloiltoncajuhy.com.br\/site\/wp-content\/uploads\/2018\/09\/concursos_set2018.jpg?resize=800%2C533\" alt=\"\" class=\"wp-image-27615\" style=\"width:627px;height:auto\" srcset=\"https:\/\/i0.wp.com\/blogdoeloiltoncajuhy.com.br\/site\/wp-content\/uploads\/2018\/09\/concursos_set2018.jpg?w=984&amp;ssl=1 984w, https:\/\/i0.wp.com\/blogdoeloiltoncajuhy.com.br\/site\/wp-content\/uploads\/2018\/09\/concursos_set2018.jpg?resize=300%2C200&amp;ssl=1 300w, https:\/\/i0.wp.com\/blogdoeloiltoncajuhy.com.br\/site\/wp-content\/uploads\/2018\/09\/concursos_set2018.jpg?resize=768%2C512&amp;ssl=1 768w, https:\/\/i0.wp.com\/blogdoeloiltoncajuhy.com.br\/site\/wp-content\/uploads\/2018\/09\/concursos_set2018.jpg?resize=250%2C167&amp;ssl=1 250w\" sizes=\"(max-width: 800px) 100vw, 800px\" \/><\/a><figcaption class=\"wp-element-caption\"><sub>Reprodu\u00e7\u00e3o<\/sub><\/figcaption><\/figure>\n\n\n\n<p>O concurso nacional unificado teve a prova adiada para maio, altera\u00e7\u00e3o na data de publica\u00e7\u00e3o do edital e a inclus\u00e3o de novas cidades como locais de exame. As medidas foram anunciadas pelo Minist\u00e9rio da Gest\u00e3o e da Inova\u00e7\u00e3o em Servi\u00e7os P\u00fablicos nesta quinta-feira (14).<\/p>\n\n\n\n<p>Tamb\u00e9m chamada de &#8220;Enem dos concursos&#8221;, a prova est\u00e1 prevista para 5 de maio. At\u00e9 ent\u00e3o, o minist\u00e9rio estimava que o exame seria entre fevereiro e mar\u00e7o do pr\u00f3ximo ano. O edital com as regras do processo seletivo ser\u00e1 divulgado em 10 de janeiro. A data anterior era 20 de dezembro.<\/p>\n\n\n\n<p>A pasta tamb\u00e9m anunciou o per\u00edodo de inscri\u00e7\u00f5es: de 19 de janeiro at\u00e9 9 de fevereiro. N\u00e3o foi divulgado, no entanto, o valor da inscri\u00e7\u00e3o.<\/p>\n\n\n\n<p>De acordo com o minist\u00e9rio, as altera\u00e7\u00f5es foram definidas ap\u00f3s negocia\u00e7\u00e3o com a Cesgranrio, empresa respons\u00e1vel pela realiza\u00e7\u00e3o do concurso, que foi escolhida no fim de novembro.<\/p>\n\n\n\n<p>&#8220;Recebemos muitas solicita\u00e7\u00f5es pelas redes sociais de que as pessoas tivessem mais tempo para estudar&#8221;, explica a ministra Esther Dweck sobre as altera\u00e7\u00f5es.<\/p>\n\n\n\n<p>Outra mudan\u00e7a foi a inclus\u00e3o de mais 37 cidades para receber a prova. Com isso, 217 munic\u00edpios do Brasil est\u00e3o na rela\u00e7\u00e3o.<\/p>\n\n\n\n<p class=\"has-black-color has-text-color has-link-color has-medium-font-size wp-elements-988a8b4520570a874adea464bc68b757\"><strong>Confira o novo calend\u00e1rio do Concurso Nacional Unificado<\/strong><\/p>\n\n\n\n<ul class=\"wp-block-list\">\n<li>Publica\u00e7\u00e3o do edital: 10 de janeiro de 2024<\/li>\n\n\n\n<li>Inscri\u00e7\u00f5es: 19 de janeiro a 9 de fevereiro de 2024<\/li>\n\n\n\n<li>Divulga\u00e7\u00e3o dos dados finais de inscri\u00e7\u00f5es: 29 de fevereiro de 2024<\/li>\n\n\n\n<li>Divulga\u00e7\u00e3o dos cart\u00f5es de confirma\u00e7\u00e3o: 29 de abril de 2024<\/li>\n\n\n\n<li>Aplica\u00e7\u00e3o das provas: 5 de maio de 2024<\/li>\n\n\n\n<li>Divulga\u00e7\u00e3o dos resultados das provas objetivas e preliminares das provas discursivas e reda\u00e7\u00e3o: 3 de junho de 2024<\/li>\n\n\n\n<li>Divulga\u00e7\u00e3o final dos resultados: 30 de julho de 2024<\/li>\n\n\n\n<li>In\u00edcio da convoca\u00e7\u00e3o para posse e cursos de forma\u00e7\u00e3o: 5 de agosto de 2024<\/li>\n<\/ul>\n","protected":false},"excerpt":{"rendered":"<p>Resultado final ser\u00e1 divulgado em 30 de julho, de acordo com minist\u00e9rio. Por Folha de S.Paulo O concurso nacional unificado teve a prova adiada para maio, altera\u00e7\u00e3o na data de publica\u00e7\u00e3o do edital e a inclus\u00e3o de novas cidades como locais de exame. As medidas foram anunciadas pelo Minist\u00e9rio da Gest\u00e3o e da Inova\u00e7\u00e3o em [&hellip;]<\/p>\n","protected":false},"author":2,"featured_media":34896,"comment_status":"open","ping_status":"open","sticky":false,"template":"","format":"standard","meta":{"_acf_changed":false,"_monsterinsights_skip_tracking":false,"_monsterinsights_sitenote_active":false,"_monsterinsights_sitenote_note":"","_monsterinsights_sitenote_category":0,"_jetpack_memberships_contains_paid_content":false,"footnotes":"","jetpack_publicize_message":"","jetpack_publicize_feature_enabled":true,"jetpack_social_post_already_shared":true,"jetpack_social_options":{"image_generator_settings":{"template":"highway","default_image_id":0,"font":"","enabled":false},"version":2}},"categories":[32],"tags":[],"class_list":["post-78096","post","type-post","status-publish","format-standard","has-post-thumbnail","hentry","category-emprego"],"acf":[],"jetpack_publicize_connections":[],"jetpack_featured_media_url":"https:\/\/i0.wp.com\/blogdoeloiltoncajuhy.com.br\/site\/wp-content\/uploads\/2019\/06\/concursos_jun2019.jpeg?fit=984%2C643&ssl=1","jetpack_sharing_enabled":true,"publishpress_future_workflow_manual_trigger":{"enabledWorkflows":[]},"_links":{"self":[{"href":"https:\/\/blogdoeloiltoncajuhy.com.br\/site\/wp-json\/wp\/v2\/posts\/78096","targetHints":{"allow":["GET"]}}],"collection":[{"href":"https:\/\/blogdoeloiltoncajuhy.com.br\/site\/wp-json\/wp\/v2\/posts"}],"about":[{"href":"https:\/\/blogdoeloiltoncajuhy.com.br\/site\/wp-json\/wp\/v2\/types\/post"}],"author":[{"embeddable":true,"href":"https:\/\/blogdoeloiltoncajuhy.com.br\/site\/wp-json\/wp\/v2\/users\/2"}],"replies":[{"embeddable":true,"href":"https:\/\/blogdoeloiltoncajuhy.com.br\/site\/wp-json\/wp\/v2\/comments?post=78096"}],"version-history":[{"count":1,"href":"https:\/\/blogdoeloiltoncajuhy.com.br\/site\/wp-json\/wp\/v2\/posts\/78096\/revisions"}],"predecessor-version":[{"id":78097,"href":"https:\/\/blogdoeloiltoncajuhy.com.br\/site\/wp-json\/wp\/v2\/posts\/78096\/revisions\/78097"}],"wp:featuredmedia":[{"embeddable":true,"href":"https:\/\/blogdoeloiltoncajuhy.com.br\/site\/wp-json\/wp\/v2\/media\/34896"}],"wp:attachment":[{"href":"https:\/\/blogdoeloiltoncajuhy.com.br\/site\/wp-json\/wp\/v2\/media?parent=78096"}],"wp:term":[{"taxonomy":"category","embeddable":true,"href":"https:\/\/blogdoeloiltoncajuhy.com.br\/site\/wp-json\/wp\/v2\/categories?post=78096"},{"taxonomy":"post_tag","embeddable":true,"href":"https:\/\/blogdoeloiltoncajuhy.com.br\/site\/wp-json\/wp\/v2\/tags?post=78096"}],"curies":[{"name":"wp","href":"https:\/\/api.w.org\/{rel}","templated":true}]}}