{"id":78093,"date":"2023-12-14T14:47:53","date_gmt":"2023-12-14T17:47:53","guid":{"rendered":"https:\/\/blogdoeloiltoncajuhy.com.br\/site\/?p=78093"},"modified":"2023-12-14T14:47:55","modified_gmt":"2023-12-14T17:47:55","slug":"bonfim-projeto-reacione-pelo-esporte-encerra-atividades-de-2023","status":"publish","type":"post","link":"https:\/\/blogdoeloiltoncajuhy.com.br\/site\/bonfim-projeto-reacione-pelo-esporte-encerra-atividades-de-2023\/","title":{"rendered":"Bonfim: Projeto Reacione pelo Esporte encerra atividades de 2023"},"content":{"rendered":"\n<p><strong>Blog do Eloilton Cajuhy<\/strong><\/p>\n\n\n\n<figure class=\"wp-block-image aligncenter size-full is-resized\"><a href=\"https:\/\/i0.wp.com\/blogdoeloiltoncajuhy.com.br\/site\/wp-content\/uploads\/2023\/12\/Bonfim_Capoeira_141223-01.jpg?ssl=1\"><img data-recalc-dims=\"1\" fetchpriority=\"high\" decoding=\"async\" width=\"800\" height=\"600\" src=\"https:\/\/i0.wp.com\/blogdoeloiltoncajuhy.com.br\/site\/wp-content\/uploads\/2023\/12\/Bonfim_Capoeira_141223-01.jpg?resize=800%2C600&#038;ssl=1\" alt=\"\" class=\"wp-image-78094\" style=\"width:563px;height:auto\" srcset=\"https:\/\/i0.wp.com\/blogdoeloiltoncajuhy.com.br\/site\/wp-content\/uploads\/2023\/12\/Bonfim_Capoeira_141223-01.jpg?w=800&amp;ssl=1 800w, https:\/\/i0.wp.com\/blogdoeloiltoncajuhy.com.br\/site\/wp-content\/uploads\/2023\/12\/Bonfim_Capoeira_141223-01.jpg?resize=300%2C225&amp;ssl=1 300w, https:\/\/i0.wp.com\/blogdoeloiltoncajuhy.com.br\/site\/wp-content\/uploads\/2023\/12\/Bonfim_Capoeira_141223-01.jpg?resize=768%2C576&amp;ssl=1 768w\" sizes=\"(max-width: 800px) 100vw, 800px\" \/><\/a><figcaption class=\"wp-element-caption\"><sub>Divulga\u00e7\u00e3o<\/sub><\/figcaption><\/figure>\n\n\n\n<p>O projeto social &#8220;Reacione pelo Esporte&#8221; encerrou nesta quarta-feira (13), no Bonfim III, suas atividades de 2023. Criado pela Pol\u00edcia Militar da Bahia, o projeto foi lan\u00e7ado no Bonfim III pelo 6\u00ba Batalh\u00e3o de Pol\u00edcia Militar, e \u00e9 dedicado \u00e0 pr\u00e1tica de capoeira, tendo uma trajet\u00f3ria de 9 anos sendo conduzido pelo Professor Edvan Maia dos Santos na Escola Municipal Professora N\u00edvea Seixas, em parceria com o munic\u00edpio e o Conselho de Seguran\u00e7a.<\/p>\n\n\n\n<p>Em 2022, o Conselho de Seguran\u00e7a de Senhor do Bonfim investiu R$ 4.000,00 no projeto. Seu principal prop\u00f3sito \u00e9 resgatar crian\u00e7as das ruas, proporcionando-lhes uma oportunidade \u00fanica de se tornarem cidad\u00e3os e cidad\u00e3s conscientes. A iniciativa visa n\u00e3o apenas ensinar capoeira, mas tamb\u00e9m cultivar valores fundamentais, moldando um futuro mais promissor para esses jovens.<\/p>\n\n\n\n<p>&#8220;Neste encerramento, celebramos n\u00e3o apenas a conclus\u00e3o de mais um ciclo do projeto, mas tamb\u00e9m os in\u00fameros momentos de transforma\u00e7\u00e3o e crescimento proporcionado \u00e0s crian\u00e7as participantes. A parceria entre a comunidade, a escola e as entidades governamentais \u00e9 essencial para o sucesso cont\u00ednuo do social &#8216;Reacione pelo Esporte&#8217;, destacando a import\u00e2ncia da uni\u00e3o em prol do desenvolvimento social e individual desses jovens&#8221;, disse Mara Lisboa, lideran\u00e7a comunit\u00e1ria do Bonfim III.<\/p>\n","protected":false},"excerpt":{"rendered":"<p>Blog do Eloilton Cajuhy O projeto social &#8220;Reacione pelo Esporte&#8221; encerrou nesta quarta-feira (13), no Bonfim III, suas atividades de 2023. Criado pela Pol\u00edcia Militar da Bahia, o projeto foi lan\u00e7ado no Bonfim III pelo 6\u00ba Batalh\u00e3o de Pol\u00edcia Militar, e \u00e9 dedicado \u00e0 pr\u00e1tica de capoeira, tendo uma trajet\u00f3ria de 9 anos sendo conduzido [&hellip;]<\/p>\n","protected":false},"author":2,"featured_media":78094,"comment_status":"open","ping_status":"open","sticky":false,"template":"","format":"standard","meta":{"_acf_changed":false,"_monsterinsights_skip_tracking":false,"_monsterinsights_sitenote_active":false,"_monsterinsights_sitenote_note":"","_monsterinsights_sitenote_category":0,"_jetpack_memberships_contains_paid_content":false,"footnotes":"","jetpack_publicize_message":"","jetpack_publicize_feature_enabled":true,"jetpack_social_post_already_shared":true,"jetpack_social_options":{"image_generator_settings":{"template":"highway","default_image_id":0,"font":"","enabled":false},"version":2}},"categories":[4],"tags":[],"class_list":["post-78093","post","type-post","status-publish","format-standard","has-post-thumbnail","hentry","category-local"],"acf":[],"jetpack_publicize_connections":[],"jetpack_featured_media_url":"https:\/\/i0.wp.com\/blogdoeloiltoncajuhy.com.br\/site\/wp-content\/uploads\/2023\/12\/Bonfim_Capoeira_141223-01.jpg?fit=800%2C600&ssl=1","jetpack_sharing_enabled":true,"publishpress_future_workflow_manual_trigger":{"enabledWorkflows":[]},"_links":{"self":[{"href":"https:\/\/blogdoeloiltoncajuhy.com.br\/site\/wp-json\/wp\/v2\/posts\/78093","targetHints":{"allow":["GET"]}}],"collection":[{"href":"https:\/\/blogdoeloiltoncajuhy.com.br\/site\/wp-json\/wp\/v2\/posts"}],"about":[{"href":"https:\/\/blogdoeloiltoncajuhy.com.br\/site\/wp-json\/wp\/v2\/types\/post"}],"author":[{"embeddable":true,"href":"https:\/\/blogdoeloiltoncajuhy.com.br\/site\/wp-json\/wp\/v2\/users\/2"}],"replies":[{"embeddable":true,"href":"https:\/\/blogdoeloiltoncajuhy.com.br\/site\/wp-json\/wp\/v2\/comments?post=78093"}],"version-history":[{"count":1,"href":"https:\/\/blogdoeloiltoncajuhy.com.br\/site\/wp-json\/wp\/v2\/posts\/78093\/revisions"}],"predecessor-version":[{"id":78095,"href":"https:\/\/blogdoeloiltoncajuhy.com.br\/site\/wp-json\/wp\/v2\/posts\/78093\/revisions\/78095"}],"wp:featuredmedia":[{"embeddable":true,"href":"https:\/\/blogdoeloiltoncajuhy.com.br\/site\/wp-json\/wp\/v2\/media\/78094"}],"wp:attachment":[{"href":"https:\/\/blogdoeloiltoncajuhy.com.br\/site\/wp-json\/wp\/v2\/media?parent=78093"}],"wp:term":[{"taxonomy":"category","embeddable":true,"href":"https:\/\/blogdoeloiltoncajuhy.com.br\/site\/wp-json\/wp\/v2\/categories?post=78093"},{"taxonomy":"post_tag","embeddable":true,"href":"https:\/\/blogdoeloiltoncajuhy.com.br\/site\/wp-json\/wp\/v2\/tags?post=78093"}],"curies":[{"name":"wp","href":"https:\/\/api.w.org\/{rel}","templated":true}]}}