{"id":78087,"date":"2023-12-13T21:20:13","date_gmt":"2023-12-14T00:20:13","guid":{"rendered":"https:\/\/blogdoeloiltoncajuhy.com.br\/site\/?p=78087"},"modified":"2023-12-13T21:20:15","modified_gmt":"2023-12-14T00:20:15","slug":"fiocruz-tera-concurso-com-300-vagas-que-pagam-ate-r-136-mil-veja-como-a-selecao-sera-para-cada-cargo","status":"publish","type":"post","link":"https:\/\/blogdoeloiltoncajuhy.com.br\/site\/fiocruz-tera-concurso-com-300-vagas-que-pagam-ate-r-136-mil-veja-como-a-selecao-sera-para-cada-cargo\/","title":{"rendered":"Fiocruz ter\u00e1 concurso com 300 vagas que pagam at\u00e9 R$ 13,6 mil; veja como a sele\u00e7\u00e3o ser\u00e1 para cada cargo"},"content":{"rendered":"\n<p class=\"has-medium-font-size\"><strong>Funda\u00e7\u00e3o contratar\u00e1 para os cargos de tecnologista em sa\u00fade p\u00fablica, analista de gest\u00e3o em sa\u00fade e pesquisador em sa\u00fade p\u00fablica.<\/strong><\/p>\n\n\n\n<p><strong>Por Folha de S.Paulo<\/strong><\/p>\n\n\n\n<figure class=\"wp-block-image aligncenter size-full is-resized\"><a href=\"https:\/\/i0.wp.com\/blogdoeloiltoncajuhy.com.br\/site\/wp-content\/uploads\/2023\/12\/Pesquisador-Fiocruz-Foto_Josue-Damacena-Fiocruz-Imagens.jpg?ssl=1\"><img data-recalc-dims=\"1\" fetchpriority=\"high\" decoding=\"async\" width=\"800\" height=\"533\" src=\"https:\/\/i0.wp.com\/blogdoeloiltoncajuhy.com.br\/site\/wp-content\/uploads\/2023\/12\/Pesquisador-Fiocruz-Foto_Josue-Damacena-Fiocruz-Imagens.jpg?resize=800%2C533&#038;ssl=1\" alt=\"\" class=\"wp-image-78088\" style=\"width:657px;height:auto\" srcset=\"https:\/\/i0.wp.com\/blogdoeloiltoncajuhy.com.br\/site\/wp-content\/uploads\/2023\/12\/Pesquisador-Fiocruz-Foto_Josue-Damacena-Fiocruz-Imagens.jpg?w=984&amp;ssl=1 984w, https:\/\/i0.wp.com\/blogdoeloiltoncajuhy.com.br\/site\/wp-content\/uploads\/2023\/12\/Pesquisador-Fiocruz-Foto_Josue-Damacena-Fiocruz-Imagens.jpg?resize=300%2C200&amp;ssl=1 300w, https:\/\/i0.wp.com\/blogdoeloiltoncajuhy.com.br\/site\/wp-content\/uploads\/2023\/12\/Pesquisador-Fiocruz-Foto_Josue-Damacena-Fiocruz-Imagens.jpg?resize=768%2C512&amp;ssl=1 768w\" sizes=\"(max-width: 800px) 100vw, 800px\" \/><\/a><figcaption class=\"wp-element-caption\"><sub>Pesquisador da Fiocruz faz teste de vacinas contra Covid-19 &#8211; Josu\u00e9 Damacena\/Fiocruz Imagens<\/sub><\/figcaption><\/figure>\n\n\n\n<p>A Fiocruz (Funda\u00e7\u00e3o Oswaldo Cruz) divulgou nesta quarta-feira (13) os editais para o concurso p\u00fablico de 300 vagas de n\u00edvel superior que ser\u00e1 realizado pela entidade em 28 de abril de 2024.<\/p>\n\n\n\n<p>A sele\u00e7\u00e3o ser\u00e1 para os cargos de tecnologista em sa\u00fade p\u00fablica, analista de gest\u00e3o em sa\u00fade e pesquisador em sa\u00fade p\u00fablica, sendo cem postos para cada fun\u00e7\u00e3o. Haver\u00e1 cota de ao menos 20 vagas em cada \u00e1rea para candidatos que se autodeclaram pretos ou pardos, e cinco para pessoas com defici\u00eancia.<\/p>\n\n\n\n<p>O sal\u00e1rio inicial varia entre R$ 5.735,29 (analista de gest\u00e3o e tecnologista) e R$ 6.463,37 (pesquisador). O selecionado ainda receber\u00e1 GDACTSP (gratifica\u00e7\u00e3o de desempenho de atividade de ci\u00eancia, tecnologia, produ\u00e7\u00e3o e inova\u00e7\u00e3o em sa\u00fade p\u00fablica), aux\u00edlio-alimenta\u00e7\u00e3o de R$ 658 e adicional de titula\u00e7\u00e3o, o que pode levar a remunera\u00e7\u00e3o a at\u00e9 R$ 13.686,72.<\/p>\n\n\n\n<p>As inscri\u00e7\u00f5es poder\u00e3o ser feitas pelo site do concurso (<a href=\"https:\/\/concurso2023.fiotec.fiocruz.br\" target=\"_blank\" rel=\"noreferrer noopener\"><strong><mark style=\"background-color:rgba(0, 0, 0, 0)\" class=\"has-inline-color has-vivid-cyan-blue-color\">https:\/\/concurso2023.fiotec.fiocruz.br<\/mark><\/strong><\/a>) entre 22 de janeiro (a partir das 10h) e 5 de mar\u00e7o (at\u00e9 23h59) do pr\u00f3ximo ano. A taxa \u00e9 de R$ 150 para analista de gest\u00e3o e tecnologista, e R$ 200 para pesquisador.<\/p>\n\n\n\n<p>Os candidatos que s\u00e3o inscritos no Cad\u00danico (Cadastro \u00danico para Programas Sociais do governo federal) ou que sejam doadores de medula \u00f3ssea em entidades reconhecidas pelo Minist\u00e9rio da Sa\u00fade poder\u00e3o solicitar a isen\u00e7\u00e3o da taxa de inscri\u00e7\u00e3o.<\/p>\n\n\n\n<p>Cada cargo ter\u00e1 uma regra no concurso, mas as provas discursiva e objetiva ser\u00e3o feitas no mesmo dia e hor\u00e1rio: 28 de abril, a partir das 9h, com dura\u00e7\u00e3o de quatro horas. Elas ser\u00e3o realizadas em 11 capitais (Belo Horizonte, Bras\u00edlia, Campo Grande, Curitiba, Fortaleza, Manaus, Porto Velho, Recife, Rio de Janeiro, Salvador e Teresina).<\/p>\n\n\n\n<p>O gabarito da prova objetiva e o espelho de respostas da prova discursiva ser\u00e3o divulgados em 29 de abril no site do concurso, sendo que os recursos poder\u00e3o ser entregues entre 30 de abril e 2 de maio pelo site da sele\u00e7\u00e3o.<\/p>\n\n\n\n<p>O resultado final ser\u00e1 anunciado em 15 de outubro para analista de gest\u00e3o, em 18 de outubro para pesquisador e em 28 de novembro para tecnologista.<\/p>\n\n\n\n<p>A sele\u00e7\u00e3o p\u00fablica ter\u00e1 validade de um ano, sendo poss\u00edvel a prorroga\u00e7\u00e3o por mais um ano. Ap\u00f3s a convoca\u00e7\u00e3o, o aprovado ter\u00e1 at\u00e9 30 dias para tomar posse.<\/p>\n","protected":false},"excerpt":{"rendered":"<p>Funda\u00e7\u00e3o contratar\u00e1 para os cargos de tecnologista em sa\u00fade p\u00fablica, analista de gest\u00e3o em sa\u00fade e pesquisador em sa\u00fade p\u00fablica. Por Folha de S.Paulo A Fiocruz (Funda\u00e7\u00e3o Oswaldo Cruz) divulgou nesta quarta-feira (13) os editais para o concurso p\u00fablico de 300 vagas de n\u00edvel superior que ser\u00e1 realizado pela entidade em 28 de abril de [&hellip;]<\/p>\n","protected":false},"author":2,"featured_media":78088,"comment_status":"open","ping_status":"open","sticky":false,"template":"","format":"standard","meta":{"_acf_changed":false,"_monsterinsights_skip_tracking":false,"_monsterinsights_sitenote_active":false,"_monsterinsights_sitenote_note":"","_monsterinsights_sitenote_category":0,"_jetpack_memberships_contains_paid_content":false,"footnotes":"","jetpack_publicize_message":"","jetpack_publicize_feature_enabled":true,"jetpack_social_post_already_shared":true,"jetpack_social_options":{"image_generator_settings":{"template":"highway","default_image_id":0,"font":"","enabled":false},"version":2}},"categories":[32],"tags":[],"class_list":["post-78087","post","type-post","status-publish","format-standard","has-post-thumbnail","hentry","category-emprego"],"acf":[],"jetpack_publicize_connections":[],"jetpack_featured_media_url":"https:\/\/i0.wp.com\/blogdoeloiltoncajuhy.com.br\/site\/wp-content\/uploads\/2023\/12\/Pesquisador-Fiocruz-Foto_Josue-Damacena-Fiocruz-Imagens.jpg?fit=984%2C656&ssl=1","jetpack_sharing_enabled":true,"publishpress_future_workflow_manual_trigger":{"enabledWorkflows":[]},"_links":{"self":[{"href":"https:\/\/blogdoeloiltoncajuhy.com.br\/site\/wp-json\/wp\/v2\/posts\/78087","targetHints":{"allow":["GET"]}}],"collection":[{"href":"https:\/\/blogdoeloiltoncajuhy.com.br\/site\/wp-json\/wp\/v2\/posts"}],"about":[{"href":"https:\/\/blogdoeloiltoncajuhy.com.br\/site\/wp-json\/wp\/v2\/types\/post"}],"author":[{"embeddable":true,"href":"https:\/\/blogdoeloiltoncajuhy.com.br\/site\/wp-json\/wp\/v2\/users\/2"}],"replies":[{"embeddable":true,"href":"https:\/\/blogdoeloiltoncajuhy.com.br\/site\/wp-json\/wp\/v2\/comments?post=78087"}],"version-history":[{"count":1,"href":"https:\/\/blogdoeloiltoncajuhy.com.br\/site\/wp-json\/wp\/v2\/posts\/78087\/revisions"}],"predecessor-version":[{"id":78089,"href":"https:\/\/blogdoeloiltoncajuhy.com.br\/site\/wp-json\/wp\/v2\/posts\/78087\/revisions\/78089"}],"wp:featuredmedia":[{"embeddable":true,"href":"https:\/\/blogdoeloiltoncajuhy.com.br\/site\/wp-json\/wp\/v2\/media\/78088"}],"wp:attachment":[{"href":"https:\/\/blogdoeloiltoncajuhy.com.br\/site\/wp-json\/wp\/v2\/media?parent=78087"}],"wp:term":[{"taxonomy":"category","embeddable":true,"href":"https:\/\/blogdoeloiltoncajuhy.com.br\/site\/wp-json\/wp\/v2\/categories?post=78087"},{"taxonomy":"post_tag","embeddable":true,"href":"https:\/\/blogdoeloiltoncajuhy.com.br\/site\/wp-json\/wp\/v2\/tags?post=78087"}],"curies":[{"name":"wp","href":"https:\/\/api.w.org\/{rel}","templated":true}]}}