{"id":78085,"date":"2023-12-13T20:57:25","date_gmt":"2023-12-13T23:57:25","guid":{"rendered":"https:\/\/blogdoeloiltoncajuhy.com.br\/site\/?p=78085"},"modified":"2023-12-13T20:57:27","modified_gmt":"2023-12-13T23:57:27","slug":"calendario-do-pis-pasep-2024-e-aprovado-veja-datas-de-pagamento","status":"publish","type":"post","link":"https:\/\/blogdoeloiltoncajuhy.com.br\/site\/calendario-do-pis-pasep-2024-e-aprovado-veja-datas-de-pagamento\/","title":{"rendered":"Calend\u00e1rio do PIS\/Pasep 2024 \u00e9 aprovado; veja datas de pagamento"},"content":{"rendered":"\n<p class=\"has-medium-font-size\"><strong>Trabalhadores com direito ao abono podem receber at\u00e9 um sal\u00e1rio m\u00ednimo no ano que vem.<\/strong><\/p>\n\n\n\n<p><strong>Por Folha de S.Paulo<\/strong><\/p>\n\n\n\n<figure class=\"wp-block-image aligncenter size-full\"><a href=\"https:\/\/i0.wp.com\/blogdoeloiltoncajuhy.com.br\/site\/wp-content\/uploads\/2018\/04\/dinheiros.jpg\"><img data-recalc-dims=\"1\" fetchpriority=\"high\" decoding=\"async\" width=\"600\" height=\"396\" src=\"https:\/\/i0.wp.com\/blogdoeloiltoncajuhy.com.br\/site\/wp-content\/uploads\/2018\/04\/dinheiros.jpg?resize=600%2C396\" alt=\"\" class=\"wp-image-24471\" srcset=\"https:\/\/i0.wp.com\/blogdoeloiltoncajuhy.com.br\/site\/wp-content\/uploads\/2018\/04\/dinheiros.jpg?w=600&amp;ssl=1 600w, https:\/\/i0.wp.com\/blogdoeloiltoncajuhy.com.br\/site\/wp-content\/uploads\/2018\/04\/dinheiros.jpg?resize=300%2C198&amp;ssl=1 300w, https:\/\/i0.wp.com\/blogdoeloiltoncajuhy.com.br\/site\/wp-content\/uploads\/2018\/04\/dinheiros.jpg?resize=250%2C165&amp;ssl=1 250w\" sizes=\"(max-width: 600px) 100vw, 600px\" \/><\/a><figcaption class=\"wp-element-caption\"><sub>Reprodu\u00e7\u00e3o \/ Internet<\/sub><\/figcaption><\/figure>\n\n\n\n<p>O calend\u00e1rio de pagamento do abono do PIS\/Pasep 2024 foi aprovado pelo Conselho Deliberativo do Fundo de Amparo ao Trabalhador (Codefat) em reuni\u00e3o nesta quarta-feira (13). As libera\u00e7\u00f5es de valores no ano que vem come\u00e7am em fevereiro e v\u00e3o at\u00e9 o final de dezembro.<\/p>\n\n\n\n<p>O conselho, que re\u00fane representantes de trabalhadores, empregadores e do governo federal, aprovou as datas sugeridas pelo Minist\u00e9rio do Trabalho e Emprego por unanimidade, como tem feito h\u00e1 alguns anos.<\/p>\n\n\n\n<p>Ao todo, ser\u00e3o destinados R$ 28 bilh\u00f5es para o pagamento do abono em 2024, o que vai beneficiar 25 milh\u00f5es de trabalhadores no ano que vem. Neste ano, foram R$ 25 bilh\u00f5es para 24,5 milh\u00f5es de profissionais.<\/p>\n\n\n\n<p>Segundo S\u00e9rgio Leite, representante da For\u00e7a Sindical no Codefat, a reuni\u00e3o foi tranquila e produtiva. Para ele, um dos pontos mais importantes foi o debate sobre a possibilidade de adiantar o abono do PIS\/Pasep referente ao ano 2023 ainda em 2024. No ano que vem, ser\u00e1 pago o benef\u00edcio referente ao ano-base de 2022.<\/p>\n\n\n\n<p>Leite tamb\u00e9m diz que houve debates sobre o dinheiro do Fundo de Amparo ao Trabalhador (FAT) que est\u00e1 sendo destinado \u00e0 Previd\u00eancia. Em 2024, R$ 18,3 bilh\u00f5es ser\u00e3o para custear benef\u00edcios previdenci\u00e1rios, regra aprovada pela reforma de 2019.<\/p>\n\n\n\n<p>O sindicalista \u00e9 contra. &#8220;Est\u00e1 previsto na proposta de or\u00e7amento de 2024 o envio de R$ 18,3 bilh\u00f5es do FAT para a Previd\u00eancia. Isso inviabiliza o desenvolvimento de pol\u00edticas p\u00fablicas de emprego, por perda de capacidade or\u00e7ament\u00e1ria do fundo&#8221;, avalia.<\/p>\n\n\n\n<p>&#8220;A melhor forma do FAT ajudar a previd\u00eancia ser\u00e1 com desenvolvimento de pol\u00edticas de formaliza\u00e7\u00e3o do emprego&#8221;, afirma ele.<\/p>\n\n\n\n<p class=\"has-black-color has-text-color has-link-color has-medium-font-size wp-elements-a48ca43c421ae1432220fe7ccb5d1722\"><strong>Veja o calend\u00e1rio de pagamento do abono do PIS em 2024:<\/strong><\/p>\n\n\n\n<figure class=\"wp-block-table\"><table><thead><tr><th>Nascidos em<\/th><th>Recebem a partir de<\/th><th>Data final de pagamento<\/th><\/tr><\/thead><tbody><tr><td>Janeiro<\/td><td>15\/02\/2024<\/td><td>27\/12\/2024<\/td><\/tr><tr><td>Fevereiro<\/td><td>15\/03\/2024<\/td><td>27\/12\/2024<\/td><\/tr><tr><td>Mar\u00e7o e abril<\/td><td>15\/04\/2024<\/td><td>27\/12\/2024<\/td><\/tr><tr><td>Maio e junho<\/td><td>15\/05\/2024<\/td><td>27\/12\/2024<\/td><\/tr><tr><td>Julho e agosto<\/td><td>17\/06\/2024<\/td><td>27\/12\/2024<\/td><\/tr><tr><td>Setembro e outubro<\/td><td>15\/07\/2024<\/td><td>27\/12\/2024<\/td><\/tr><tr><td>Novembro e dezembro<\/td><td>15\/08\/2024<\/td><td>27\/12\/2024<\/td><\/tr><\/tbody><\/table><\/figure>\n\n\n\n<p class=\"has-black-color has-text-color has-link-color has-medium-font-size wp-elements-4edc790f9c56288d375f5c0fe01b43ba\"><strong>Veja o calend\u00e1rio de pagamento do abono do PASEP em 2024:<\/strong><\/p>\n\n\n\n<figure class=\"wp-block-table\"><table><thead><tr><th>Final da inscri\u00e7\u00e3o<\/th><th>Recebem a partir de<\/th><th>Data final de pagamento<\/th><\/tr><\/thead><tbody><tr><td>0<\/td><td>15\/02\/2024<\/td><td>27\/12\/2024<\/td><\/tr><tr><td>1<\/td><td>15\/03\/2024<\/td><td>27\/12\/2024<\/td><\/tr><tr><td>2 e 3<\/td><td>15\/04\/2024<\/td><td>27\/12\/2024<\/td><\/tr><tr><td>4 e 5<\/td><td>15\/05\/2024<\/td><td>27\/12\/2024<\/td><\/tr><tr><td>6 e 7<\/td><td>17\/06\/2024<\/td><td>27\/12\/2024<\/td><\/tr><tr><td>8<\/td><td>15\/07\/2024<\/td><td>27\/12\/2024<\/td><\/tr><tr><td>9<\/td><td>15\/08\/2024<\/td><td>27\/12\/2024<\/td><\/tr><\/tbody><\/table><\/figure>\n","protected":false},"excerpt":{"rendered":"<p>Trabalhadores com direito ao abono podem receber at\u00e9 um sal\u00e1rio m\u00ednimo no ano que vem. Por Folha de S.Paulo O calend\u00e1rio de pagamento do abono do PIS\/Pasep 2024 foi aprovado pelo Conselho Deliberativo do Fundo de Amparo ao Trabalhador (Codefat) em reuni\u00e3o nesta quarta-feira (13). As libera\u00e7\u00f5es de valores no ano que vem come\u00e7am em [&hellip;]<\/p>\n","protected":false},"author":2,"featured_media":48856,"comment_status":"open","ping_status":"open","sticky":false,"template":"","format":"standard","meta":{"_acf_changed":false,"_monsterinsights_skip_tracking":false,"_monsterinsights_sitenote_active":false,"_monsterinsights_sitenote_note":"","_monsterinsights_sitenote_category":0,"_jetpack_memberships_contains_paid_content":false,"footnotes":"","jetpack_publicize_message":"","jetpack_publicize_feature_enabled":true,"jetpack_social_post_already_shared":true,"jetpack_social_options":{"image_generator_settings":{"template":"highway","default_image_id":0,"font":"","enabled":false},"version":2}},"categories":[31],"tags":[],"class_list":["post-78085","post","type-post","status-publish","format-standard","has-post-thumbnail","hentry","category-economia"],"acf":[],"jetpack_publicize_connections":[],"jetpack_featured_media_url":"https:\/\/i0.wp.com\/blogdoeloiltoncajuhy.com.br\/site\/wp-content\/uploads\/2020\/09\/TrabalhoDinheiro.jpg?fit=924%2C335&ssl=1","jetpack_sharing_enabled":true,"publishpress_future_workflow_manual_trigger":{"enabledWorkflows":[]},"_links":{"self":[{"href":"https:\/\/blogdoeloiltoncajuhy.com.br\/site\/wp-json\/wp\/v2\/posts\/78085","targetHints":{"allow":["GET"]}}],"collection":[{"href":"https:\/\/blogdoeloiltoncajuhy.com.br\/site\/wp-json\/wp\/v2\/posts"}],"about":[{"href":"https:\/\/blogdoeloiltoncajuhy.com.br\/site\/wp-json\/wp\/v2\/types\/post"}],"author":[{"embeddable":true,"href":"https:\/\/blogdoeloiltoncajuhy.com.br\/site\/wp-json\/wp\/v2\/users\/2"}],"replies":[{"embeddable":true,"href":"https:\/\/blogdoeloiltoncajuhy.com.br\/site\/wp-json\/wp\/v2\/comments?post=78085"}],"version-history":[{"count":1,"href":"https:\/\/blogdoeloiltoncajuhy.com.br\/site\/wp-json\/wp\/v2\/posts\/78085\/revisions"}],"predecessor-version":[{"id":78086,"href":"https:\/\/blogdoeloiltoncajuhy.com.br\/site\/wp-json\/wp\/v2\/posts\/78085\/revisions\/78086"}],"wp:featuredmedia":[{"embeddable":true,"href":"https:\/\/blogdoeloiltoncajuhy.com.br\/site\/wp-json\/wp\/v2\/media\/48856"}],"wp:attachment":[{"href":"https:\/\/blogdoeloiltoncajuhy.com.br\/site\/wp-json\/wp\/v2\/media?parent=78085"}],"wp:term":[{"taxonomy":"category","embeddable":true,"href":"https:\/\/blogdoeloiltoncajuhy.com.br\/site\/wp-json\/wp\/v2\/categories?post=78085"},{"taxonomy":"post_tag","embeddable":true,"href":"https:\/\/blogdoeloiltoncajuhy.com.br\/site\/wp-json\/wp\/v2\/tags?post=78085"}],"curies":[{"name":"wp","href":"https:\/\/api.w.org\/{rel}","templated":true}]}}