{"id":78076,"date":"2023-12-13T17:27:46","date_gmt":"2023-12-13T20:27:46","guid":{"rendered":"https:\/\/blogdoeloiltoncajuhy.com.br\/site\/?p=78076"},"modified":"2023-12-13T17:27:48","modified_gmt":"2023-12-13T20:27:48","slug":"estado-convoca-mais-747-professores-e-coordenadores-pedagogicos-aprovados-em-concurso-publico","status":"publish","type":"post","link":"https:\/\/blogdoeloiltoncajuhy.com.br\/site\/estado-convoca-mais-747-professores-e-coordenadores-pedagogicos-aprovados-em-concurso-publico\/","title":{"rendered":"Estado convoca mais 747 professores e coordenadores pedag\u00f3gicos aprovados em concurso p\u00fablico"},"content":{"rendered":"\n<p class=\"has-text-align-left has-medium-font-size\"><strong>S\u00e3o 625 professores, 120 coordenadores pedag\u00f3gicos e 2 coordenadores pedag\u00f3gicos ind\u00edgenas.<\/strong><\/p>\n\n\n\n<p><strong>Ascom\/SEC<\/strong><\/p>\n\n\n\n<figure class=\"wp-block-image aligncenter size-full is-resized\"><a href=\"https:\/\/i0.wp.com\/blogdoeloiltoncajuhy.com.br\/site\/wp-content\/uploads\/2023\/12\/GOVBA_Professor-em-sala-de-aula-Foto-Camila-Souza.jpeg?ssl=1\"><img data-recalc-dims=\"1\" fetchpriority=\"high\" decoding=\"async\" width=\"768\" height=\"512\" src=\"https:\/\/i0.wp.com\/blogdoeloiltoncajuhy.com.br\/site\/wp-content\/uploads\/2023\/12\/GOVBA_Professor-em-sala-de-aula-Foto-Camila-Souza.jpeg?resize=768%2C512&#038;ssl=1\" alt=\"\" class=\"wp-image-78077\" style=\"width:708px;height:auto\" srcset=\"https:\/\/i0.wp.com\/blogdoeloiltoncajuhy.com.br\/site\/wp-content\/uploads\/2023\/12\/GOVBA_Professor-em-sala-de-aula-Foto-Camila-Souza.jpeg?w=768&amp;ssl=1 768w, https:\/\/i0.wp.com\/blogdoeloiltoncajuhy.com.br\/site\/wp-content\/uploads\/2023\/12\/GOVBA_Professor-em-sala-de-aula-Foto-Camila-Souza.jpeg?resize=300%2C200&amp;ssl=1 300w\" sizes=\"(max-width: 768px) 100vw, 768px\" \/><\/a><figcaption class=\"wp-element-caption\"><sub>Foto: Camila Souza\/GOVBA<\/sub><\/figcaption><\/figure>\n\n\n\n<p>O Governo do Estado convocou, nesta quarta-feira (13), mais 747 profissionais da educa\u00e7\u00e3o aprovados no concurso p\u00fablico do Edital SAEB 03\/2022, de 1\u00ba de agosto de 2022. S\u00e3o 625 professores, 120 coordenadores pedag\u00f3gicos e 2 coordenadores pedag\u00f3gicos ind\u00edgenas. Vale ressaltar que, na primeira convoca\u00e7\u00e3o realizada em 23 de maio de 2023, foram convocados 1.379 professores, 184 coordenadores pedag\u00f3gicos e 16 coordenadores pedag\u00f3gicos ind\u00edgenas.<\/p>\n\n\n\n<p>No ato de entrega da documenta\u00e7\u00e3o, os professores e coordenadores pedag\u00f3gicos convocados no certame ser\u00e3o agendados para realiza\u00e7\u00e3o de exame pr\u00e9-admissional na Junta M\u00e9dica Oficial do Estado. Na ocasi\u00e3o do comparecimento, o candidato convocado dever\u00e1 apresentar os exames originais. O candidato que n\u00e3o atender a presente convoca\u00e7\u00e3o, na forma e prazo determinados, seja qualquer o motivo alegado, perder\u00e1 o direito a nomea\u00e7\u00e3o.<\/p>\n\n\n\n<p>Os candidatos Convocados para o interior do estado dever\u00e3o comparecer na sede do N\u00facleo Territorial de Educa\u00e7\u00e3o (NTE) em que foram aprovados, no per\u00edodo de 14 a 28 de dezembro, no hor\u00e1rio das 8h30 \u00e0s 11h e das 14h \u00e0s 17h, conforme editais de convoca\u00e7\u00e3o, publicado no Di\u00e1rio Oficial do Estado desta quarta-feira (13).<\/p>\n\n\n\n<p>J\u00e1 os Convocados no n\u00facleo de Salvador (NTE 26), dever\u00e3o comparecer, no mesmo per\u00edodo e hor\u00e1rios, munido da documenta\u00e7\u00e3o listada no edital e dos exames m\u00e9dicos discriminados, em original e fotoc\u00f3pia, na sede da Secretaria da Educa\u00e7\u00e3o do Estado da Bahia (SEC), situada na Avenida Luiz Viana Filho, n\u00ba 550, 5\u00aa Avenida, Centro Administrativo da Bahia \u2013 CAB, 1\u00ba andar, sala 121.<\/p>\n","protected":false},"excerpt":{"rendered":"<p>S\u00e3o 625 professores, 120 coordenadores pedag\u00f3gicos e 2 coordenadores pedag\u00f3gicos ind\u00edgenas. Ascom\/SEC O Governo do Estado convocou, nesta quarta-feira (13), mais 747 profissionais da educa\u00e7\u00e3o aprovados no concurso p\u00fablico do Edital SAEB 03\/2022, de 1\u00ba de agosto de 2022. S\u00e3o 625 professores, 120 coordenadores pedag\u00f3gicos e 2 coordenadores pedag\u00f3gicos ind\u00edgenas. Vale ressaltar que, na primeira [&hellip;]<\/p>\n","protected":false},"author":2,"featured_media":78077,"comment_status":"open","ping_status":"open","sticky":false,"template":"","format":"standard","meta":{"_acf_changed":false,"_monsterinsights_skip_tracking":false,"_monsterinsights_sitenote_active":false,"_monsterinsights_sitenote_note":"","_monsterinsights_sitenote_category":0,"_jetpack_memberships_contains_paid_content":false,"footnotes":"","jetpack_publicize_message":"","jetpack_publicize_feature_enabled":true,"jetpack_social_post_already_shared":true,"jetpack_social_options":{"image_generator_settings":{"template":"highway","default_image_id":0,"font":"","enabled":false},"version":2}},"categories":[14],"tags":[],"class_list":["post-78076","post","type-post","status-publish","format-standard","has-post-thumbnail","hentry","category-educacao"],"acf":[],"jetpack_publicize_connections":[],"jetpack_featured_media_url":"https:\/\/i0.wp.com\/blogdoeloiltoncajuhy.com.br\/site\/wp-content\/uploads\/2023\/12\/GOVBA_Professor-em-sala-de-aula-Foto-Camila-Souza.jpeg?fit=768%2C512&ssl=1","jetpack_sharing_enabled":true,"publishpress_future_workflow_manual_trigger":{"enabledWorkflows":[]},"_links":{"self":[{"href":"https:\/\/blogdoeloiltoncajuhy.com.br\/site\/wp-json\/wp\/v2\/posts\/78076","targetHints":{"allow":["GET"]}}],"collection":[{"href":"https:\/\/blogdoeloiltoncajuhy.com.br\/site\/wp-json\/wp\/v2\/posts"}],"about":[{"href":"https:\/\/blogdoeloiltoncajuhy.com.br\/site\/wp-json\/wp\/v2\/types\/post"}],"author":[{"embeddable":true,"href":"https:\/\/blogdoeloiltoncajuhy.com.br\/site\/wp-json\/wp\/v2\/users\/2"}],"replies":[{"embeddable":true,"href":"https:\/\/blogdoeloiltoncajuhy.com.br\/site\/wp-json\/wp\/v2\/comments?post=78076"}],"version-history":[{"count":1,"href":"https:\/\/blogdoeloiltoncajuhy.com.br\/site\/wp-json\/wp\/v2\/posts\/78076\/revisions"}],"predecessor-version":[{"id":78078,"href":"https:\/\/blogdoeloiltoncajuhy.com.br\/site\/wp-json\/wp\/v2\/posts\/78076\/revisions\/78078"}],"wp:featuredmedia":[{"embeddable":true,"href":"https:\/\/blogdoeloiltoncajuhy.com.br\/site\/wp-json\/wp\/v2\/media\/78077"}],"wp:attachment":[{"href":"https:\/\/blogdoeloiltoncajuhy.com.br\/site\/wp-json\/wp\/v2\/media?parent=78076"}],"wp:term":[{"taxonomy":"category","embeddable":true,"href":"https:\/\/blogdoeloiltoncajuhy.com.br\/site\/wp-json\/wp\/v2\/categories?post=78076"},{"taxonomy":"post_tag","embeddable":true,"href":"https:\/\/blogdoeloiltoncajuhy.com.br\/site\/wp-json\/wp\/v2\/tags?post=78076"}],"curies":[{"name":"wp","href":"https:\/\/api.w.org\/{rel}","templated":true}]}}