{"id":78072,"date":"2023-12-13T16:14:45","date_gmt":"2023-12-13T19:14:45","guid":{"rendered":"https:\/\/blogdoeloiltoncajuhy.com.br\/site\/?p=78072"},"modified":"2023-12-13T16:14:48","modified_gmt":"2023-12-13T19:14:48","slug":"bonfim-evento-de-arte-e-cultura-promete-agitar-a-cidade","status":"publish","type":"post","link":"https:\/\/blogdoeloiltoncajuhy.com.br\/site\/bonfim-evento-de-arte-e-cultura-promete-agitar-a-cidade\/","title":{"rendered":"Bonfim: Evento de arte e cultura promete agitar a cidade"},"content":{"rendered":"\n<p><strong>Blog do Eloilton Cajuhy<\/strong><\/p>\n\n\n\n<figure class=\"wp-block-image aligncenter size-large is-resized\"><a href=\"https:\/\/i0.wp.com\/blogdoeloiltoncajuhy.com.br\/site\/wp-content\/uploads\/2020\/09\/ColegioEstadualSenhorBonfim.jpg\"><img data-recalc-dims=\"1\" fetchpriority=\"high\" decoding=\"async\" width=\"800\" height=\"945\" src=\"https:\/\/i0.wp.com\/blogdoeloiltoncajuhy.com.br\/site\/wp-content\/uploads\/2020\/09\/ColegioEstadualSenhorBonfim.jpg?resize=800%2C945\" alt=\"\" class=\"wp-image-49622\" style=\"width:495px;height:auto\" srcset=\"https:\/\/i0.wp.com\/blogdoeloiltoncajuhy.com.br\/site\/wp-content\/uploads\/2020\/09\/ColegioEstadualSenhorBonfim.jpg?resize=867%2C1024&amp;ssl=1 867w, https:\/\/i0.wp.com\/blogdoeloiltoncajuhy.com.br\/site\/wp-content\/uploads\/2020\/09\/ColegioEstadualSenhorBonfim.jpg?resize=254%2C300&amp;ssl=1 254w, https:\/\/i0.wp.com\/blogdoeloiltoncajuhy.com.br\/site\/wp-content\/uploads\/2020\/09\/ColegioEstadualSenhorBonfim.jpg?resize=768%2C907&amp;ssl=1 768w, https:\/\/i0.wp.com\/blogdoeloiltoncajuhy.com.br\/site\/wp-content\/uploads\/2020\/09\/ColegioEstadualSenhorBonfim.jpg?w=1080&amp;ssl=1 1080w\" sizes=\"(max-width: 800px) 100vw, 800px\" \/><\/a><figcaption class=\"wp-element-caption\"><sub>V\u00e1rias atra\u00e7\u00f5es se apresentam no Centro de Artes Professor Marcos F\u00e1bio Oliveira Marques, no Col\u00e9gio Estadual Senhor do Bonfim<\/sub><\/figcaption><\/figure>\n\n\n\n<p>Est\u00e1 iniciando nesta quarta-feira (13) em Senhor do Bonfim o Projeto Cidade Palco. At\u00e9 a pr\u00f3xima sexta-feira, dia 15, muitas atra\u00e7\u00f5es ser\u00e3o apresentadas no Centro de Artes Professor Marcos F\u00e1bio Oliveira Marques, no Col\u00e9gio Estadual, e em outros pontos da cidade.<\/p>\n\n\n\n<p>Artes c\u00eanicas, como teatro, circo, dan\u00e7a, performance, interven\u00e7\u00e3o urbana e outros ser\u00e3o apresentados para os amantes da cultura.<\/p>\n\n\n\n<p>O evento \u00e9 uma realiza\u00e7\u00e3o do colegiado de teatro da Uneb-Campus 7, \u00e9 gratuito e aberto a todos.<\/p>\n\n\n\n<p class=\"has-black-color has-text-color has-link-color has-medium-font-size wp-elements-c71d280dbfca3dd1a624773b72a7246b\"><strong>Confira a programa\u00e7\u00e3o desta quarta-feira:<\/strong><\/p>\n\n\n\n<figure class=\"wp-block-image aligncenter size-full is-resized\"><a href=\"https:\/\/i0.wp.com\/blogdoeloiltoncajuhy.com.br\/site\/wp-content\/uploads\/2023\/12\/Bonfim_Cidade-Palco-131223.jpeg?ssl=1\"><img data-recalc-dims=\"1\" decoding=\"async\" width=\"686\" height=\"700\" src=\"https:\/\/i0.wp.com\/blogdoeloiltoncajuhy.com.br\/site\/wp-content\/uploads\/2023\/12\/Bonfim_Cidade-Palco-131223.jpeg?resize=686%2C700&#038;ssl=1\" alt=\"\" class=\"wp-image-78073\" style=\"width:551px;height:auto\" srcset=\"https:\/\/i0.wp.com\/blogdoeloiltoncajuhy.com.br\/site\/wp-content\/uploads\/2023\/12\/Bonfim_Cidade-Palco-131223.jpeg?w=686&amp;ssl=1 686w, https:\/\/i0.wp.com\/blogdoeloiltoncajuhy.com.br\/site\/wp-content\/uploads\/2023\/12\/Bonfim_Cidade-Palco-131223.jpeg?resize=294%2C300&amp;ssl=1 294w\" sizes=\"(max-width: 686px) 100vw, 686px\" \/><\/a><figcaption class=\"wp-element-caption\"><sub>Programa inicia agora a tarde<\/sub><\/figcaption><\/figure>\n\n\n\n<p class=\"has-black-color has-text-color has-link-color has-medium-font-size wp-elements-dc734cd951246dbc9cf4ff0891da04cc\"><strong>Veja agora como ser\u00e1 a programa\u00e7\u00e3o de quinta-feira, 14:<\/strong><\/p>\n\n\n\n<figure class=\"wp-block-image aligncenter size-full is-resized\"><a href=\"https:\/\/i0.wp.com\/blogdoeloiltoncajuhy.com.br\/site\/wp-content\/uploads\/2023\/12\/Bonfim_Cidade-Palco-141223.jpeg?ssl=1\"><img data-recalc-dims=\"1\" decoding=\"async\" width=\"692\" height=\"700\" src=\"https:\/\/i0.wp.com\/blogdoeloiltoncajuhy.com.br\/site\/wp-content\/uploads\/2023\/12\/Bonfim_Cidade-Palco-141223.jpeg?resize=692%2C700&#038;ssl=1\" alt=\"\" class=\"wp-image-78074\" style=\"width:571px;height:auto\" srcset=\"https:\/\/i0.wp.com\/blogdoeloiltoncajuhy.com.br\/site\/wp-content\/uploads\/2023\/12\/Bonfim_Cidade-Palco-141223.jpeg?w=692&amp;ssl=1 692w, https:\/\/i0.wp.com\/blogdoeloiltoncajuhy.com.br\/site\/wp-content\/uploads\/2023\/12\/Bonfim_Cidade-Palco-141223.jpeg?resize=297%2C300&amp;ssl=1 297w\" sizes=\"(max-width: 692px) 100vw, 692px\" \/><\/a><\/figure>\n","protected":false},"excerpt":{"rendered":"<p>Blog do Eloilton Cajuhy Est\u00e1 iniciando nesta quarta-feira (13) em Senhor do Bonfim o Projeto Cidade Palco. At\u00e9 a pr\u00f3xima sexta-feira, dia 15, muitas atra\u00e7\u00f5es ser\u00e3o apresentadas no Centro de Artes Professor Marcos F\u00e1bio Oliveira Marques, no Col\u00e9gio Estadual, e em outros pontos da cidade. Artes c\u00eanicas, como teatro, circo, dan\u00e7a, performance, interven\u00e7\u00e3o urbana e [&hellip;]<\/p>\n","protected":false},"author":2,"featured_media":7010,"comment_status":"open","ping_status":"open","sticky":false,"template":"","format":"standard","meta":{"_acf_changed":false,"_monsterinsights_skip_tracking":false,"_monsterinsights_sitenote_active":false,"_monsterinsights_sitenote_note":"","_monsterinsights_sitenote_category":0,"_jetpack_memberships_contains_paid_content":false,"footnotes":"","jetpack_publicize_message":"","jetpack_publicize_feature_enabled":true,"jetpack_social_post_already_shared":true,"jetpack_social_options":{"image_generator_settings":{"template":"highway","default_image_id":0,"font":"","enabled":false},"version":2}},"categories":[8],"tags":[],"class_list":["post-78072","post","type-post","status-publish","format-standard","has-post-thumbnail","hentry","category-cultura"],"acf":[],"jetpack_publicize_connections":[],"jetpack_featured_media_url":"https:\/\/i0.wp.com\/blogdoeloiltoncajuhy.com.br\/site\/wp-content\/uploads\/2016\/01\/Col%C3%A9gio-Estadual_1.jpg?fit=320%2C180&ssl=1","jetpack_sharing_enabled":true,"publishpress_future_workflow_manual_trigger":{"enabledWorkflows":[]},"_links":{"self":[{"href":"https:\/\/blogdoeloiltoncajuhy.com.br\/site\/wp-json\/wp\/v2\/posts\/78072","targetHints":{"allow":["GET"]}}],"collection":[{"href":"https:\/\/blogdoeloiltoncajuhy.com.br\/site\/wp-json\/wp\/v2\/posts"}],"about":[{"href":"https:\/\/blogdoeloiltoncajuhy.com.br\/site\/wp-json\/wp\/v2\/types\/post"}],"author":[{"embeddable":true,"href":"https:\/\/blogdoeloiltoncajuhy.com.br\/site\/wp-json\/wp\/v2\/users\/2"}],"replies":[{"embeddable":true,"href":"https:\/\/blogdoeloiltoncajuhy.com.br\/site\/wp-json\/wp\/v2\/comments?post=78072"}],"version-history":[{"count":1,"href":"https:\/\/blogdoeloiltoncajuhy.com.br\/site\/wp-json\/wp\/v2\/posts\/78072\/revisions"}],"predecessor-version":[{"id":78075,"href":"https:\/\/blogdoeloiltoncajuhy.com.br\/site\/wp-json\/wp\/v2\/posts\/78072\/revisions\/78075"}],"wp:featuredmedia":[{"embeddable":true,"href":"https:\/\/blogdoeloiltoncajuhy.com.br\/site\/wp-json\/wp\/v2\/media\/7010"}],"wp:attachment":[{"href":"https:\/\/blogdoeloiltoncajuhy.com.br\/site\/wp-json\/wp\/v2\/media?parent=78072"}],"wp:term":[{"taxonomy":"category","embeddable":true,"href":"https:\/\/blogdoeloiltoncajuhy.com.br\/site\/wp-json\/wp\/v2\/categories?post=78072"},{"taxonomy":"post_tag","embeddable":true,"href":"https:\/\/blogdoeloiltoncajuhy.com.br\/site\/wp-json\/wp\/v2\/tags?post=78072"}],"curies":[{"name":"wp","href":"https:\/\/api.w.org\/{rel}","templated":true}]}}