{"id":78067,"date":"2023-12-13T08:41:54","date_gmt":"2023-12-13T11:41:54","guid":{"rendered":"https:\/\/blogdoeloiltoncajuhy.com.br\/site\/?p=78067"},"modified":"2023-12-13T08:44:14","modified_gmt":"2023-12-13T11:44:14","slug":"unum-corpus-mais-tres-pessoas-presas-por-tentativas-de-homicidio-em-bonfim-veja-o-balanco-final-da-operacao","status":"publish","type":"post","link":"https:\/\/blogdoeloiltoncajuhy.com.br\/site\/unum-corpus-mais-tres-pessoas-presas-por-tentativas-de-homicidio-em-bonfim-veja-o-balanco-final-da-operacao\/","title":{"rendered":"Unum Corpus: Mais tr\u00eas pessoas presas por tentativas de homic\u00eddio em Bonfim; veja o balan\u00e7o final da opera\u00e7\u00e3o"},"content":{"rendered":"\n<p><strong>Blog do Eloilton Cajuhy<\/strong><\/p>\n\n\n\n<figure class=\"wp-block-image aligncenter size-full is-resized\"><a href=\"https:\/\/i0.wp.com\/blogdoeloiltoncajuhy.com.br\/site\/wp-content\/uploads\/2023\/12\/PC_Bonfim-operacao-121223-04.jpg\"><img data-recalc-dims=\"1\" fetchpriority=\"high\" decoding=\"async\" width=\"800\" height=\"445\" src=\"https:\/\/i0.wp.com\/blogdoeloiltoncajuhy.com.br\/site\/wp-content\/uploads\/2023\/12\/PC_Bonfim-operacao-121223-04.jpg?resize=800%2C445\" alt=\"\" class=\"wp-image-78038\" style=\"width:696px;height:auto\" srcset=\"https:\/\/i0.wp.com\/blogdoeloiltoncajuhy.com.br\/site\/wp-content\/uploads\/2023\/12\/PC_Bonfim-operacao-121223-04.jpg?w=984&amp;ssl=1 984w, https:\/\/i0.wp.com\/blogdoeloiltoncajuhy.com.br\/site\/wp-content\/uploads\/2023\/12\/PC_Bonfim-operacao-121223-04.jpg?resize=300%2C167&amp;ssl=1 300w, https:\/\/i0.wp.com\/blogdoeloiltoncajuhy.com.br\/site\/wp-content\/uploads\/2023\/12\/PC_Bonfim-operacao-121223-04.jpg?resize=768%2C427&amp;ssl=1 768w\" sizes=\"(max-width: 800px) 100vw, 800px\" \/><\/a><figcaption class=\"wp-element-caption\"><sub>Foto: Divulga\u00e7\u00e3o \/ Pol\u00edcia Civil<\/sub><\/figcaption><\/figure>\n\n\n\n<p>A Pol\u00edcia Civil da Bahia esteve mobilizada durante toda a ter\u00e7a-feira (12), realizando em todo o estado a 11\u00aa fase da Opera\u00e7\u00e3o Unum Corpus, com o objetivo de refor\u00e7ar o trabalho de redu\u00e7\u00e3o do n\u00famero de Homic\u00eddios, Latroc\u00ednios ou Les\u00f5es Corporais Seguidas de Morte (CVLI). Na \u00e1rea da 19\u00aa Coorpin, as a\u00e7\u00f5es ocorreram nas cidades de Senhor do Bonfim, Campo Formoso, Ponto Novo, Iti\u00faba, Jaguarari e Campo Formoso.<\/p>\n\n\n\n<p>No total, foi empregado um efetivo de 07 delegados, 03 escriv\u00e3es, 24 investigadores e 08 viaturas. Confira o balan\u00e7o final em nossa regi\u00e3o, divulgado pela 19\u00aa Coorpin com sede em Senhor do Bonfim:<\/p>\n\n\n\n<p><strong><mark style=\"background-color:rgba(0, 0, 0, 0)\" class=\"has-inline-color has-black-color\">A\u00e7\u00f5es realizadas em Senhor do Bonfim<\/mark><\/strong><\/p>\n\n\n\n<ul class=\"wp-block-list\">\n<li>Presos os dois suspeitos de autoria do homic\u00eddio que vitimou S\u00e9rgio Roberto Pereira dos Santos, no Alto do Cigano, em Senhor do Bonfim\/BA, ocorrido no dia 04 de novembro deste ano;<\/li>\n\n\n\n<li>Presos os dois suspeitos de autoria do homic\u00eddio que vitimou Raimundo Magalh\u00e3es de Oliveira, o Raimund\u00e3o, no Alto do Cigano, em Senhor do Bonfim\/BA, ocorrido em 22 de outubro deste ano;<\/li>\n\n\n\n<li>Preso em flagrante trio que praticava tr\u00e1fico de drogas no Bairro Alto do Cigano, em Senhor do Bonfim\/BA;<\/li>\n\n\n\n<li>Preso acusado de tentativa de homic\u00eddio ocorrida em 13 de julho, no bairro Alto da Maravilha, em Senhor do Bonfim\/BA;<\/li>\n\n\n\n<li>Preso acusado de tentativa de homic\u00eddio ocorrida em 16 de maio, nas Casas Populares em Senhor do Bonfim\/BA;<\/li>\n\n\n\n<li>Preso acusado de tentativa de homic\u00eddio ocorrida em 22 de outubro, no bairro da Gamboa em Senhor do Bonfim\/BA;<\/li>\n\n\n\n<li>Presa mulher trans por tr\u00e1fico de drogas;<\/li>\n<\/ul>\n\n\n\n<p><\/p>\n\n\n\n<p>Ao todo, foram cumpridas 11 ordens judiciais expedidas pela comarca de Senhor do Bonfim.<\/p>\n\n\n\n<p>Em <strong><mark style=\"background-color:rgba(0, 0, 0, 0)\" class=\"has-inline-color has-black-color\">Campo Formoso<\/mark><\/strong>, um homem foi preso acusado de estupro. Ele tinha mandado de pris\u00e3o preventiva.<\/p>\n\n\n\n<p>No munic\u00edpio de <strong><mark style=\"background-color:rgba(0, 0, 0, 0)\" class=\"has-inline-color has-black-color\">Ponto Novo<\/mark><\/strong>, um homem foi preso por pedofilia. Acusado de abusar da pr\u00f3pria sobrinha de 11 anos, ele tamb\u00e9m tinha mandado de pris\u00e3o preventiva expedido pela Justi\u00e7a. Ainda em Ponto Novo, um homem foi preso por n\u00e3o pagar pens\u00e3o aliment\u00edcia.<\/p>\n\n\n\n<p>As a\u00e7\u00f5es da Opera\u00e7\u00e3o Unum Corpus da Pol\u00edcia Civil da Bahia tamb\u00e9m passaram por <strong><mark style=\"background-color:rgba(0, 0, 0, 0)\" class=\"has-inline-color has-black-color\">Filad\u00e9lfia<\/mark><\/strong>. L\u00e1, foi cumprido mandado de pris\u00e3o preventiva contra um homem suspeito de assaltos a estabelecimentos comerciais da regi\u00e3o.<\/p>\n\n\n\n<p>Em <strong><mark style=\"background-color:rgba(0, 0, 0, 0)\" class=\"has-inline-color has-black-color\">Iti\u00faba<\/mark><\/strong>, homem foi preso em flagrante por porte de arma de fogo, enquanto outro foi preso suspeito de tentativa de homic\u00eddio. Ao todo foram cumpridas 05 ordens judiciais expedidas pela comarca de Iti\u00faba.<\/p>\n\n\n\n<p>J\u00e1 em <strong><mark style=\"background-color:rgba(0, 0, 0, 0)\" class=\"has-inline-color has-black-color\">Jaguarari<\/mark><\/strong>, foi cumprido mandado de busca e apreens\u00e3o em investiga\u00e7\u00e3o de crime de homic\u00eddio. No munic\u00edpio de Cansan\u00e7\u00e3o foi cumprido mandado de pris\u00e3o e busca e apreens\u00e3o contra um homem acusado do assassinato de Caique Souza Santana, fato ocorrido no dia 26 de setembro deste ano.<\/p>\n\n\n\n<p class=\"has-black-color has-text-color has-link-color wp-elements-76855219c11c63028770817621d15082\"><strong>Balan\u00e7o final na regi\u00e3o de Senhor do Bonfim<\/strong><\/p>\n\n\n\n<ul class=\"wp-block-list\">\n<li>Mandados de pris\u00e3o preventivas cumpridos: 13<\/li>\n\n\n\n<li>Mandado de Pris\u00e3o Civil: 01<\/li>\n\n\n\n<li>Mandados de busca e apreens\u00e3o cumpridos: 14<\/li>\n\n\n\n<li>APFs: 02<\/li>\n\n\n\n<li>Armas de fogo apreendidas: 01<\/li>\n\n\n\n<li>Drogas apreendidas: crack &#8211; 84 pedrinhas (33,21g); \u2060maconha &#8211; 74,29g<\/li>\n\n\n\n<li>Aparelhos celulares apreendidos: 10 aparelhos<\/li>\n\n\n\n<li>Total de pris\u00f5es: 14<\/li>\n<\/ul>\n\n\n\n<p><\/p>\n\n\n\n<p>De acordo com informa\u00e7\u00f5es da 19\u00aa Coorpin, o trabalho das for\u00e7as de seguran\u00e7a p\u00fablica e defesa social tem proporcionado bons resultados, no que se refere a redu\u00e7\u00e3o do n\u00famero de homic\u00eddios, com uma diminui\u00e7\u00e3o de 47% comparado a 2022, sendo o maior patamar de redu\u00e7\u00e3o da \u00faltima d\u00e9cada, segundo estat\u00edsticas da Pol\u00edcia Civil de Senhor do Bonfim.<\/p>\n\n\n\n<figure class=\"wp-block-image aligncenter size-full\"><a href=\"https:\/\/i0.wp.com\/blogdoeloiltoncajuhy.com.br\/site\/wp-content\/uploads\/2023\/12\/GOVBA_Unum-Corpus-11-fase_121223-Policia-Civil.jpeg?ssl=1\"><img data-recalc-dims=\"1\" decoding=\"async\" width=\"800\" height=\"441\" src=\"https:\/\/i0.wp.com\/blogdoeloiltoncajuhy.com.br\/site\/wp-content\/uploads\/2023\/12\/GOVBA_Unum-Corpus-11-fase_121223-Policia-Civil.jpeg?resize=800%2C441&#038;ssl=1\" alt=\"\" class=\"wp-image-78068\" srcset=\"https:\/\/i0.wp.com\/blogdoeloiltoncajuhy.com.br\/site\/wp-content\/uploads\/2023\/12\/GOVBA_Unum-Corpus-11-fase_121223-Policia-Civil.jpeg?w=984&amp;ssl=1 984w, https:\/\/i0.wp.com\/blogdoeloiltoncajuhy.com.br\/site\/wp-content\/uploads\/2023\/12\/GOVBA_Unum-Corpus-11-fase_121223-Policia-Civil.jpeg?resize=300%2C166&amp;ssl=1 300w, https:\/\/i0.wp.com\/blogdoeloiltoncajuhy.com.br\/site\/wp-content\/uploads\/2023\/12\/GOVBA_Unum-Corpus-11-fase_121223-Policia-Civil.jpeg?resize=768%2C424&amp;ssl=1 768w\" sizes=\"(max-width: 800px) 100vw, 800px\" \/><\/a><figcaption class=\"wp-element-caption\"><sub>Balan\u00e7o final da Opera\u00e7\u00e3o Unum Corpus no estado &#8211; Fonte: Pol\u00edcia Civil da Bahia<\/sub><\/figcaption><\/figure>\n","protected":false},"excerpt":{"rendered":"<p>Blog do Eloilton Cajuhy A Pol\u00edcia Civil da Bahia esteve mobilizada durante toda a ter\u00e7a-feira (12), realizando em todo o estado a 11\u00aa fase da Opera\u00e7\u00e3o Unum Corpus, com o objetivo de refor\u00e7ar o trabalho de redu\u00e7\u00e3o do n\u00famero de Homic\u00eddios, Latroc\u00ednios ou Les\u00f5es Corporais Seguidas de Morte (CVLI). Na \u00e1rea da 19\u00aa Coorpin, as [&hellip;]<\/p>\n","protected":false},"author":2,"featured_media":78029,"comment_status":"open","ping_status":"open","sticky":false,"template":"","format":"standard","meta":{"_acf_changed":false,"_monsterinsights_skip_tracking":false,"_monsterinsights_sitenote_active":false,"_monsterinsights_sitenote_note":"","_monsterinsights_sitenote_category":0,"_jetpack_memberships_contains_paid_content":false,"footnotes":"","jetpack_publicize_message":"","jetpack_publicize_feature_enabled":true,"jetpack_social_post_already_shared":true,"jetpack_social_options":{"image_generator_settings":{"template":"highway","default_image_id":0,"font":"","enabled":false},"version":2}},"categories":[15],"tags":[],"class_list":["post-78067","post","type-post","status-publish","format-standard","has-post-thumbnail","hentry","category-policia"],"acf":[],"jetpack_publicize_connections":[],"jetpack_featured_media_url":"https:\/\/i0.wp.com\/blogdoeloiltoncajuhy.com.br\/site\/wp-content\/uploads\/2023\/12\/PC_Bonfim-operacao-121223-03.jpg?fit=980%2C551&ssl=1","jetpack_sharing_enabled":true,"publishpress_future_workflow_manual_trigger":{"enabledWorkflows":[]},"_links":{"self":[{"href":"https:\/\/blogdoeloiltoncajuhy.com.br\/site\/wp-json\/wp\/v2\/posts\/78067","targetHints":{"allow":["GET"]}}],"collection":[{"href":"https:\/\/blogdoeloiltoncajuhy.com.br\/site\/wp-json\/wp\/v2\/posts"}],"about":[{"href":"https:\/\/blogdoeloiltoncajuhy.com.br\/site\/wp-json\/wp\/v2\/types\/post"}],"author":[{"embeddable":true,"href":"https:\/\/blogdoeloiltoncajuhy.com.br\/site\/wp-json\/wp\/v2\/users\/2"}],"replies":[{"embeddable":true,"href":"https:\/\/blogdoeloiltoncajuhy.com.br\/site\/wp-json\/wp\/v2\/comments?post=78067"}],"version-history":[{"count":2,"href":"https:\/\/blogdoeloiltoncajuhy.com.br\/site\/wp-json\/wp\/v2\/posts\/78067\/revisions"}],"predecessor-version":[{"id":78070,"href":"https:\/\/blogdoeloiltoncajuhy.com.br\/site\/wp-json\/wp\/v2\/posts\/78067\/revisions\/78070"}],"wp:featuredmedia":[{"embeddable":true,"href":"https:\/\/blogdoeloiltoncajuhy.com.br\/site\/wp-json\/wp\/v2\/media\/78029"}],"wp:attachment":[{"href":"https:\/\/blogdoeloiltoncajuhy.com.br\/site\/wp-json\/wp\/v2\/media?parent=78067"}],"wp:term":[{"taxonomy":"category","embeddable":true,"href":"https:\/\/blogdoeloiltoncajuhy.com.br\/site\/wp-json\/wp\/v2\/categories?post=78067"},{"taxonomy":"post_tag","embeddable":true,"href":"https:\/\/blogdoeloiltoncajuhy.com.br\/site\/wp-json\/wp\/v2\/tags?post=78067"}],"curies":[{"name":"wp","href":"https:\/\/api.w.org\/{rel}","templated":true}]}}