{"id":78064,"date":"2023-12-13T07:49:59","date_gmt":"2023-12-13T10:49:59","guid":{"rendered":"https:\/\/blogdoeloiltoncajuhy.com.br\/site\/?p=78064"},"modified":"2023-12-13T07:50:01","modified_gmt":"2023-12-13T10:50:01","slug":"garoto-de-senhor-do-bonfim-conquista-o-1o-lugar-do-1o-campeonato-de-capoeira-de-queimadas","status":"publish","type":"post","link":"https:\/\/blogdoeloiltoncajuhy.com.br\/site\/garoto-de-senhor-do-bonfim-conquista-o-1o-lugar-do-1o-campeonato-de-capoeira-de-queimadas\/","title":{"rendered":"Garoto de Senhor do Bonfim conquista o 1\u00ba lugar do 1\u00ba Campeonato de Capoeira de Queimadas"},"content":{"rendered":"\n<p><strong>Blog do Eloilton Cajuhy<\/strong><\/p>\n\n\n\n<figure class=\"wp-block-image aligncenter size-full is-resized\"><a href=\"https:\/\/i0.wp.com\/blogdoeloiltoncajuhy.com.br\/site\/wp-content\/uploads\/2023\/12\/Capoeirista-Bonfim.png?ssl=1\"><img data-recalc-dims=\"1\" fetchpriority=\"high\" decoding=\"async\" width=\"478\" height=\"418\" src=\"https:\/\/i0.wp.com\/blogdoeloiltoncajuhy.com.br\/site\/wp-content\/uploads\/2023\/12\/Capoeirista-Bonfim.png?resize=478%2C418&#038;ssl=1\" alt=\"\" class=\"wp-image-78065\" style=\"width:629px;height:auto\" srcset=\"https:\/\/i0.wp.com\/blogdoeloiltoncajuhy.com.br\/site\/wp-content\/uploads\/2023\/12\/Capoeirista-Bonfim.png?w=478&amp;ssl=1 478w, https:\/\/i0.wp.com\/blogdoeloiltoncajuhy.com.br\/site\/wp-content\/uploads\/2023\/12\/Capoeirista-Bonfim.png?resize=300%2C262&amp;ssl=1 300w\" sizes=\"(max-width: 478px) 100vw, 478px\" \/><\/a><figcaption class=\"wp-element-caption\"><sub>Divulga\u00e7\u00e3o<\/sub><\/figcaption><\/figure>\n\n\n\n<p>No \u00faltimo domingo (10) a cidade de Senhor do Bonfim esteve bem representada no 1\u00ba Campeonato Regional de Capoeira de Queimadas, realizado pela Academia de Capoeira Acec.<\/p>\n\n\n\n<p>O atleta capoeirista bonfinense Jo\u00e3o Mateus Rodrigues Maia, de 15 anos, aluno do professor Vanzinho, conquistou para a nossa cidade o primeiro lugar da categoria mista, passando pelas preliminares com o jogo de floreios. Na final, foi acrescentado jogo de t\u00e9cnica e desenvoltura.<\/p>\n\n\n\n<p>Jo\u00e3o Mateus tem 5\u00aa gradua\u00e7\u00e3o infantil do Grupo de Capoeira Q-Bamba, e tem como seu mestre Keu. Al\u00e9m de aluno, tamb\u00e9m \u00e9 filho do professor Vanzinho. O garoto tamb\u00e9m participa do projeto Reacione pelo Esporte do 6\u00ba Batalh\u00e3o de Pol\u00edcia Militar de Senhor do Bonfim.<\/p>\n","protected":false},"excerpt":{"rendered":"<p>Blog do Eloilton Cajuhy No \u00faltimo domingo (10) a cidade de Senhor do Bonfim esteve bem representada no 1\u00ba Campeonato Regional de Capoeira de Queimadas, realizado pela Academia de Capoeira Acec. O atleta capoeirista bonfinense Jo\u00e3o Mateus Rodrigues Maia, de 15 anos, aluno do professor Vanzinho, conquistou para a nossa cidade o primeiro lugar da [&hellip;]<\/p>\n","protected":false},"author":2,"featured_media":78065,"comment_status":"open","ping_status":"open","sticky":false,"template":"","format":"standard","meta":{"_acf_changed":false,"_monsterinsights_skip_tracking":false,"_monsterinsights_sitenote_active":false,"_monsterinsights_sitenote_note":"","_monsterinsights_sitenote_category":0,"_jetpack_memberships_contains_paid_content":false,"footnotes":"","jetpack_publicize_message":"","jetpack_publicize_feature_enabled":true,"jetpack_social_post_already_shared":true,"jetpack_social_options":{"image_generator_settings":{"template":"highway","default_image_id":0,"font":"","enabled":false},"version":2}},"categories":[6],"tags":[],"class_list":["post-78064","post","type-post","status-publish","format-standard","has-post-thumbnail","hentry","category-esportes"],"acf":[],"jetpack_publicize_connections":[],"jetpack_featured_media_url":"https:\/\/i0.wp.com\/blogdoeloiltoncajuhy.com.br\/site\/wp-content\/uploads\/2023\/12\/Capoeirista-Bonfim.png?fit=478%2C418&ssl=1","jetpack_sharing_enabled":true,"publishpress_future_workflow_manual_trigger":{"enabledWorkflows":[]},"_links":{"self":[{"href":"https:\/\/blogdoeloiltoncajuhy.com.br\/site\/wp-json\/wp\/v2\/posts\/78064","targetHints":{"allow":["GET"]}}],"collection":[{"href":"https:\/\/blogdoeloiltoncajuhy.com.br\/site\/wp-json\/wp\/v2\/posts"}],"about":[{"href":"https:\/\/blogdoeloiltoncajuhy.com.br\/site\/wp-json\/wp\/v2\/types\/post"}],"author":[{"embeddable":true,"href":"https:\/\/blogdoeloiltoncajuhy.com.br\/site\/wp-json\/wp\/v2\/users\/2"}],"replies":[{"embeddable":true,"href":"https:\/\/blogdoeloiltoncajuhy.com.br\/site\/wp-json\/wp\/v2\/comments?post=78064"}],"version-history":[{"count":1,"href":"https:\/\/blogdoeloiltoncajuhy.com.br\/site\/wp-json\/wp\/v2\/posts\/78064\/revisions"}],"predecessor-version":[{"id":78066,"href":"https:\/\/blogdoeloiltoncajuhy.com.br\/site\/wp-json\/wp\/v2\/posts\/78064\/revisions\/78066"}],"wp:featuredmedia":[{"embeddable":true,"href":"https:\/\/blogdoeloiltoncajuhy.com.br\/site\/wp-json\/wp\/v2\/media\/78065"}],"wp:attachment":[{"href":"https:\/\/blogdoeloiltoncajuhy.com.br\/site\/wp-json\/wp\/v2\/media?parent=78064"}],"wp:term":[{"taxonomy":"category","embeddable":true,"href":"https:\/\/blogdoeloiltoncajuhy.com.br\/site\/wp-json\/wp\/v2\/categories?post=78064"},{"taxonomy":"post_tag","embeddable":true,"href":"https:\/\/blogdoeloiltoncajuhy.com.br\/site\/wp-json\/wp\/v2\/tags?post=78064"}],"curies":[{"name":"wp","href":"https:\/\/api.w.org\/{rel}","templated":true}]}}