{"id":78056,"date":"2023-12-12T18:06:07","date_gmt":"2023-12-12T21:06:07","guid":{"rendered":"https:\/\/blogdoeloiltoncajuhy.com.br\/site\/?p=78056"},"modified":"2023-12-12T18:06:09","modified_gmt":"2023-12-12T21:06:09","slug":"confira-o-horario-de-funcionamento-do-comercio-de-senhor-do-bonfim-no-periodo-natalino","status":"publish","type":"post","link":"https:\/\/blogdoeloiltoncajuhy.com.br\/site\/confira-o-horario-de-funcionamento-do-comercio-de-senhor-do-bonfim-no-periodo-natalino\/","title":{"rendered":"Confira o hor\u00e1rio de funcionamento do com\u00e9rcio de Senhor do Bonfim no per\u00edodo natalino"},"content":{"rendered":"\n<p><strong>Blog do Eloilton Cajuhy<\/strong><\/p>\n\n\n\n<figure class=\"wp-block-image aligncenter size-full\"><a href=\"https:\/\/i0.wp.com\/blogdoeloiltoncajuhy.com.br\/site\/wp-content\/uploads\/2022\/06\/Bonfim_Calcadao-Bonfim-Digital-28032022.png\"><img data-recalc-dims=\"1\" fetchpriority=\"high\" decoding=\"async\" width=\"487\" height=\"560\" src=\"https:\/\/i0.wp.com\/blogdoeloiltoncajuhy.com.br\/site\/wp-content\/uploads\/2022\/06\/Bonfim_Calcadao-Bonfim-Digital-28032022.png?resize=487%2C560\" alt=\"\" class=\"wp-image-65836\" srcset=\"https:\/\/i0.wp.com\/blogdoeloiltoncajuhy.com.br\/site\/wp-content\/uploads\/2022\/06\/Bonfim_Calcadao-Bonfim-Digital-28032022.png?w=487&amp;ssl=1 487w, https:\/\/i0.wp.com\/blogdoeloiltoncajuhy.com.br\/site\/wp-content\/uploads\/2022\/06\/Bonfim_Calcadao-Bonfim-Digital-28032022.png?resize=261%2C300&amp;ssl=1 261w\" sizes=\"(max-width: 487px) 100vw, 487px\" \/><\/a><figcaption class=\"wp-element-caption\"><sub>Cal\u00e7ad\u00e3o da Joviniano Duarte &#8211; Foto: Bonfim Digital<\/sub><\/figcaption><\/figure>\n\n\n\n<p>O Sindicato do Com\u00e9rcio (Sindicom) e o Sindicato dos Comerci\u00e1rios, de Senhor do Bonfim, est\u00e3o divulgando nota conjunta para informar como ser\u00e1 o funcionamento do com\u00e9rcio durante os festejos do Natal.<\/p>\n\n\n\n<p>Conforme termo aditivo \u00e0 Conven\u00e7\u00e3o Coletiva de Trabalho 2023\/2024, no dia 22 de dezembro (sexta-feira), o com\u00e9rcio funcionar\u00e1 das 08h \u00e0s 19h, com 2h de intervalo para o almo\u00e7o. J\u00e1 no dia 23 de dezembro (s\u00e1bado) o funcionamento ser\u00e1 das 08h \u00e0s 17h, com 1h de intervalo para o almo\u00e7o. No domingo, dia 24, v\u00e9spera de Natal, o com\u00e9rcio vai funcionar da seguinte forma: das 08h \u00e0s 13h, os supermercados, e das 15h \u00e0s 20h, os demais seguimentos comerciais abrangidos pela conven\u00e7\u00e3o.<\/p>\n","protected":false},"excerpt":{"rendered":"<p>Blog do Eloilton Cajuhy O Sindicato do Com\u00e9rcio (Sindicom) e o Sindicato dos Comerci\u00e1rios, de Senhor do Bonfim, est\u00e3o divulgando nota conjunta para informar como ser\u00e1 o funcionamento do com\u00e9rcio durante os festejos do Natal. Conforme termo aditivo \u00e0 Conven\u00e7\u00e3o Coletiva de Trabalho 2023\/2024, no dia 22 de dezembro (sexta-feira), o com\u00e9rcio funcionar\u00e1 das 08h [&hellip;]<\/p>\n","protected":false},"author":2,"featured_media":65836,"comment_status":"open","ping_status":"open","sticky":false,"template":"","format":"standard","meta":{"_acf_changed":false,"_monsterinsights_skip_tracking":false,"_monsterinsights_sitenote_active":false,"_monsterinsights_sitenote_note":"","_monsterinsights_sitenote_category":0,"_jetpack_memberships_contains_paid_content":false,"footnotes":"","jetpack_publicize_message":"","jetpack_publicize_feature_enabled":true,"jetpack_social_post_already_shared":true,"jetpack_social_options":{"image_generator_settings":{"template":"highway","default_image_id":0,"font":"","enabled":false},"version":2}},"categories":[4],"tags":[],"class_list":["post-78056","post","type-post","status-publish","format-standard","has-post-thumbnail","hentry","category-local"],"acf":[],"jetpack_publicize_connections":[],"jetpack_featured_media_url":"https:\/\/i0.wp.com\/blogdoeloiltoncajuhy.com.br\/site\/wp-content\/uploads\/2022\/06\/Bonfim_Calcadao-Bonfim-Digital-28032022.png?fit=487%2C560&ssl=1","jetpack_sharing_enabled":true,"publishpress_future_workflow_manual_trigger":{"enabledWorkflows":[]},"_links":{"self":[{"href":"https:\/\/blogdoeloiltoncajuhy.com.br\/site\/wp-json\/wp\/v2\/posts\/78056","targetHints":{"allow":["GET"]}}],"collection":[{"href":"https:\/\/blogdoeloiltoncajuhy.com.br\/site\/wp-json\/wp\/v2\/posts"}],"about":[{"href":"https:\/\/blogdoeloiltoncajuhy.com.br\/site\/wp-json\/wp\/v2\/types\/post"}],"author":[{"embeddable":true,"href":"https:\/\/blogdoeloiltoncajuhy.com.br\/site\/wp-json\/wp\/v2\/users\/2"}],"replies":[{"embeddable":true,"href":"https:\/\/blogdoeloiltoncajuhy.com.br\/site\/wp-json\/wp\/v2\/comments?post=78056"}],"version-history":[{"count":1,"href":"https:\/\/blogdoeloiltoncajuhy.com.br\/site\/wp-json\/wp\/v2\/posts\/78056\/revisions"}],"predecessor-version":[{"id":78057,"href":"https:\/\/blogdoeloiltoncajuhy.com.br\/site\/wp-json\/wp\/v2\/posts\/78056\/revisions\/78057"}],"wp:featuredmedia":[{"embeddable":true,"href":"https:\/\/blogdoeloiltoncajuhy.com.br\/site\/wp-json\/wp\/v2\/media\/65836"}],"wp:attachment":[{"href":"https:\/\/blogdoeloiltoncajuhy.com.br\/site\/wp-json\/wp\/v2\/media?parent=78056"}],"wp:term":[{"taxonomy":"category","embeddable":true,"href":"https:\/\/blogdoeloiltoncajuhy.com.br\/site\/wp-json\/wp\/v2\/categories?post=78056"},{"taxonomy":"post_tag","embeddable":true,"href":"https:\/\/blogdoeloiltoncajuhy.com.br\/site\/wp-json\/wp\/v2\/tags?post=78056"}],"curies":[{"name":"wp","href":"https:\/\/api.w.org\/{rel}","templated":true}]}}