{"id":78049,"date":"2023-12-12T17:28:01","date_gmt":"2023-12-12T20:28:01","guid":{"rendered":"https:\/\/blogdoeloiltoncajuhy.com.br\/site\/?p=78049"},"modified":"2023-12-12T17:28:03","modified_gmt":"2023-12-12T20:28:03","slug":"governo-lula-destina-r-1-bilhao-para-acoes-a-populacao-em-situacao-de-rua","status":"publish","type":"post","link":"https:\/\/blogdoeloiltoncajuhy.com.br\/site\/governo-lula-destina-r-1-bilhao-para-acoes-a-populacao-em-situacao-de-rua\/","title":{"rendered":"Governo Lula destina R$ 1 bilh\u00e3o para a\u00e7\u00f5es \u00e0 popula\u00e7\u00e3o em situa\u00e7\u00e3o de rua"},"content":{"rendered":"\n<p class=\"has-medium-font-size\"><strong>Assist\u00eancia social e seguran\u00e7a alimentar ter\u00e3o R$ 575 milh\u00f5es em verba.<\/strong><\/p>\n\n\n\n<p><strong>Ag\u00eancia Brasil<\/strong><\/p>\n\n\n\n<figure class=\"wp-block-image aligncenter size-full is-resized\"><a href=\"https:\/\/i0.wp.com\/blogdoeloiltoncajuhy.com.br\/site\/wp-content\/uploads\/2023\/12\/GOVFED_Programa-Ruas-Invisiveis_Jose-Cruz_Agencia-Brasil.jpeg?ssl=1\"><img data-recalc-dims=\"1\" fetchpriority=\"high\" decoding=\"async\" width=\"800\" height=\"480\" src=\"https:\/\/i0.wp.com\/blogdoeloiltoncajuhy.com.br\/site\/wp-content\/uploads\/2023\/12\/GOVFED_Programa-Ruas-Invisiveis_Jose-Cruz_Agencia-Brasil.jpeg?resize=800%2C480&#038;ssl=1\" alt=\"\" class=\"wp-image-78050\" style=\"width:761px;height:auto\" srcset=\"https:\/\/i0.wp.com\/blogdoeloiltoncajuhy.com.br\/site\/wp-content\/uploads\/2023\/12\/GOVFED_Programa-Ruas-Invisiveis_Jose-Cruz_Agencia-Brasil.jpeg?w=984&amp;ssl=1 984w, https:\/\/i0.wp.com\/blogdoeloiltoncajuhy.com.br\/site\/wp-content\/uploads\/2023\/12\/GOVFED_Programa-Ruas-Invisiveis_Jose-Cruz_Agencia-Brasil.jpeg?resize=300%2C180&amp;ssl=1 300w, https:\/\/i0.wp.com\/blogdoeloiltoncajuhy.com.br\/site\/wp-content\/uploads\/2023\/12\/GOVFED_Programa-Ruas-Invisiveis_Jose-Cruz_Agencia-Brasil.jpeg?resize=768%2C460&amp;ssl=1 768w\" sizes=\"(max-width: 800px) 100vw, 800px\" \/><\/a><\/figure>\n\n\n\n<p>O presidente Luiz In\u00e1cio Lula da Silva lan\u00e7ou, nesta segunda-feira (11), o Plano Ruas Vis\u00edveis &#8211; Pelo Direito ao Futuro da Popula\u00e7\u00e3o em Situa\u00e7\u00e3o de Rua. A medida promove a efetiva\u00e7\u00e3o da Pol\u00edtica Nacional para a Popula\u00e7\u00e3o em Situa\u00e7\u00e3o de Rua e tem investimento inicial de R$ 982 milh\u00f5es.<\/p>\n\n\n\n<p>Em cerim\u00f4nia no Pal\u00e1cio do Planalto, Lula destacou a necessidade de iniciativas governamentais para apoio a essa popula\u00e7\u00e3o e para dar visibilidade sobre seus direitos.<\/p>\n\n\n\n<blockquote class=\"wp-block-quote is-layout-flow wp-block-quote-is-layout-flow\">\n<p class=\"has-medium-font-size\"><strong><mark style=\"background-color:rgba(0, 0, 0, 0)\" class=\"has-inline-color has-black-color\">\u201cN\u00f3s sabemos que, muitas vezes, o Estado n\u00e3o cuida dessas pessoas, muitas vezes a sociedade n\u00e3o se importa com essas pessoas e muitas vezes passamos por elas e viramos o rosto para n\u00e3o enxergar esta que \u00e9 a realidade do descaso pol\u00edtico, econ\u00f4mico e social desse pa\u00eds. Se essas pessoas existem, tem culpa, e a culpa n\u00e3o pode ser outra se n\u00e3o do Estado\u201d.<\/mark><\/strong><\/p>\n<\/blockquote>\n\n\n\n<p>Para o presidente, a popula\u00e7\u00e3o deve estar comprometida em eleger governantes preocupados tamb\u00e9m com as quest\u00f5es sociais. \u201cQuando \u00e9 que a gente vai convencer a humanidade que n\u00f3s nascemos pra viver em comunidade, n\u00f3s n\u00e3o nascemos para viver individualmente, cada um vivendo do jeito que pode. A Constitui\u00e7\u00e3o diz que todos t\u00eam direitos elementares, est\u00e1 l\u00e1 no fundamento do artigo que cuida da quest\u00e3o social; a Declara\u00e7\u00e3o dos Direitos Humanos diz, e por que a gente n\u00e3o consegue fazer? A gente n\u00e3o consegue fazer porque essa conquista que n\u00f3s estamos tendo aqui hoje est\u00e1 ligada a uma palavra chamada democracia, est\u00e1 ligada a uma palavra chamada compromisso\u201d, destacou.<\/p>\n\n\n\n<p>O lan\u00e7amento ocorre em meio \u00e0s celebra\u00e7\u00f5es dos 75 anos da Declara\u00e7\u00e3o Universal dos Direitos Humanos, completados no domingo (10), e atende a determina\u00e7\u00e3o do Supremo Tribunal Federal (STF). O governo ressaltou que as a\u00e7\u00f5es para a popula\u00e7\u00e3o em situa\u00e7\u00e3o de rua integram as prioridades do Minist\u00e9rio dos Direitos Humanos e da Cidadania desde o in\u00edcio da gest\u00e3o, antes mesmo de decis\u00e3o do ministro do STF, Alexandre de Moraes, em agosto deste ano, no \u00e2mbito da Argui\u00e7\u00e3o de Descumprimento de Preceito Fundamental (ADPF) 976. A ADPF foi iniciada no ano passado questionando a efetiva implementa\u00e7\u00e3o da pol\u00edtica nacional, institu\u00edda em 2009.<\/p>\n\n\n\n<p>O Plano Ruas Vis\u00edveis contempla 99 a\u00e7\u00f5es que ser\u00e3o desenvolvidas a partir de sete eixos: assist\u00eancia social e seguran\u00e7a alimentar; sa\u00fade; viol\u00eancia institucional; cidadania, educa\u00e7\u00e3o e cultura; habita\u00e7\u00e3o; trabalho e renda; e produ\u00e7\u00e3o e gest\u00e3o de dados. A articula\u00e7\u00e3o envolve 11 minist\u00e9rios, em parceria com governos estaduais e municipais e em di\u00e1logo com os movimentos sociais e outros \u00f3rg\u00e3o e inst\u00e2ncias representativas.<\/p>\n\n\n\n<p>Confira a \u00edntegra do <a href=\"https:\/\/www.gov.br\/mdh\/pt-br\/assuntos\/noticias\/2023\/dezembro\/governo-federal-lanca-201cplano-ruas-visiveis-pelo-direito-ao-futuro-da-populacao-em-situacao-de-rua201d-com-investimento-de-cerca-de-r-1-bilhao\/copy2_of_V3_plano_acoes_populacao_de_rua1.pdf\" data-type=\"link\" data-id=\"https:\/\/www.gov.br\/mdh\/pt-br\/assuntos\/noticias\/2023\/dezembro\/governo-federal-lanca-201cplano-ruas-visiveis-pelo-direito-ao-futuro-da-populacao-em-situacao-de-rua201d-com-investimento-de-cerca-de-r-1-bilhao\/copy2_of_V3_plano_acoes_populacao_de_rua1.pdf\"><strong><mark style=\"background-color:rgba(0, 0, 0, 0)\" class=\"has-inline-color has-vivid-cyan-blue-color\">Plano Ruas Vis\u00edveis<\/mark><\/strong><\/a>.<\/p>\n\n\n\n<p>Segundo o ministro dos Direitos Humanos e da Cidadania, Silvio Almeida, mais de 221 mil pessoas vivem em situa\u00e7\u00e3o de rua no pa\u00eds. \u201cS\u00e3o pessoas, inclusive crian\u00e7as, que vivem na pobreza extrema, submetidas a intensa vulnerabilidade, expostas a todo tipo de viol\u00eancia\u201d, disse, explicando que o Plano Ruas Vis\u00edveis demonstra o compromisso do governo federal em transformar as promessas que est\u00e3o na Declara\u00e7\u00e3o Universal dos Direitos Humanos em realidade.<\/p>\n","protected":false},"excerpt":{"rendered":"<p>Assist\u00eancia social e seguran\u00e7a alimentar ter\u00e3o R$ 575 milh\u00f5es em verba. Ag\u00eancia Brasil O presidente Luiz In\u00e1cio Lula da Silva lan\u00e7ou, nesta segunda-feira (11), o Plano Ruas Vis\u00edveis &#8211; Pelo Direito ao Futuro da Popula\u00e7\u00e3o em Situa\u00e7\u00e3o de Rua. A medida promove a efetiva\u00e7\u00e3o da Pol\u00edtica Nacional para a Popula\u00e7\u00e3o em Situa\u00e7\u00e3o de Rua e [&hellip;]<\/p>\n","protected":false},"author":2,"featured_media":78050,"comment_status":"open","ping_status":"open","sticky":false,"template":"","format":"standard","meta":{"_acf_changed":false,"_monsterinsights_skip_tracking":false,"_monsterinsights_sitenote_active":false,"_monsterinsights_sitenote_note":"","_monsterinsights_sitenote_category":0,"_jetpack_memberships_contains_paid_content":false,"footnotes":"","jetpack_publicize_message":"","jetpack_publicize_feature_enabled":true,"jetpack_social_post_already_shared":true,"jetpack_social_options":{"image_generator_settings":{"template":"highway","default_image_id":0,"font":"","enabled":false},"version":2}},"categories":[3],"tags":[],"class_list":["post-78049","post","type-post","status-publish","format-standard","has-post-thumbnail","hentry","category-politica"],"acf":[],"jetpack_publicize_connections":[],"jetpack_featured_media_url":"https:\/\/i0.wp.com\/blogdoeloiltoncajuhy.com.br\/site\/wp-content\/uploads\/2023\/12\/GOVFED_Programa-Ruas-Invisiveis_Jose-Cruz_Agencia-Brasil.jpeg?fit=984%2C590&ssl=1","jetpack_sharing_enabled":true,"publishpress_future_workflow_manual_trigger":{"enabledWorkflows":[]},"_links":{"self":[{"href":"https:\/\/blogdoeloiltoncajuhy.com.br\/site\/wp-json\/wp\/v2\/posts\/78049","targetHints":{"allow":["GET"]}}],"collection":[{"href":"https:\/\/blogdoeloiltoncajuhy.com.br\/site\/wp-json\/wp\/v2\/posts"}],"about":[{"href":"https:\/\/blogdoeloiltoncajuhy.com.br\/site\/wp-json\/wp\/v2\/types\/post"}],"author":[{"embeddable":true,"href":"https:\/\/blogdoeloiltoncajuhy.com.br\/site\/wp-json\/wp\/v2\/users\/2"}],"replies":[{"embeddable":true,"href":"https:\/\/blogdoeloiltoncajuhy.com.br\/site\/wp-json\/wp\/v2\/comments?post=78049"}],"version-history":[{"count":1,"href":"https:\/\/blogdoeloiltoncajuhy.com.br\/site\/wp-json\/wp\/v2\/posts\/78049\/revisions"}],"predecessor-version":[{"id":78051,"href":"https:\/\/blogdoeloiltoncajuhy.com.br\/site\/wp-json\/wp\/v2\/posts\/78049\/revisions\/78051"}],"wp:featuredmedia":[{"embeddable":true,"href":"https:\/\/blogdoeloiltoncajuhy.com.br\/site\/wp-json\/wp\/v2\/media\/78050"}],"wp:attachment":[{"href":"https:\/\/blogdoeloiltoncajuhy.com.br\/site\/wp-json\/wp\/v2\/media?parent=78049"}],"wp:term":[{"taxonomy":"category","embeddable":true,"href":"https:\/\/blogdoeloiltoncajuhy.com.br\/site\/wp-json\/wp\/v2\/categories?post=78049"},{"taxonomy":"post_tag","embeddable":true,"href":"https:\/\/blogdoeloiltoncajuhy.com.br\/site\/wp-json\/wp\/v2\/tags?post=78049"}],"curies":[{"name":"wp","href":"https:\/\/api.w.org\/{rel}","templated":true}]}}